{"id":1232,"date":"2008-12-14T19:58:39","date_gmt":"2008-12-14T19:58:39","guid":{"rendered":"http:\/\/xn--lne-ula.priv.no\/?p=1232"},"modified":"2018-09-09T23:10:17","modified_gmt":"2018-09-09T21:10:17","slug":"eu-utsendinger-og-politikere-fra-de-nasjonale-parlamentene-debatterer-lisboastrategien","status":"publish","type":"post","link":"https:\/\/www.webforumet.no\/finans\/eu-utsendinger-og-politikere-fra-de-nasjonale-parlamentene-debatterer-lisboastrategien\/","title":{"rendered":"EU-utsendinger og politikere fra de nasjonale parlamentene debatterer Lisboastrategien"},"content":{"rendered":"<p>Hvordan skal EU bli verdensmester i vekst og b\u00e6redyktighet og skape flere jobber innen 2010?<br \/>\nDen 5. og 6. februar 2007 var Lisboastrategien til debatt mellom EU-utsendinger og politikere fra de nasjonale parlamentene under en interparlamentarisk konferanse i Brussel.<br \/>\nI mars 2000, p\u00e5 toppm\u00f8tet i Lisboa ble de Europeiske f\u00e6lt enige om en ambisi\u00f8s plan, som skulle gj\u00f8re EU til den mest &laquo;konkurransedyktige og dynamiske kunnskapsbaserte \u00f8konomien i verdenen i \u00e5r 2010&raquo;.<br \/>\nStrategien, som fikk navn etter den portugisiske hovedstaden setter fokus p\u00e5 utdannelse, bedre jobber, modernisering av sosial velferd og sosial samh\u00f8righet.<br \/>\nDe mer enn 150 politikere og representanter for de europeiske institusjonene var delt opp forskjellige arbeidsgrupper for \u00e5 komme bedre rundt om problematikkene.<br \/>\nM\u00f8tet er det tredje av sin art &#8211; de to andre var i 2004 og 2005.<br \/>\nTirsdag formiddag ble resultatene fra gruppene lagt fram og det var debatt med formannen for EU-kommisjonen Jos\u00e9 Manuel Barroso og den tyske statsr\u00e5den Thomas de Maizere.<br \/>\nArbeidsgruppen om b\u00e6redyktig energi If\u00f8lge J\u00fcrgen Trittin (Tysk bundestag) som la fram gruppens resultat, hadde det v\u00e6rt bred enighet blant deltakerne p\u00e5 en rekke omr\u00e5der.<br \/>\nDe mange parlamentarikerne var if\u00f8lge Trittin enige om at energieffektivitet og konstant energi spilte en viktig rolle i forhold til \u00e5 sette gang konkurranse i de europeiske \u00f8konomiene og i forhold til \u00e5 im\u00f8tekomme Lisboastrategiens m\u00e5l.<br \/>\nGruppen var ogs\u00e5 enige om at man skulle \u00f8ke bruken av konstant energi, s\u00e5 det i 2020 skulle v\u00e6re oppe p\u00e5 20 prosent, selv om Trittin likevel noterte seg at det ikke var kommet s\u00e5 mange konkrete forslag til hvordan det skulle gj\u00f8res.<br \/>\nDet hadde ikke v\u00e6rt mulig \u00e5 n\u00e5 til enighet om sp\u00f8rsm\u00e5let om atomenergi, da mange medlemsland har vid forskjellige holdninger.<br \/>\nFinland er f.eks. ved \u00e5 bygge anlegg, mens Tyskland er ved \u00e5 avvikle dem.<br \/>\nDen gjennomg\u00e5ende holdningen i gruppen var likevel, at det skulle v\u00e6re opp til medlemslandene \u00e5 bestemme om de ville benytte atomenergi.<br \/>\nArbeidsgruppen om Indre Marked og Innovasjon Medlem av Europaparlamentet Malcom Harbo-klokke (Epp-Ed, UK) la p\u00e5 vegne av sin gruppe vekt p\u00e5 at EU har behov for \u00e5 beskytte de fire frihetene i det indre markedet (den fri bevegeligheten for borgere, varer, tjenesteytelser og kapital) mot medlemslandenes proteksjonisme.<br \/>\nDet er likevel stadig behov for reformer &#8211; f.eks. i banksektoren og innenfor telekommunikasjon.<br \/>\nHan bakket opp om forslaget om \u00e5 gj\u00f8re det lettere for sm\u00e5 og mellomstore virksomheter \u00e5 handle over grensene ved \u00e5 redusere sine administrative byrder med 25 %.<br \/>\nI forhold til innovasjon hadde gruppen v\u00e6rt enige om at forskning og utviklingspolitikker skulle ha en st\u00f8rre prioritet i medlemslandene.<br \/>\nHabour understreket at de nasjonale politikerne ofte hadde det vanskelig, n\u00e5r de skulle overbevise den brede befolkningen om fordelene ved det indre markedet.<br \/>\n&laquo;Vi er n\u00f8dt til \u00e5 forklare v\u00e5re borgere at det indre markedet er v\u00e5re svar p\u00e5 globaliseringen&raquo;, sa han.<br \/>\nArbeidsgruppen om Menneskelig kapital &#8211; Utdannelse, jobbskapelse og sosiale aspekter Maria Manuel Oliviera (Assembleia da Republica, Portugal) sa at det i hennes gruppe hadde v\u00e6rt enighet om at den beste veien fram er \u00e5 skape den rette balansen mellom sysselsetting, konkurransedyktighet og sosial sammenh\u00f8righed.<br \/>\nI forhold til utdannelse og skapelse av flere jobber, understreket hun viktigheten i \u00e5 sikre prinsippet om like muligheter til alle.<br \/>\nDet skulle s\u00e6rlig v\u00e6re oppmerksomhet p\u00e5 kvinner, handikappede samt eldre og yngre l\u00f8nnstakerer, som hadde det vanskelig p\u00e5 arbeidsmarkedet.<br \/>\nEt andre emne var overholdelsen av l\u00f8nnstakerene sosiale rettigheter.<br \/>\nGruppen var ogs\u00e5 her enige om en avbalansert tilgang.<br \/>\nEt fleksibelt arbeidsmarked skulle v\u00e6re fulgt av opp tilsvarende beskyttelse av de sosiale rettighetene.<br \/>\nGruppen mente at EU skulle definere minimumsstandarder for beskyttelse av l\u00f8nnstakerene til oppf\u00f8lging i alle medlemsstatene.<br \/>\nFelles debatt med Barroso og De Maiz\u00e8re Jos\u00e9 Manuel Barroso, formann for Europa-kommisjonen tala tirsdag morgen ogs\u00e5 om behovet for \u00e5 finne en balanse mellom konkurransedyktigheten og de sosiale rettighetene.<br \/>\nHan sa at det er mulig \u00e5 ha et fleksibelt og &laquo;virksomhetsvennlig&raquo; Europa med h\u00f8y sosiale standarder.<br \/>\nFor \u00e5 n\u00e5 dette m\u00e5let, sa Barroso at det var n\u00f8dvendig \u00e5 innf\u00f8re sosiale sikkerhetsnett.<br \/>\n&laquo;Vi skal ikke beskytte jobber, som ikke kan greie konkurransen, men vi skal beskytte menneskene&raquo;, sa han.<br \/>\nBarroso sa ogs\u00e5 at Europa \u00f8yeblikk opplevde en periode med vekst og skapelsen av flere jobber.<br \/>\n\u00d8konomien i EU vokser med den st\u00f8rste hasten siden 2000 og arbeidsl\u00f8sheten var p\u00e5 sitt laveste niv\u00e5 siden 1998.<br \/>\nFor Barroso var dette ensbetydende med at det er p\u00e5 h\u00f8ye tid \u00e5 sette fart i reformene b\u00e5de p\u00e5 EU-niv\u00e5 og i medlemslandene, s\u00e5 de store forskjellene landene imellom kunne utliknes.<br \/>\nDe nasjonale parlamentene kunne i denne forbindelsen sammen med Europaparlamentet sette gang i en&#8217; parlamentarisk bevegelse&#8217;, som kunne v\u00e6re med til \u00e5 skape disse forandringene, foreslo Barroso.<br \/>\nThomas de Maiz\u00e8re, forbundsstatsr\u00e5d for s\u00e6rlige oppgaver og sjef for forbundskanslerens kontor talte p\u00e5 vegne av det tyske formannskapet av R\u00e5den.<br \/>\nHan sa at Lisboastrategien n\u00e5 var meget mer enn bare et slogan, idet medlemslandene i h\u00f8yere grad hadde forpliktet seg.<br \/>\nMen det handler ikke bare om politikk, pekte p\u00e5 han<br \/>\n&laquo;Vi kan bruke flere penger p\u00e5 forskning og utvikling, men hvis de unge f.eks. ikke vil lese til ingeni\u00f8r, hjelper pengene ikke.<br \/>\nDet handler derfor ogs\u00e5 om \u00e5 endre viss fags image i samfunnet&raquo;.<br \/>\nHan var enig i planene om \u00e5 lette de administrative byrdene for de sm\u00e5 og mellomstore virksomhetene, s\u00e5 det kunne frigj\u00f8res mer tid og penger til \u00e5 skape flere jobber.<br \/>\nDet tyske formannskapet ville if\u00f8lge De Maiz\u00e8re tale med Russland om energisp\u00f8rsm\u00e5let og om behovet for langsiktig forsyningssikkerhet.<br \/>\nDet var ogs\u00e5 viktig \u00e5 benytte EUs felles st\u00e5sted til \u00e5 oppfordre USA til \u00e5 gj\u00f8re mer.<br \/>\nKlimaendringer var ogs\u00e5 ett av de emnene hvor det ville v\u00e6re best \u00e5 unng\u00e5 forskjellige standarder p\u00e5 de to sidene av Atlanterhavet, sa han og nevnte ogs\u00e5 patentlovgivning, innsatsen mot piratkopiering og reguleringer p\u00e5 de finansielle markedene som eksempel.<br \/>\nSamlet kunne EU v\u00e6re sterkere i et takle global oppvarming, sa han og st\u00f8ttet Kommisjonens planer om \u00e5 skj\u00e6re 20 % i utledningene av CO2.<br \/>\nFormannen for Europa-Parlamentet-Hans-Gert-P\u00f6ttere-ing var meget tilfreds med konferansens resultat.<br \/>\n&laquo;For \u00e5 \u00f8ke EUs konkurransedyktighet er vi n\u00f8dt til \u00e5 samarbeide lokalt, regionalt, nasjonalt og p\u00e5 EU-niv\u00e5.<br \/>\nDe nasjonale parlamentene spiller en n\u00f8kkelrolle i denne prosessen, da det er dem, som skal s\u00f8rge for \u00e5 utf\u00f8re de n\u00f8dvendige reformene i medlemsstatene&raquo;, sa han<br \/>\nHan foreslo at et tilsvarende forum av parlamentarikere fra de nasjonale parlamentene og fra Europaparlamentet skulle settes for ned \u00e5 debattere klimaendringer.<br \/>\nSponset av <a href=\"http:\/\/www.webforumet.no\/forum\">Webforum<\/a><\/p>\n","protected":false},"excerpt":{"rendered":"<p>Hvordan skal EU bli verdensmester i vekst og b\u00e6redyktighet og skape flere jobber innen 2010? Den 5. og 6. februar 2007 var Lisboastrategien til debatt mellom EU-utsendinger og politikere fra de nasjonale parlamentene under en interparlamentarisk konferanse i Brussel. I mars 2000, p\u00e5 toppm\u00f8tet i Lisboa ble de Europeiske f\u00e6lt enige om en ambisi\u00f8s plan, [&hellip;]<\/p>\n","protected":false},"author":2,"featured_media":0,"comment_status":"closed","ping_status":"open","sticky":false,"template":"","format":"standard","meta":{"_et_pb_use_builder":"","_et_pb_old_content":"","_et_gb_content_width":"","footnotes":""},"categories":[155],"tags":[208,305,158],"class_list":["post-1232","post","type-post","status-publish","format-standard","hentry","category-eu","tag-208","tag-305","tag-eu"],"yoast_head":"<!-- This site is optimized with the Yoast SEO plugin v28.3 - https:\/\/yoast.com\/product\/yoast-seo-wordpress\/ -->\n<title>EU-utsendinger og politikere fra de nasjonale parlamentene debatterer Lisboastrategien &#187; WF Finans<\/title>\n<meta name=\"robots\" content=\"index, follow, max-snippet:-1, max-image-preview:large, max-video-preview:-1\" \/>\n<link rel=\"canonical\" href=\"https:\/\/www.webforumet.no\/finans\/eu-utsendinger-og-politikere-fra-de-nasjonale-parlamentene-debatterer-lisboastrategien\/\" \/>\n<meta property=\"og:locale\" content=\"nb_NO\" \/>\n<meta property=\"og:type\" content=\"article\" \/>\n<meta property=\"og:title\" content=\"EU-utsendinger og politikere fra de nasjonale parlamentene debatterer Lisboastrategien &#187; WF Finans\" \/>\n<meta property=\"og:description\" content=\"Hvordan skal EU bli verdensmester i vekst og b\u00e6redyktighet og skape flere jobber innen 2010? Den 5. og 6. februar 2007 var Lisboastrategien til debatt mellom EU-utsendinger og politikere fra de nasjonale parlamentene under en interparlamentarisk konferanse i Brussel. I mars 2000, p\u00e5 toppm\u00f8tet i Lisboa ble de Europeiske f\u00e6lt enige om en ambisi\u00f8s plan, [&hellip;]\" \/>\n<meta property=\"og:url\" content=\"https:\/\/www.webforumet.no\/finans\/eu-utsendinger-og-politikere-fra-de-nasjonale-parlamentene-debatterer-lisboastrategien\/\" \/>\n<meta property=\"og:site_name\" content=\"WF Finans\" \/>\n<meta property=\"article:published_time\" content=\"2008-12-14T19:58:39+00:00\" \/>\n<meta property=\"article:modified_time\" content=\"2018-09-09T21:10:17+00:00\" \/>\n<meta name=\"author\" content=\"admin3\" \/>\n<meta name=\"twitter:card\" content=\"summary_large_image\" \/>\n<meta name=\"twitter:label1\" content=\"Skrevet av\" \/>\n\t<meta name=\"twitter:data1\" content=\"admin3\" \/>\n\t<meta name=\"twitter:label2\" content=\"Ansl. lesetid\" \/>\n\t<meta name=\"twitter:data2\" content=\"5 minutter\" \/>\n<script type=\"application\/ld+json\" class=\"yoast-schema-graph\">{\"@context\":\"https:\\\/\\\/schema.org\",\"@graph\":[{\"@type\":\"Article\",\"@id\":\"https:\\\/\\\/www.webforumet.no\\\/finans\\\/eu-utsendinger-og-politikere-fra-de-nasjonale-parlamentene-debatterer-lisboastrategien\\\/#article\",\"isPartOf\":{\"@id\":\"https:\\\/\\\/www.webforumet.no\\\/finans\\\/eu-utsendinger-og-politikere-fra-de-nasjonale-parlamentene-debatterer-lisboastrategien\\\/\"},\"author\":{\"name\":\"admin3\",\"@id\":\"https:\\\/\\\/www.webforumet.no\\\/finans\\\/#\\\/schema\\\/person\\\/772e8a24610a98ede823a0fdd3db11cf\"},\"headline\":\"EU-utsendinger og politikere fra de nasjonale parlamentene debatterer Lisboastrategien\",\"datePublished\":\"2008-12-14T19:58:39+00:00\",\"dateModified\":\"2018-09-09T21:10:17+00:00\",\"mainEntityOfPage\":{\"@id\":\"https:\\\/\\\/www.webforumet.no\\\/finans\\\/eu-utsendinger-og-politikere-fra-de-nasjonale-parlamentene-debatterer-lisboastrategien\\\/\"},\"wordCount\":1098,\"keywords\":[\"2007\",\"2010\",\"EU\"],\"articleSection\":[\"EU\"],\"inLanguage\":\"nb-NO\"},{\"@type\":\"WebPage\",\"@id\":\"https:\\\/\\\/www.webforumet.no\\\/finans\\\/eu-utsendinger-og-politikere-fra-de-nasjonale-parlamentene-debatterer-lisboastrategien\\\/\",\"url\":\"https:\\\/\\\/www.webforumet.no\\\/finans\\\/eu-utsendinger-og-politikere-fra-de-nasjonale-parlamentene-debatterer-lisboastrategien\\\/\",\"name\":\"EU-utsendinger og politikere fra de nasjonale parlamentene debatterer Lisboastrategien &#187; WF Finans\",\"isPartOf\":{\"@id\":\"https:\\\/\\\/www.webforumet.no\\\/finans\\\/#website\"},\"datePublished\":\"2008-12-14T19:58:39+00:00\",\"dateModified\":\"2018-09-09T21:10:17+00:00\",\"author\":{\"@id\":\"https:\\\/\\\/www.webforumet.no\\\/finans\\\/#\\\/schema\\\/person\\\/772e8a24610a98ede823a0fdd3db11cf\"},\"breadcrumb\":{\"@id\":\"https:\\\/\\\/www.webforumet.no\\\/finans\\\/eu-utsendinger-og-politikere-fra-de-nasjonale-parlamentene-debatterer-lisboastrategien\\\/#breadcrumb\"},\"inLanguage\":\"nb-NO\",\"potentialAction\":[{\"@type\":\"ReadAction\",\"target\":[\"https:\\\/\\\/www.webforumet.no\\\/finans\\\/eu-utsendinger-og-politikere-fra-de-nasjonale-parlamentene-debatterer-lisboastrategien\\\/\"]}]},{\"@type\":\"BreadcrumbList\",\"@id\":\"https:\\\/\\\/www.webforumet.no\\\/finans\\\/eu-utsendinger-og-politikere-fra-de-nasjonale-parlamentene-debatterer-lisboastrategien\\\/#breadcrumb\",\"itemListElement\":[{\"@type\":\"ListItem\",\"position\":1,\"name\":\"Hjem\",\"item\":\"https:\\\/\\\/www.webforumet.no\\\/finans\\\/\"},{\"@type\":\"ListItem\",\"position\":2,\"name\":\"EU-utsendinger og politikere fra de nasjonale parlamentene debatterer Lisboastrategien\"}]},{\"@type\":\"WebSite\",\"@id\":\"https:\\\/\\\/www.webforumet.no\\\/finans\\\/#website\",\"url\":\"https:\\\/\\\/www.webforumet.no\\\/finans\\\/\",\"name\":\"WF Finans\",\"description\":\"Finansnyheter\",\"potentialAction\":[{\"@type\":\"SearchAction\",\"target\":{\"@type\":\"EntryPoint\",\"urlTemplate\":\"https:\\\/\\\/www.webforumet.no\\\/finans\\\/?s={search_term_string}\"},\"query-input\":{\"@type\":\"PropertyValueSpecification\",\"valueRequired\":true,\"valueName\":\"search_term_string\"}}],\"inLanguage\":\"nb-NO\"},{\"@type\":\"Person\",\"@id\":\"https:\\\/\\\/www.webforumet.no\\\/finans\\\/#\\\/schema\\\/person\\\/772e8a24610a98ede823a0fdd3db11cf\",\"name\":\"admin3\",\"url\":\"https:\\\/\\\/www.webforumet.no\\\/finans\\\/author\\\/admin3\\\/\"}]}<\/script>\n<!-- \/ Yoast SEO plugin. -->","yoast_head_json":{"title":"EU-utsendinger og politikere fra de nasjonale parlamentene debatterer Lisboastrategien &#187; WF Finans","robots":{"index":"index","follow":"follow","max-snippet":"max-snippet:-1","max-image-preview":"max-image-preview:large","max-video-preview":"max-video-preview:-1"},"canonical":"https:\/\/www.webforumet.no\/finans\/eu-utsendinger-og-politikere-fra-de-nasjonale-parlamentene-debatterer-lisboastrategien\/","og_locale":"nb_NO","og_type":"article","og_title":"EU-utsendinger og politikere fra de nasjonale parlamentene debatterer Lisboastrategien &#187; WF Finans","og_description":"Hvordan skal EU bli verdensmester i vekst og b\u00e6redyktighet og skape flere jobber innen 2010? Den 5. og 6. februar 2007 var Lisboastrategien til debatt mellom EU-utsendinger og politikere fra de nasjonale parlamentene under en interparlamentarisk konferanse i Brussel. I mars 2000, p\u00e5 toppm\u00f8tet i Lisboa ble de Europeiske f\u00e6lt enige om en ambisi\u00f8s plan, [&hellip;]","og_url":"https:\/\/www.webforumet.no\/finans\/eu-utsendinger-og-politikere-fra-de-nasjonale-parlamentene-debatterer-lisboastrategien\/","og_site_name":"WF Finans","article_published_time":"2008-12-14T19:58:39+00:00","article_modified_time":"2018-09-09T21:10:17+00:00","author":"admin3","twitter_card":"summary_large_image","twitter_misc":{"Skrevet av":"admin3","Ansl. lesetid":"5 minutter"},"schema":{"@context":"https:\/\/schema.org","@graph":[{"@type":"Article","@id":"https:\/\/www.webforumet.no\/finans\/eu-utsendinger-og-politikere-fra-de-nasjonale-parlamentene-debatterer-lisboastrategien\/#article","isPartOf":{"@id":"https:\/\/www.webforumet.no\/finans\/eu-utsendinger-og-politikere-fra-de-nasjonale-parlamentene-debatterer-lisboastrategien\/"},"author":{"name":"admin3","@id":"https:\/\/www.webforumet.no\/finans\/#\/schema\/person\/772e8a24610a98ede823a0fdd3db11cf"},"headline":"EU-utsendinger og politikere fra de nasjonale parlamentene debatterer Lisboastrategien","datePublished":"2008-12-14T19:58:39+00:00","dateModified":"2018-09-09T21:10:17+00:00","mainEntityOfPage":{"@id":"https:\/\/www.webforumet.no\/finans\/eu-utsendinger-og-politikere-fra-de-nasjonale-parlamentene-debatterer-lisboastrategien\/"},"wordCount":1098,"keywords":["2007","2010","EU"],"articleSection":["EU"],"inLanguage":"nb-NO"},{"@type":"WebPage","@id":"https:\/\/www.webforumet.no\/finans\/eu-utsendinger-og-politikere-fra-de-nasjonale-parlamentene-debatterer-lisboastrategien\/","url":"https:\/\/www.webforumet.no\/finans\/eu-utsendinger-og-politikere-fra-de-nasjonale-parlamentene-debatterer-lisboastrategien\/","name":"EU-utsendinger og politikere fra de nasjonale parlamentene debatterer Lisboastrategien &#187; WF Finans","isPartOf":{"@id":"https:\/\/www.webforumet.no\/finans\/#website"},"datePublished":"2008-12-14T19:58:39+00:00","dateModified":"2018-09-09T21:10:17+00:00","author":{"@id":"https:\/\/www.webforumet.no\/finans\/#\/schema\/person\/772e8a24610a98ede823a0fdd3db11cf"},"breadcrumb":{"@id":"https:\/\/www.webforumet.no\/finans\/eu-utsendinger-og-politikere-fra-de-nasjonale-parlamentene-debatterer-lisboastrategien\/#breadcrumb"},"inLanguage":"nb-NO","potentialAction":[{"@type":"ReadAction","target":["https:\/\/www.webforumet.no\/finans\/eu-utsendinger-og-politikere-fra-de-nasjonale-parlamentene-debatterer-lisboastrategien\/"]}]},{"@type":"BreadcrumbList","@id":"https:\/\/www.webforumet.no\/finans\/eu-utsendinger-og-politikere-fra-de-nasjonale-parlamentene-debatterer-lisboastrategien\/#breadcrumb","itemListElement":[{"@type":"ListItem","position":1,"name":"Hjem","item":"https:\/\/www.webforumet.no\/finans\/"},{"@type":"ListItem","position":2,"name":"EU-utsendinger og politikere fra de nasjonale parlamentene debatterer Lisboastrategien"}]},{"@type":"WebSite","@id":"https:\/\/www.webforumet.no\/finans\/#website","url":"https:\/\/www.webforumet.no\/finans\/","name":"WF Finans","description":"Finansnyheter","potentialAction":[{"@type":"SearchAction","target":{"@type":"EntryPoint","urlTemplate":"https:\/\/www.webforumet.no\/finans\/?s={search_term_string}"},"query-input":{"@type":"PropertyValueSpecification","valueRequired":true,"valueName":"search_term_string"}}],"inLanguage":"nb-NO"},{"@type":"Person","@id":"https:\/\/www.webforumet.no\/finans\/#\/schema\/person\/772e8a24610a98ede823a0fdd3db11cf","name":"admin3","url":"https:\/\/www.webforumet.no\/finans\/author\/admin3\/"}]}},"_links":{"self":[{"href":"https:\/\/www.webforumet.no\/finans\/wp-json\/wp\/v2\/posts\/1232","targetHints":{"allow":["GET"]}}],"collection":[{"href":"https:\/\/www.webforumet.no\/finans\/wp-json\/wp\/v2\/posts"}],"about":[{"href":"https:\/\/www.webforumet.no\/finans\/wp-json\/wp\/v2\/types\/post"}],"author":[{"embeddable":true,"href":"https:\/\/www.webforumet.no\/finans\/wp-json\/wp\/v2\/users\/2"}],"replies":[{"embeddable":true,"href":"https:\/\/www.webforumet.no\/finans\/wp-json\/wp\/v2\/comments?post=1232"}],"version-history":[{"count":1,"href":"https:\/\/www.webforumet.no\/finans\/wp-json\/wp\/v2\/posts\/1232\/revisions"}],"predecessor-version":[{"id":13007,"href":"https:\/\/www.webforumet.no\/finans\/wp-json\/wp\/v2\/posts\/1232\/revisions\/13007"}],"wp:attachment":[{"href":"https:\/\/www.webforumet.no\/finans\/wp-json\/wp\/v2\/media?parent=1232"}],"wp:term":[{"taxonomy":"category","embeddable":true,"href":"https:\/\/www.webforumet.no\/finans\/wp-json\/wp\/v2\/categories?post=1232"},{"taxonomy":"post_tag","embeddable":true,"href":"https:\/\/www.webforumet.no\/finans\/wp-json\/wp\/v2\/tags?post=1232"}],"curies":[{"name":"wp","href":"https:\/\/api.w.org\/{rel}","templated":true}]}}