{"id":2919,"date":"2009-02-17T09:03:56","date_gmt":"2009-02-17T09:03:56","guid":{"rendered":"http:\/\/xn--lne-ula.priv.no\/?p=2919"},"modified":"2018-09-09T23:10:11","modified_gmt":"2018-09-09T21:10:11","slug":"oecd-%c3%b8konomier-i-kne","status":"publish","type":"post","link":"https:\/\/www.webforumet.no\/finans\/oecd-%c3%b8konomier-i-kne\/","title":{"rendered":"OECD-\u00f8konomier i kne"},"content":{"rendered":"<p>25. november 2008 11.46<br \/>\nDe 30 OECD-land vil samlet f\u00e5 over \u00e5tte millioner flere arbeidsl\u00f8se over de neste to \u00e5rene.<br \/>\nDet forutser Organisasjonen for \u00f8konomisk samarbeid og utvikling i en ny rapport, som kaller den n\u00e5v\u00e6rende resesjonen for den verste siden 1980-tallet.<br \/>\nI 2010 venter OECD at det vil v\u00e6re 42 millioner arbeidsl\u00f8se mot 34 millioner i dag.<br \/>\n<strong><br \/>\nVekst ned og opp<\/strong><br \/>\nDen globale finanskrisen t\u00e6rer s\u00e5 voldsomt p\u00e5 den \u00f8konomiske veksten at den i noen land er g\u00e5tt helt i st\u00e5. Den \u00f8konomige aktiviteten vil g\u00e5 tilbake med 0,4 prosent i gjennomsnitt i 2009, men den stiger imidlertid igjen til 1,5 prosent i 2010, sp\u00e5r OECDs eksperter.<br \/>\nTil gjengjeld kan landene glede seg over at inflasjonen faller.<br \/>\n<strong>Usikker tid<\/strong><br \/>\nSjef\u00f8konom i OECD, Klaus Schmidt-Hebbel understreker imidlertid at forutsigelsene er knyttet med usikkerhet.<br \/>\n&#8211; P\u00e5 forh\u00e5nd vil jeg gjerne understreke at den usikkerheten som er knyttet med skj\u00f8nnet er usedvanlig stor. Det gjelder s\u00e6rlig de skj\u00f8nna som er knyttet med n\u00e5r den finansielle krisen er overvunnet. Finanskrisen er den prim\u00e6re drivkraften bak den \u00f8konomiske utmattningen, sier Klaus Schmidt-Hebbel.<br \/>\nTeksten du akkurat har lest er oversatt fra engelsk og kan inneholde opplysninger som ikke gjelder for norske forhold.<br \/>\n<a href=\"http:\/\/www.klarsynte-sp\u00e5damer-sp\u00e5koner-sp\u00e5tjenester.no\">Sp\u00e5damer og klarsynte tjenester<\/a><\/p>\n","protected":false},"excerpt":{"rendered":"<p>25. november 2008 11.46 De 30 OECD-land vil samlet f\u00e5 over \u00e5tte millioner flere arbeidsl\u00f8se over de neste to \u00e5rene. Det forutser Organisasjonen for \u00f8konomisk samarbeid og utvikling i en ny rapport, som kaller den n\u00e5v\u00e6rende resesjonen for den verste siden 1980-tallet. I 2010 venter OECD at det vil v\u00e6re 42 millioner arbeidsl\u00f8se mot 34 [&hellip;]<\/p>\n","protected":false},"author":2,"featured_media":0,"comment_status":"closed","ping_status":"open","sticky":false,"template":"","format":"standard","meta":{"_et_pb_use_builder":"","_et_pb_old_content":"","_et_gb_content_width":"","footnotes":""},"categories":[20],"tags":[448,165],"class_list":["post-2919","post","type-post","status-publish","format-standard","hentry","category-valuta","tag-millioner","tag-oecd"],"yoast_head":"<!-- This site is optimized with the Yoast SEO plugin v27.4 - https:\/\/yoast.com\/product\/yoast-seo-wordpress\/ -->\n<title>OECD-\u00f8konomier i kne &#187; WF Finans<\/title>\n<meta name=\"robots\" content=\"index, follow, max-snippet:-1, max-image-preview:large, max-video-preview:-1\" \/>\n<link rel=\"canonical\" href=\"https:\/\/www.webforumet.no\/finans\/oecd-\u00f8konomier-i-kne\/\" \/>\n<meta property=\"og:locale\" content=\"nb_NO\" \/>\n<meta property=\"og:type\" content=\"article\" \/>\n<meta property=\"og:title\" content=\"OECD-\u00f8konomier i kne &#187; WF Finans\" \/>\n<meta property=\"og:description\" content=\"25. november 2008 11.46 De 30 OECD-land vil samlet f\u00e5 over \u00e5tte millioner flere arbeidsl\u00f8se over de neste to \u00e5rene. Det forutser Organisasjonen for \u00f8konomisk samarbeid og utvikling i en ny rapport, som kaller den n\u00e5v\u00e6rende resesjonen for den verste siden 1980-tallet. I 2010 venter OECD at det vil v\u00e6re 42 millioner arbeidsl\u00f8se mot 34 [&hellip;]\" \/>\n<meta property=\"og:url\" content=\"https:\/\/www.webforumet.no\/finans\/oecd-\u00f8konomier-i-kne\/\" \/>\n<meta property=\"og:site_name\" content=\"WF Finans\" \/>\n<meta property=\"article:published_time\" content=\"2009-02-17T09:03:56+00:00\" \/>\n<meta property=\"article:modified_time\" content=\"2018-09-09T21:10:11+00:00\" \/>\n<meta name=\"author\" content=\"admin3\" \/>\n<meta name=\"twitter:card\" content=\"summary_large_image\" \/>\n<meta name=\"twitter:label1\" content=\"Skrevet av\" \/>\n\t<meta name=\"twitter:data1\" content=\"admin3\" \/>\n\t<meta name=\"twitter:label2\" content=\"Ansl. lesetid\" \/>\n\t<meta name=\"twitter:data2\" content=\"1 minutt\" \/>\n<script type=\"application\/ld+json\" class=\"yoast-schema-graph\">{\"@context\":\"https:\\\/\\\/schema.org\",\"@graph\":[{\"@type\":\"Article\",\"@id\":\"https:\\\/\\\/www.webforumet.no\\\/finans\\\/oecd-%c3%b8konomier-i-kne\\\/#article\",\"isPartOf\":{\"@id\":\"https:\\\/\\\/www.webforumet.no\\\/finans\\\/oecd-%c3%b8konomier-i-kne\\\/\"},\"author\":{\"name\":\"admin3\",\"@id\":\"https:\\\/\\\/www.webforumet.no\\\/finans\\\/#\\\/schema\\\/person\\\/772e8a24610a98ede823a0fdd3db11cf\"},\"headline\":\"OECD-\u00f8konomier i kne\",\"datePublished\":\"2009-02-17T09:03:56+00:00\",\"dateModified\":\"2018-09-09T21:10:11+00:00\",\"mainEntityOfPage\":{\"@id\":\"https:\\\/\\\/www.webforumet.no\\\/finans\\\/oecd-%c3%b8konomier-i-kne\\\/\"},\"wordCount\":210,\"keywords\":[\"millioner\",\"OECD\"],\"articleSection\":[\"Valuta\"],\"inLanguage\":\"nb-NO\"},{\"@type\":\"WebPage\",\"@id\":\"https:\\\/\\\/www.webforumet.no\\\/finans\\\/oecd-%c3%b8konomier-i-kne\\\/\",\"url\":\"https:\\\/\\\/www.webforumet.no\\\/finans\\\/oecd-%c3%b8konomier-i-kne\\\/\",\"name\":\"OECD-\u00f8konomier i kne &#187; WF Finans\",\"isPartOf\":{\"@id\":\"https:\\\/\\\/www.webforumet.no\\\/finans\\\/#website\"},\"datePublished\":\"2009-02-17T09:03:56+00:00\",\"dateModified\":\"2018-09-09T21:10:11+00:00\",\"author\":{\"@id\":\"https:\\\/\\\/www.webforumet.no\\\/finans\\\/#\\\/schema\\\/person\\\/772e8a24610a98ede823a0fdd3db11cf\"},\"breadcrumb\":{\"@id\":\"https:\\\/\\\/www.webforumet.no\\\/finans\\\/oecd-%c3%b8konomier-i-kne\\\/#breadcrumb\"},\"inLanguage\":\"nb-NO\",\"potentialAction\":[{\"@type\":\"ReadAction\",\"target\":[\"https:\\\/\\\/www.webforumet.no\\\/finans\\\/oecd-%c3%b8konomier-i-kne\\\/\"]}]},{\"@type\":\"BreadcrumbList\",\"@id\":\"https:\\\/\\\/www.webforumet.no\\\/finans\\\/oecd-%c3%b8konomier-i-kne\\\/#breadcrumb\",\"itemListElement\":[{\"@type\":\"ListItem\",\"position\":1,\"name\":\"Hjem\",\"item\":\"https:\\\/\\\/www.webforumet.no\\\/finans\\\/\"},{\"@type\":\"ListItem\",\"position\":2,\"name\":\"OECD-\u00f8konomier i kne\"}]},{\"@type\":\"WebSite\",\"@id\":\"https:\\\/\\\/www.webforumet.no\\\/finans\\\/#website\",\"url\":\"https:\\\/\\\/www.webforumet.no\\\/finans\\\/\",\"name\":\"WF Finans\",\"description\":\"Finansnyheter\",\"potentialAction\":[{\"@type\":\"SearchAction\",\"target\":{\"@type\":\"EntryPoint\",\"urlTemplate\":\"https:\\\/\\\/www.webforumet.no\\\/finans\\\/?s={search_term_string}\"},\"query-input\":{\"@type\":\"PropertyValueSpecification\",\"valueRequired\":true,\"valueName\":\"search_term_string\"}}],\"inLanguage\":\"nb-NO\"},{\"@type\":\"Person\",\"@id\":\"https:\\\/\\\/www.webforumet.no\\\/finans\\\/#\\\/schema\\\/person\\\/772e8a24610a98ede823a0fdd3db11cf\",\"name\":\"admin3\",\"url\":\"https:\\\/\\\/www.webforumet.no\\\/finans\\\/author\\\/admin3\\\/\"}]}<\/script>\n<!-- \/ Yoast SEO plugin. -->","yoast_head_json":{"title":"OECD-\u00f8konomier i kne &#187; WF Finans","robots":{"index":"index","follow":"follow","max-snippet":"max-snippet:-1","max-image-preview":"max-image-preview:large","max-video-preview":"max-video-preview:-1"},"canonical":"https:\/\/www.webforumet.no\/finans\/oecd-\u00f8konomier-i-kne\/","og_locale":"nb_NO","og_type":"article","og_title":"OECD-\u00f8konomier i kne &#187; WF Finans","og_description":"25. november 2008 11.46 De 30 OECD-land vil samlet f\u00e5 over \u00e5tte millioner flere arbeidsl\u00f8se over de neste to \u00e5rene. Det forutser Organisasjonen for \u00f8konomisk samarbeid og utvikling i en ny rapport, som kaller den n\u00e5v\u00e6rende resesjonen for den verste siden 1980-tallet. I 2010 venter OECD at det vil v\u00e6re 42 millioner arbeidsl\u00f8se mot 34 [&hellip;]","og_url":"https:\/\/www.webforumet.no\/finans\/oecd-\u00f8konomier-i-kne\/","og_site_name":"WF Finans","article_published_time":"2009-02-17T09:03:56+00:00","article_modified_time":"2018-09-09T21:10:11+00:00","author":"admin3","twitter_card":"summary_large_image","twitter_misc":{"Skrevet av":"admin3","Ansl. lesetid":"1 minutt"},"schema":{"@context":"https:\/\/schema.org","@graph":[{"@type":"Article","@id":"https:\/\/www.webforumet.no\/finans\/oecd-%c3%b8konomier-i-kne\/#article","isPartOf":{"@id":"https:\/\/www.webforumet.no\/finans\/oecd-%c3%b8konomier-i-kne\/"},"author":{"name":"admin3","@id":"https:\/\/www.webforumet.no\/finans\/#\/schema\/person\/772e8a24610a98ede823a0fdd3db11cf"},"headline":"OECD-\u00f8konomier i kne","datePublished":"2009-02-17T09:03:56+00:00","dateModified":"2018-09-09T21:10:11+00:00","mainEntityOfPage":{"@id":"https:\/\/www.webforumet.no\/finans\/oecd-%c3%b8konomier-i-kne\/"},"wordCount":210,"keywords":["millioner","OECD"],"articleSection":["Valuta"],"inLanguage":"nb-NO"},{"@type":"WebPage","@id":"https:\/\/www.webforumet.no\/finans\/oecd-%c3%b8konomier-i-kne\/","url":"https:\/\/www.webforumet.no\/finans\/oecd-%c3%b8konomier-i-kne\/","name":"OECD-\u00f8konomier i kne &#187; WF Finans","isPartOf":{"@id":"https:\/\/www.webforumet.no\/finans\/#website"},"datePublished":"2009-02-17T09:03:56+00:00","dateModified":"2018-09-09T21:10:11+00:00","author":{"@id":"https:\/\/www.webforumet.no\/finans\/#\/schema\/person\/772e8a24610a98ede823a0fdd3db11cf"},"breadcrumb":{"@id":"https:\/\/www.webforumet.no\/finans\/oecd-%c3%b8konomier-i-kne\/#breadcrumb"},"inLanguage":"nb-NO","potentialAction":[{"@type":"ReadAction","target":["https:\/\/www.webforumet.no\/finans\/oecd-%c3%b8konomier-i-kne\/"]}]},{"@type":"BreadcrumbList","@id":"https:\/\/www.webforumet.no\/finans\/oecd-%c3%b8konomier-i-kne\/#breadcrumb","itemListElement":[{"@type":"ListItem","position":1,"name":"Hjem","item":"https:\/\/www.webforumet.no\/finans\/"},{"@type":"ListItem","position":2,"name":"OECD-\u00f8konomier i kne"}]},{"@type":"WebSite","@id":"https:\/\/www.webforumet.no\/finans\/#website","url":"https:\/\/www.webforumet.no\/finans\/","name":"WF Finans","description":"Finansnyheter","potentialAction":[{"@type":"SearchAction","target":{"@type":"EntryPoint","urlTemplate":"https:\/\/www.webforumet.no\/finans\/?s={search_term_string}"},"query-input":{"@type":"PropertyValueSpecification","valueRequired":true,"valueName":"search_term_string"}}],"inLanguage":"nb-NO"},{"@type":"Person","@id":"https:\/\/www.webforumet.no\/finans\/#\/schema\/person\/772e8a24610a98ede823a0fdd3db11cf","name":"admin3","url":"https:\/\/www.webforumet.no\/finans\/author\/admin3\/"}]}},"_links":{"self":[{"href":"https:\/\/www.webforumet.no\/finans\/wp-json\/wp\/v2\/posts\/2919","targetHints":{"allow":["GET"]}}],"collection":[{"href":"https:\/\/www.webforumet.no\/finans\/wp-json\/wp\/v2\/posts"}],"about":[{"href":"https:\/\/www.webforumet.no\/finans\/wp-json\/wp\/v2\/types\/post"}],"author":[{"embeddable":true,"href":"https:\/\/www.webforumet.no\/finans\/wp-json\/wp\/v2\/users\/2"}],"replies":[{"embeddable":true,"href":"https:\/\/www.webforumet.no\/finans\/wp-json\/wp\/v2\/comments?post=2919"}],"version-history":[{"count":1,"href":"https:\/\/www.webforumet.no\/finans\/wp-json\/wp\/v2\/posts\/2919\/revisions"}],"predecessor-version":[{"id":12878,"href":"https:\/\/www.webforumet.no\/finans\/wp-json\/wp\/v2\/posts\/2919\/revisions\/12878"}],"wp:attachment":[{"href":"https:\/\/www.webforumet.no\/finans\/wp-json\/wp\/v2\/media?parent=2919"}],"wp:term":[{"taxonomy":"category","embeddable":true,"href":"https:\/\/www.webforumet.no\/finans\/wp-json\/wp\/v2\/categories?post=2919"},{"taxonomy":"post_tag","embeddable":true,"href":"https:\/\/www.webforumet.no\/finans\/wp-json\/wp\/v2\/tags?post=2919"}],"curies":[{"name":"wp","href":"https:\/\/api.w.org\/{rel}","templated":true}]}}