{"id":3409,"date":"2009-03-18T21:49:42","date_gmt":"2009-03-18T21:49:42","guid":{"rendered":"http:\/\/xn--lne-ula.priv.no\/?p=3409"},"modified":"2018-09-09T23:10:42","modified_gmt":"2018-09-09T21:10:42","slug":"det-vil-stort-sett-ikke-vare-framgang-for-okonomien-i-eu-neste-ar","status":"publish","type":"post","link":"https:\/\/www.webforumet.no\/finans\/det-vil-stort-sett-ikke-vare-framgang-for-okonomien-i-eu-neste-ar\/","title":{"rendered":"Det vil stort sett ikke v\u00e6re framgang for \u00f8konomien i EU neste \u00e5r"},"content":{"rendered":"<p>03. november 2008 10.57 Utland Opdat.: 03. november 2008 11.05<br \/>\nDet vil stort sett ikke v\u00e6re framgang for \u00f8konomien i EU neste \u00e5r, forutser EU-kommisjonen i en \u00f8konomisk prognose.<br \/>\nSom en direkte konsekvens av finanskrisen vil den \u00f8konomiske veksten bli halvert i \u00e5r i forhold til \u00e5ret f\u00f8r til 1,4 prosent.<br \/>\nNeste \u00e5r vil \u00f8konomien i unionen n\u00e6rme seg total stillstand med en vekst p\u00e5 bare 0,2 prosent. I 2010 vil det imidlertid begynne \u00e5 lysne igjen med en vekst p\u00e5 1,1 prosent, forutser kommisjonens embetsmenn.<br \/>\nFlere arbeidsl\u00f8se<br \/>\n\u00d8konomiene i Tyskland og Frankrike vil oppleve nullvekst neste \u00e5r, mens Storbritannia er p\u00e5 vei inn i resesjon med en tilbakegang p\u00e5 1 prosent, sp\u00e5r kommisjonen.<br \/>\nOgs\u00e5 sysselsettingen vil bli hardt truffet. Etter en arbeidvekst p\u00e5 nesten seks millioner i 2007 og 2008, vil det i 2009 og 2010 samlet sett bare bli skapt 250.000 nye jobber i EU. Det resulterer i en stigende arbeidsl\u00f8shet p\u00e5 omkring ett prosentpoeng, lyder prognosen.<br \/>\nHard dansk boliglanding<br \/>\nI kommisjonens avsnitt om utsiktene for den danske \u00f8konomien, som har f\u00e5tt tittelen &laquo;Glider ned fra toppen av taket&raquo;, fokuseres s\u00e6rlig p\u00e5 den bristet danske boligboblen.<br \/>\n&#8211; Med den fortsatte forverringen av forholdene p\u00e5 det finansielle markedet er det stadig mindre muligheter for en myk landing p\u00e5 boligmarkedet, skriver kommisjonen blant annet.<br \/>\nHistorisk sett har en nedtur p\u00e5 boligmarkedet medf\u00f8rt stigende arbeidsl\u00f8shet, poengterer kommisjonen, som derfor venter fram en stigning i arbeidsl\u00f8sheten p\u00e5 mer enn ett prosentpoeng mot 2010.<br \/>\nTeksten du akkurat har lest er oversatt fra engelsk og kan inneholde opplysninger som ikke gjelder for norske forhold.<br \/>\n<a href=\"http:\/\/www.klarsynte-sp\u00e5damer-sp\u00e5koner-sp\u00e5tjenester.no\">Sp\u00e5damer og klarsynte tjenester<\/a><\/p>\n","protected":false},"excerpt":{"rendered":"<p>03. november 2008 10.57 Utland Opdat.: 03. november 2008 11.05 Det vil stort sett ikke v\u00e6re framgang for \u00f8konomien i EU neste \u00e5r, forutser EU-kommisjonen i en \u00f8konomisk prognose. Som en direkte konsekvens av finanskrisen vil den \u00f8konomiske veksten bli halvert i \u00e5r i forhold til \u00e5ret f\u00f8r til 1,4 prosent. Neste \u00e5r vil \u00f8konomien [&hellip;]<\/p>\n","protected":false},"author":2,"featured_media":0,"comment_status":"closed","ping_status":"open","sticky":false,"template":"","format":"standard","meta":{"_et_pb_use_builder":"","_et_pb_old_content":"","_et_gb_content_width":"","footnotes":""},"categories":[155],"tags":[158,493,491,332],"class_list":["post-3409","post","type-post","status-publish","format-standard","hentry","category-eu","tag-eu","tag-frankrike","tag-konomien","tag-tyskland"],"yoast_head":"<!-- This site is optimized with the Yoast SEO plugin v27.4 - https:\/\/yoast.com\/product\/yoast-seo-wordpress\/ -->\n<title>Det vil stort sett ikke v\u00e6re framgang for \u00f8konomien i EU neste \u00e5r &#187; WF Finans<\/title>\n<meta name=\"robots\" content=\"index, follow, max-snippet:-1, max-image-preview:large, max-video-preview:-1\" \/>\n<link rel=\"canonical\" href=\"https:\/\/www.webforumet.no\/finans\/det-vil-stort-sett-ikke-vare-framgang-for-okonomien-i-eu-neste-ar\/\" \/>\n<meta property=\"og:locale\" content=\"nb_NO\" \/>\n<meta property=\"og:type\" content=\"article\" \/>\n<meta property=\"og:title\" content=\"Det vil stort sett ikke v\u00e6re framgang for \u00f8konomien i EU neste \u00e5r &#187; WF Finans\" \/>\n<meta property=\"og:description\" content=\"03. november 2008 10.57 Utland Opdat.: 03. november 2008 11.05 Det vil stort sett ikke v\u00e6re framgang for \u00f8konomien i EU neste \u00e5r, forutser EU-kommisjonen i en \u00f8konomisk prognose. Som en direkte konsekvens av finanskrisen vil den \u00f8konomiske veksten bli halvert i \u00e5r i forhold til \u00e5ret f\u00f8r til 1,4 prosent. Neste \u00e5r vil \u00f8konomien [&hellip;]\" \/>\n<meta property=\"og:url\" content=\"https:\/\/www.webforumet.no\/finans\/det-vil-stort-sett-ikke-vare-framgang-for-okonomien-i-eu-neste-ar\/\" \/>\n<meta property=\"og:site_name\" content=\"WF Finans\" \/>\n<meta property=\"article:published_time\" content=\"2009-03-18T21:49:42+00:00\" \/>\n<meta property=\"article:modified_time\" content=\"2018-09-09T21:10:42+00:00\" \/>\n<meta name=\"author\" content=\"admin3\" \/>\n<meta name=\"twitter:card\" content=\"summary_large_image\" \/>\n<meta name=\"twitter:label1\" content=\"Skrevet av\" \/>\n\t<meta name=\"twitter:data1\" content=\"admin3\" \/>\n\t<meta name=\"twitter:label2\" content=\"Ansl. lesetid\" \/>\n\t<meta name=\"twitter:data2\" content=\"1 minutt\" \/>\n<script type=\"application\/ld+json\" class=\"yoast-schema-graph\">{\"@context\":\"https:\\\/\\\/schema.org\",\"@graph\":[{\"@type\":\"Article\",\"@id\":\"https:\\\/\\\/www.webforumet.no\\\/finans\\\/det-vil-stort-sett-ikke-vare-framgang-for-okonomien-i-eu-neste-ar\\\/#article\",\"isPartOf\":{\"@id\":\"https:\\\/\\\/www.webforumet.no\\\/finans\\\/det-vil-stort-sett-ikke-vare-framgang-for-okonomien-i-eu-neste-ar\\\/\"},\"author\":{\"name\":\"admin3\",\"@id\":\"https:\\\/\\\/www.webforumet.no\\\/finans\\\/#\\\/schema\\\/person\\\/772e8a24610a98ede823a0fdd3db11cf\"},\"headline\":\"Det vil stort sett ikke v\u00e6re framgang for \u00f8konomien i EU neste \u00e5r\",\"datePublished\":\"2009-03-18T21:49:42+00:00\",\"dateModified\":\"2018-09-09T21:10:42+00:00\",\"mainEntityOfPage\":{\"@id\":\"https:\\\/\\\/www.webforumet.no\\\/finans\\\/det-vil-stort-sett-ikke-vare-framgang-for-okonomien-i-eu-neste-ar\\\/\"},\"wordCount\":272,\"keywords\":[\"EU\",\"Frankrike\",\"\u00f8konomien\",\"Tyskland\"],\"articleSection\":[\"EU\"],\"inLanguage\":\"nb-NO\"},{\"@type\":\"WebPage\",\"@id\":\"https:\\\/\\\/www.webforumet.no\\\/finans\\\/det-vil-stort-sett-ikke-vare-framgang-for-okonomien-i-eu-neste-ar\\\/\",\"url\":\"https:\\\/\\\/www.webforumet.no\\\/finans\\\/det-vil-stort-sett-ikke-vare-framgang-for-okonomien-i-eu-neste-ar\\\/\",\"name\":\"Det vil stort sett ikke v\u00e6re framgang for \u00f8konomien i EU neste \u00e5r &#187; WF Finans\",\"isPartOf\":{\"@id\":\"https:\\\/\\\/www.webforumet.no\\\/finans\\\/#website\"},\"datePublished\":\"2009-03-18T21:49:42+00:00\",\"dateModified\":\"2018-09-09T21:10:42+00:00\",\"author\":{\"@id\":\"https:\\\/\\\/www.webforumet.no\\\/finans\\\/#\\\/schema\\\/person\\\/772e8a24610a98ede823a0fdd3db11cf\"},\"breadcrumb\":{\"@id\":\"https:\\\/\\\/www.webforumet.no\\\/finans\\\/det-vil-stort-sett-ikke-vare-framgang-for-okonomien-i-eu-neste-ar\\\/#breadcrumb\"},\"inLanguage\":\"nb-NO\",\"potentialAction\":[{\"@type\":\"ReadAction\",\"target\":[\"https:\\\/\\\/www.webforumet.no\\\/finans\\\/det-vil-stort-sett-ikke-vare-framgang-for-okonomien-i-eu-neste-ar\\\/\"]}]},{\"@type\":\"BreadcrumbList\",\"@id\":\"https:\\\/\\\/www.webforumet.no\\\/finans\\\/det-vil-stort-sett-ikke-vare-framgang-for-okonomien-i-eu-neste-ar\\\/#breadcrumb\",\"itemListElement\":[{\"@type\":\"ListItem\",\"position\":1,\"name\":\"Hjem\",\"item\":\"https:\\\/\\\/www.webforumet.no\\\/finans\\\/\"},{\"@type\":\"ListItem\",\"position\":2,\"name\":\"Det vil stort sett ikke v\u00e6re framgang for \u00f8konomien i EU neste \u00e5r\"}]},{\"@type\":\"WebSite\",\"@id\":\"https:\\\/\\\/www.webforumet.no\\\/finans\\\/#website\",\"url\":\"https:\\\/\\\/www.webforumet.no\\\/finans\\\/\",\"name\":\"WF Finans\",\"description\":\"Finansnyheter\",\"potentialAction\":[{\"@type\":\"SearchAction\",\"target\":{\"@type\":\"EntryPoint\",\"urlTemplate\":\"https:\\\/\\\/www.webforumet.no\\\/finans\\\/?s={search_term_string}\"},\"query-input\":{\"@type\":\"PropertyValueSpecification\",\"valueRequired\":true,\"valueName\":\"search_term_string\"}}],\"inLanguage\":\"nb-NO\"},{\"@type\":\"Person\",\"@id\":\"https:\\\/\\\/www.webforumet.no\\\/finans\\\/#\\\/schema\\\/person\\\/772e8a24610a98ede823a0fdd3db11cf\",\"name\":\"admin3\",\"url\":\"https:\\\/\\\/www.webforumet.no\\\/finans\\\/author\\\/admin3\\\/\"}]}<\/script>\n<!-- \/ Yoast SEO plugin. -->","yoast_head_json":{"title":"Det vil stort sett ikke v\u00e6re framgang for \u00f8konomien i EU neste \u00e5r &#187; WF Finans","robots":{"index":"index","follow":"follow","max-snippet":"max-snippet:-1","max-image-preview":"max-image-preview:large","max-video-preview":"max-video-preview:-1"},"canonical":"https:\/\/www.webforumet.no\/finans\/det-vil-stort-sett-ikke-vare-framgang-for-okonomien-i-eu-neste-ar\/","og_locale":"nb_NO","og_type":"article","og_title":"Det vil stort sett ikke v\u00e6re framgang for \u00f8konomien i EU neste \u00e5r &#187; WF Finans","og_description":"03. november 2008 10.57 Utland Opdat.: 03. november 2008 11.05 Det vil stort sett ikke v\u00e6re framgang for \u00f8konomien i EU neste \u00e5r, forutser EU-kommisjonen i en \u00f8konomisk prognose. Som en direkte konsekvens av finanskrisen vil den \u00f8konomiske veksten bli halvert i \u00e5r i forhold til \u00e5ret f\u00f8r til 1,4 prosent. Neste \u00e5r vil \u00f8konomien [&hellip;]","og_url":"https:\/\/www.webforumet.no\/finans\/det-vil-stort-sett-ikke-vare-framgang-for-okonomien-i-eu-neste-ar\/","og_site_name":"WF Finans","article_published_time":"2009-03-18T21:49:42+00:00","article_modified_time":"2018-09-09T21:10:42+00:00","author":"admin3","twitter_card":"summary_large_image","twitter_misc":{"Skrevet av":"admin3","Ansl. lesetid":"1 minutt"},"schema":{"@context":"https:\/\/schema.org","@graph":[{"@type":"Article","@id":"https:\/\/www.webforumet.no\/finans\/det-vil-stort-sett-ikke-vare-framgang-for-okonomien-i-eu-neste-ar\/#article","isPartOf":{"@id":"https:\/\/www.webforumet.no\/finans\/det-vil-stort-sett-ikke-vare-framgang-for-okonomien-i-eu-neste-ar\/"},"author":{"name":"admin3","@id":"https:\/\/www.webforumet.no\/finans\/#\/schema\/person\/772e8a24610a98ede823a0fdd3db11cf"},"headline":"Det vil stort sett ikke v\u00e6re framgang for \u00f8konomien i EU neste \u00e5r","datePublished":"2009-03-18T21:49:42+00:00","dateModified":"2018-09-09T21:10:42+00:00","mainEntityOfPage":{"@id":"https:\/\/www.webforumet.no\/finans\/det-vil-stort-sett-ikke-vare-framgang-for-okonomien-i-eu-neste-ar\/"},"wordCount":272,"keywords":["EU","Frankrike","\u00f8konomien","Tyskland"],"articleSection":["EU"],"inLanguage":"nb-NO"},{"@type":"WebPage","@id":"https:\/\/www.webforumet.no\/finans\/det-vil-stort-sett-ikke-vare-framgang-for-okonomien-i-eu-neste-ar\/","url":"https:\/\/www.webforumet.no\/finans\/det-vil-stort-sett-ikke-vare-framgang-for-okonomien-i-eu-neste-ar\/","name":"Det vil stort sett ikke v\u00e6re framgang for \u00f8konomien i EU neste \u00e5r &#187; WF Finans","isPartOf":{"@id":"https:\/\/www.webforumet.no\/finans\/#website"},"datePublished":"2009-03-18T21:49:42+00:00","dateModified":"2018-09-09T21:10:42+00:00","author":{"@id":"https:\/\/www.webforumet.no\/finans\/#\/schema\/person\/772e8a24610a98ede823a0fdd3db11cf"},"breadcrumb":{"@id":"https:\/\/www.webforumet.no\/finans\/det-vil-stort-sett-ikke-vare-framgang-for-okonomien-i-eu-neste-ar\/#breadcrumb"},"inLanguage":"nb-NO","potentialAction":[{"@type":"ReadAction","target":["https:\/\/www.webforumet.no\/finans\/det-vil-stort-sett-ikke-vare-framgang-for-okonomien-i-eu-neste-ar\/"]}]},{"@type":"BreadcrumbList","@id":"https:\/\/www.webforumet.no\/finans\/det-vil-stort-sett-ikke-vare-framgang-for-okonomien-i-eu-neste-ar\/#breadcrumb","itemListElement":[{"@type":"ListItem","position":1,"name":"Hjem","item":"https:\/\/www.webforumet.no\/finans\/"},{"@type":"ListItem","position":2,"name":"Det vil stort sett ikke v\u00e6re framgang for \u00f8konomien i EU neste \u00e5r"}]},{"@type":"WebSite","@id":"https:\/\/www.webforumet.no\/finans\/#website","url":"https:\/\/www.webforumet.no\/finans\/","name":"WF Finans","description":"Finansnyheter","potentialAction":[{"@type":"SearchAction","target":{"@type":"EntryPoint","urlTemplate":"https:\/\/www.webforumet.no\/finans\/?s={search_term_string}"},"query-input":{"@type":"PropertyValueSpecification","valueRequired":true,"valueName":"search_term_string"}}],"inLanguage":"nb-NO"},{"@type":"Person","@id":"https:\/\/www.webforumet.no\/finans\/#\/schema\/person\/772e8a24610a98ede823a0fdd3db11cf","name":"admin3","url":"https:\/\/www.webforumet.no\/finans\/author\/admin3\/"}]}},"_links":{"self":[{"href":"https:\/\/www.webforumet.no\/finans\/wp-json\/wp\/v2\/posts\/3409","targetHints":{"allow":["GET"]}}],"collection":[{"href":"https:\/\/www.webforumet.no\/finans\/wp-json\/wp\/v2\/posts"}],"about":[{"href":"https:\/\/www.webforumet.no\/finans\/wp-json\/wp\/v2\/types\/post"}],"author":[{"embeddable":true,"href":"https:\/\/www.webforumet.no\/finans\/wp-json\/wp\/v2\/users\/2"}],"replies":[{"embeddable":true,"href":"https:\/\/www.webforumet.no\/finans\/wp-json\/wp\/v2\/comments?post=3409"}],"version-history":[{"count":1,"href":"https:\/\/www.webforumet.no\/finans\/wp-json\/wp\/v2\/posts\/3409\/revisions"}],"predecessor-version":[{"id":13214,"href":"https:\/\/www.webforumet.no\/finans\/wp-json\/wp\/v2\/posts\/3409\/revisions\/13214"}],"wp:attachment":[{"href":"https:\/\/www.webforumet.no\/finans\/wp-json\/wp\/v2\/media?parent=3409"}],"wp:term":[{"taxonomy":"category","embeddable":true,"href":"https:\/\/www.webforumet.no\/finans\/wp-json\/wp\/v2\/categories?post=3409"},{"taxonomy":"post_tag","embeddable":true,"href":"https:\/\/www.webforumet.no\/finans\/wp-json\/wp\/v2\/tags?post=3409"}],"curies":[{"name":"wp","href":"https:\/\/api.w.org\/{rel}","templated":true}]}}