{"id":3419,"date":"2009-03-23T21:53:53","date_gmt":"2009-03-23T21:53:53","guid":{"rendered":"http:\/\/xn--lne-ula.priv.no\/?p=3419"},"modified":"2018-09-09T23:10:42","modified_gmt":"2018-09-09T21:10:42","slug":"skjevhet-i-amerikansk-okonomi-oker-arbeidslosheten","status":"publish","type":"post","link":"https:\/\/www.webforumet.no\/finans\/skjevhet-i-amerikansk-okonomi-oker-arbeidslosheten\/","title":{"rendered":"Skjevhet i amerikansk \u00f8konomi \u00f8ker arbeidsl\u00f8sheten"},"content":{"rendered":"<p>Det har bare v\u00e6rt reall\u00f8nnsstigninger til de aller rikeste amerikanerne de siste 20 \u00e5rene. S\u00e5 de vanlige amerikanerne har m\u00e5tte finansiere \u00f8kte velstand med l\u00e5n, mens toppen har skummet fl\u00f8ten. Det straffer seg, og ledigheten stiger i USA.<br \/>\nDen amerikanske ledigheten tok i siste uke enda et rykk oppover, og ligger dermed p\u00e5 6,1 prosent.<br \/>\nDen amerikanske finanskrisen setter alts\u00e5 sine tydelige spor, selv om President Bush i forbindelse med de nye ledighettallene uttalte at den amerikanske \u00f8konomien grunnleggende sett var sterk, mens det var arbeidsmarkedet, som var svekket.<br \/>\nF\u00e5 dager etter ble de to realkredittgigantene Fannie Mae og Freddie Mac nasjonalisert, som konsekvens av finanskrisen, og et tydelig tegn p\u00e5 at det er ubalanse i den amerikanske \u00f8konomien.<br \/>\nS\u00e5 er den amerikanske ledigheten alene p\u00e5virket av finanskrisen, eller er det dypereliggende \u00e5rsaker til utviklingen p\u00e5 det amerikanske arbeidsmarkedet? Intervju med Kristian Weise, LOs internasjonale r\u00e5dgir.<br \/>\nTeksten du akkurat har lest er oversatt fra engelsk og kan inneholde opplysninger som ikke gjelder for norske forhold.<\/p>\n","protected":false},"excerpt":{"rendered":"<p>Det har bare v\u00e6rt reall\u00f8nnsstigninger til de aller rikeste amerikanerne de siste 20 \u00e5rene. S\u00e5 de vanlige amerikanerne har m\u00e5tte finansiere \u00f8kte velstand med l\u00e5n, mens toppen har skummet fl\u00f8ten. Det straffer seg, og ledigheten stiger i USA. Den amerikanske ledigheten tok i siste uke enda et rykk oppover, og ligger dermed p\u00e5 6,1 prosent. [&hellip;]<\/p>\n","protected":false},"author":2,"featured_media":0,"comment_status":"closed","ping_status":"open","sticky":false,"template":"","format":"standard","meta":{"_et_pb_use_builder":"","_et_pb_old_content":"","_et_gb_content_width":"","footnotes":""},"categories":[287],"tags":[361,153,132],"class_list":["post-3419","post","type-post","status-publish","format-standard","hentry","category-samfunn","tag-finanskrisen","tag-oekonomi","tag-usa"],"yoast_head":"<!-- This site is optimized with the Yoast SEO plugin v27.5 - https:\/\/yoast.com\/product\/yoast-seo-wordpress\/ -->\n<title>Skjevhet i amerikansk \u00f8konomi \u00f8ker arbeidsl\u00f8sheten &#187; WF Finans<\/title>\n<meta name=\"robots\" content=\"index, follow, max-snippet:-1, max-image-preview:large, max-video-preview:-1\" \/>\n<link rel=\"canonical\" href=\"https:\/\/www.webforumet.no\/finans\/skjevhet-i-amerikansk-okonomi-oker-arbeidslosheten\/\" \/>\n<meta property=\"og:locale\" content=\"nb_NO\" \/>\n<meta property=\"og:type\" content=\"article\" \/>\n<meta property=\"og:title\" content=\"Skjevhet i amerikansk \u00f8konomi \u00f8ker arbeidsl\u00f8sheten &#187; WF Finans\" \/>\n<meta property=\"og:description\" content=\"Det har bare v\u00e6rt reall\u00f8nnsstigninger til de aller rikeste amerikanerne de siste 20 \u00e5rene. S\u00e5 de vanlige amerikanerne har m\u00e5tte finansiere \u00f8kte velstand med l\u00e5n, mens toppen har skummet fl\u00f8ten. Det straffer seg, og ledigheten stiger i USA. Den amerikanske ledigheten tok i siste uke enda et rykk oppover, og ligger dermed p\u00e5 6,1 prosent. [&hellip;]\" \/>\n<meta property=\"og:url\" content=\"https:\/\/www.webforumet.no\/finans\/skjevhet-i-amerikansk-okonomi-oker-arbeidslosheten\/\" \/>\n<meta property=\"og:site_name\" content=\"WF Finans\" \/>\n<meta property=\"article:published_time\" content=\"2009-03-23T21:53:53+00:00\" \/>\n<meta property=\"article:modified_time\" content=\"2018-09-09T21:10:42+00:00\" \/>\n<meta name=\"author\" content=\"admin3\" \/>\n<meta name=\"twitter:card\" content=\"summary_large_image\" \/>\n<meta name=\"twitter:label1\" content=\"Skrevet av\" \/>\n\t<meta name=\"twitter:data1\" content=\"admin3\" \/>\n\t<meta name=\"twitter:label2\" content=\"Ansl. lesetid\" \/>\n\t<meta name=\"twitter:data2\" content=\"1 minutt\" \/>\n<script type=\"application\/ld+json\" class=\"yoast-schema-graph\">{\"@context\":\"https:\\\/\\\/schema.org\",\"@graph\":[{\"@type\":\"Article\",\"@id\":\"https:\\\/\\\/www.webforumet.no\\\/finans\\\/skjevhet-i-amerikansk-okonomi-oker-arbeidslosheten\\\/#article\",\"isPartOf\":{\"@id\":\"https:\\\/\\\/www.webforumet.no\\\/finans\\\/skjevhet-i-amerikansk-okonomi-oker-arbeidslosheten\\\/\"},\"author\":{\"name\":\"admin3\",\"@id\":\"https:\\\/\\\/www.webforumet.no\\\/finans\\\/#\\\/schema\\\/person\\\/772e8a24610a98ede823a0fdd3db11cf\"},\"headline\":\"Skjevhet i amerikansk \u00f8konomi \u00f8ker arbeidsl\u00f8sheten\",\"datePublished\":\"2009-03-23T21:53:53+00:00\",\"dateModified\":\"2018-09-09T21:10:42+00:00\",\"mainEntityOfPage\":{\"@id\":\"https:\\\/\\\/www.webforumet.no\\\/finans\\\/skjevhet-i-amerikansk-okonomi-oker-arbeidslosheten\\\/\"},\"wordCount\":177,\"keywords\":[\"finanskrisen\",\"\u00f8konomi\",\"usa\"],\"articleSection\":[\"Samfunn\"],\"inLanguage\":\"nb-NO\"},{\"@type\":\"WebPage\",\"@id\":\"https:\\\/\\\/www.webforumet.no\\\/finans\\\/skjevhet-i-amerikansk-okonomi-oker-arbeidslosheten\\\/\",\"url\":\"https:\\\/\\\/www.webforumet.no\\\/finans\\\/skjevhet-i-amerikansk-okonomi-oker-arbeidslosheten\\\/\",\"name\":\"Skjevhet i amerikansk \u00f8konomi \u00f8ker arbeidsl\u00f8sheten &#187; WF Finans\",\"isPartOf\":{\"@id\":\"https:\\\/\\\/www.webforumet.no\\\/finans\\\/#website\"},\"datePublished\":\"2009-03-23T21:53:53+00:00\",\"dateModified\":\"2018-09-09T21:10:42+00:00\",\"author\":{\"@id\":\"https:\\\/\\\/www.webforumet.no\\\/finans\\\/#\\\/schema\\\/person\\\/772e8a24610a98ede823a0fdd3db11cf\"},\"breadcrumb\":{\"@id\":\"https:\\\/\\\/www.webforumet.no\\\/finans\\\/skjevhet-i-amerikansk-okonomi-oker-arbeidslosheten\\\/#breadcrumb\"},\"inLanguage\":\"nb-NO\",\"potentialAction\":[{\"@type\":\"ReadAction\",\"target\":[\"https:\\\/\\\/www.webforumet.no\\\/finans\\\/skjevhet-i-amerikansk-okonomi-oker-arbeidslosheten\\\/\"]}]},{\"@type\":\"BreadcrumbList\",\"@id\":\"https:\\\/\\\/www.webforumet.no\\\/finans\\\/skjevhet-i-amerikansk-okonomi-oker-arbeidslosheten\\\/#breadcrumb\",\"itemListElement\":[{\"@type\":\"ListItem\",\"position\":1,\"name\":\"Hjem\",\"item\":\"https:\\\/\\\/www.webforumet.no\\\/finans\\\/\"},{\"@type\":\"ListItem\",\"position\":2,\"name\":\"Skjevhet i amerikansk \u00f8konomi \u00f8ker arbeidsl\u00f8sheten\"}]},{\"@type\":\"WebSite\",\"@id\":\"https:\\\/\\\/www.webforumet.no\\\/finans\\\/#website\",\"url\":\"https:\\\/\\\/www.webforumet.no\\\/finans\\\/\",\"name\":\"WF Finans\",\"description\":\"Finansnyheter\",\"potentialAction\":[{\"@type\":\"SearchAction\",\"target\":{\"@type\":\"EntryPoint\",\"urlTemplate\":\"https:\\\/\\\/www.webforumet.no\\\/finans\\\/?s={search_term_string}\"},\"query-input\":{\"@type\":\"PropertyValueSpecification\",\"valueRequired\":true,\"valueName\":\"search_term_string\"}}],\"inLanguage\":\"nb-NO\"},{\"@type\":\"Person\",\"@id\":\"https:\\\/\\\/www.webforumet.no\\\/finans\\\/#\\\/schema\\\/person\\\/772e8a24610a98ede823a0fdd3db11cf\",\"name\":\"admin3\",\"url\":\"https:\\\/\\\/www.webforumet.no\\\/finans\\\/author\\\/admin3\\\/\"}]}<\/script>\n<!-- \/ Yoast SEO plugin. -->","yoast_head_json":{"title":"Skjevhet i amerikansk \u00f8konomi \u00f8ker arbeidsl\u00f8sheten &#187; WF Finans","robots":{"index":"index","follow":"follow","max-snippet":"max-snippet:-1","max-image-preview":"max-image-preview:large","max-video-preview":"max-video-preview:-1"},"canonical":"https:\/\/www.webforumet.no\/finans\/skjevhet-i-amerikansk-okonomi-oker-arbeidslosheten\/","og_locale":"nb_NO","og_type":"article","og_title":"Skjevhet i amerikansk \u00f8konomi \u00f8ker arbeidsl\u00f8sheten &#187; WF Finans","og_description":"Det har bare v\u00e6rt reall\u00f8nnsstigninger til de aller rikeste amerikanerne de siste 20 \u00e5rene. S\u00e5 de vanlige amerikanerne har m\u00e5tte finansiere \u00f8kte velstand med l\u00e5n, mens toppen har skummet fl\u00f8ten. Det straffer seg, og ledigheten stiger i USA. Den amerikanske ledigheten tok i siste uke enda et rykk oppover, og ligger dermed p\u00e5 6,1 prosent. [&hellip;]","og_url":"https:\/\/www.webforumet.no\/finans\/skjevhet-i-amerikansk-okonomi-oker-arbeidslosheten\/","og_site_name":"WF Finans","article_published_time":"2009-03-23T21:53:53+00:00","article_modified_time":"2018-09-09T21:10:42+00:00","author":"admin3","twitter_card":"summary_large_image","twitter_misc":{"Skrevet av":"admin3","Ansl. lesetid":"1 minutt"},"schema":{"@context":"https:\/\/schema.org","@graph":[{"@type":"Article","@id":"https:\/\/www.webforumet.no\/finans\/skjevhet-i-amerikansk-okonomi-oker-arbeidslosheten\/#article","isPartOf":{"@id":"https:\/\/www.webforumet.no\/finans\/skjevhet-i-amerikansk-okonomi-oker-arbeidslosheten\/"},"author":{"name":"admin3","@id":"https:\/\/www.webforumet.no\/finans\/#\/schema\/person\/772e8a24610a98ede823a0fdd3db11cf"},"headline":"Skjevhet i amerikansk \u00f8konomi \u00f8ker arbeidsl\u00f8sheten","datePublished":"2009-03-23T21:53:53+00:00","dateModified":"2018-09-09T21:10:42+00:00","mainEntityOfPage":{"@id":"https:\/\/www.webforumet.no\/finans\/skjevhet-i-amerikansk-okonomi-oker-arbeidslosheten\/"},"wordCount":177,"keywords":["finanskrisen","\u00f8konomi","usa"],"articleSection":["Samfunn"],"inLanguage":"nb-NO"},{"@type":"WebPage","@id":"https:\/\/www.webforumet.no\/finans\/skjevhet-i-amerikansk-okonomi-oker-arbeidslosheten\/","url":"https:\/\/www.webforumet.no\/finans\/skjevhet-i-amerikansk-okonomi-oker-arbeidslosheten\/","name":"Skjevhet i amerikansk \u00f8konomi \u00f8ker arbeidsl\u00f8sheten &#187; WF Finans","isPartOf":{"@id":"https:\/\/www.webforumet.no\/finans\/#website"},"datePublished":"2009-03-23T21:53:53+00:00","dateModified":"2018-09-09T21:10:42+00:00","author":{"@id":"https:\/\/www.webforumet.no\/finans\/#\/schema\/person\/772e8a24610a98ede823a0fdd3db11cf"},"breadcrumb":{"@id":"https:\/\/www.webforumet.no\/finans\/skjevhet-i-amerikansk-okonomi-oker-arbeidslosheten\/#breadcrumb"},"inLanguage":"nb-NO","potentialAction":[{"@type":"ReadAction","target":["https:\/\/www.webforumet.no\/finans\/skjevhet-i-amerikansk-okonomi-oker-arbeidslosheten\/"]}]},{"@type":"BreadcrumbList","@id":"https:\/\/www.webforumet.no\/finans\/skjevhet-i-amerikansk-okonomi-oker-arbeidslosheten\/#breadcrumb","itemListElement":[{"@type":"ListItem","position":1,"name":"Hjem","item":"https:\/\/www.webforumet.no\/finans\/"},{"@type":"ListItem","position":2,"name":"Skjevhet i amerikansk \u00f8konomi \u00f8ker arbeidsl\u00f8sheten"}]},{"@type":"WebSite","@id":"https:\/\/www.webforumet.no\/finans\/#website","url":"https:\/\/www.webforumet.no\/finans\/","name":"WF Finans","description":"Finansnyheter","potentialAction":[{"@type":"SearchAction","target":{"@type":"EntryPoint","urlTemplate":"https:\/\/www.webforumet.no\/finans\/?s={search_term_string}"},"query-input":{"@type":"PropertyValueSpecification","valueRequired":true,"valueName":"search_term_string"}}],"inLanguage":"nb-NO"},{"@type":"Person","@id":"https:\/\/www.webforumet.no\/finans\/#\/schema\/person\/772e8a24610a98ede823a0fdd3db11cf","name":"admin3","url":"https:\/\/www.webforumet.no\/finans\/author\/admin3\/"}]}},"_links":{"self":[{"href":"https:\/\/www.webforumet.no\/finans\/wp-json\/wp\/v2\/posts\/3419","targetHints":{"allow":["GET"]}}],"collection":[{"href":"https:\/\/www.webforumet.no\/finans\/wp-json\/wp\/v2\/posts"}],"about":[{"href":"https:\/\/www.webforumet.no\/finans\/wp-json\/wp\/v2\/types\/post"}],"author":[{"embeddable":true,"href":"https:\/\/www.webforumet.no\/finans\/wp-json\/wp\/v2\/users\/2"}],"replies":[{"embeddable":true,"href":"https:\/\/www.webforumet.no\/finans\/wp-json\/wp\/v2\/comments?post=3419"}],"version-history":[{"count":1,"href":"https:\/\/www.webforumet.no\/finans\/wp-json\/wp\/v2\/posts\/3419\/revisions"}],"predecessor-version":[{"id":13208,"href":"https:\/\/www.webforumet.no\/finans\/wp-json\/wp\/v2\/posts\/3419\/revisions\/13208"}],"wp:attachment":[{"href":"https:\/\/www.webforumet.no\/finans\/wp-json\/wp\/v2\/media?parent=3419"}],"wp:term":[{"taxonomy":"category","embeddable":true,"href":"https:\/\/www.webforumet.no\/finans\/wp-json\/wp\/v2\/categories?post=3419"},{"taxonomy":"post_tag","embeddable":true,"href":"https:\/\/www.webforumet.no\/finans\/wp-json\/wp\/v2\/tags?post=3419"}],"curies":[{"name":"wp","href":"https:\/\/api.w.org\/{rel}","templated":true}]}}