{"id":3477,"date":"2009-03-28T17:34:39","date_gmt":"2009-03-28T17:34:39","guid":{"rendered":"http:\/\/xn--lne-ula.priv.no\/?p=3477"},"modified":"2018-09-09T23:10:42","modified_gmt":"2018-09-09T21:10:42","slug":"valutafond-holder-%c3%b8ye-med-ungarn","status":"publish","type":"post","link":"https:\/\/www.webforumet.no\/finans\/valutafond-holder-%c3%b8ye-med-ungarn\/","title":{"rendered":"Valutafond holder \u00f8ye med Ungarn"},"content":{"rendered":"<p>Den Internasjonale Valutafond fors\u00f8ker \u00e5 avklare hvordan den best kan hjelpe de landene, som er kommet i vanskeligheter p\u00e5 grunn av den internasjonale finanskrisen.<br \/>\nF\u00f8rst var det Island, som hadde f\u00e5tt store problemer, senere er Ungarn og Ukraina kommet til.<br \/>\nMest overraskende er det at Ungarn er kommet med i dette selskapet, for inntrykket har ellers v\u00e6rt at de nye EU- medlemsland fra Sentral-og \u00d8steuropa hadde klart \u00e5 styre utenom krisen.<br \/>\nUngarns problemer er da ogs\u00e5 av en helt annen art enn Islands.<br \/>\nDet ungarske parlamentet hadde opprinnelig vedtatt et statsbudsjett, som ville oppvise et underskudd p\u00e5 3,8 prosent av bruttonasjonalproduktet. N\u00e5 har det vedtatt en spareplan, som vil bringe underskuddet i \u00e5r til 3,4 prosent og neste \u00e5r til 2,9 prosent<br \/>\nTeksten du akkurat har lest er oversatt fra engelsk og kan inneholde opplysninger som ikke gjelder for norske forhold.<\/p>\n","protected":false},"excerpt":{"rendered":"<p>Den Internasjonale Valutafond fors\u00f8ker \u00e5 avklare hvordan den best kan hjelpe de landene, som er kommet i vanskeligheter p\u00e5 grunn av den internasjonale finanskrisen. F\u00f8rst var det Island, som hadde f\u00e5tt store problemer, senere er Ungarn og Ukraina kommet til. Mest overraskende er det at Ungarn er kommet med i dette selskapet, for inntrykket har [&hellip;]<\/p>\n","protected":false},"author":2,"featured_media":0,"comment_status":"closed","ping_status":"open","sticky":false,"template":"","format":"standard","meta":{"_et_pb_use_builder":"","_et_pb_old_content":"","_et_gb_content_width":"","footnotes":""},"categories":[20],"tags":[158,104,490],"class_list":["post-3477","post","type-post","status-publish","format-standard","hentry","category-valuta","tag-eu","tag-prosent","tag-valutafond"],"yoast_head":"<!-- This site is optimized with the Yoast SEO plugin v27.5 - https:\/\/yoast.com\/product\/yoast-seo-wordpress\/ -->\n<title>Valutafond holder \u00f8ye med Ungarn &#187; WF Finans<\/title>\n<meta name=\"robots\" content=\"index, follow, max-snippet:-1, max-image-preview:large, max-video-preview:-1\" \/>\n<link rel=\"canonical\" href=\"https:\/\/www.webforumet.no\/finans\/valutafond-holder-\u00f8ye-med-ungarn\/\" \/>\n<meta property=\"og:locale\" content=\"nb_NO\" \/>\n<meta property=\"og:type\" content=\"article\" \/>\n<meta property=\"og:title\" content=\"Valutafond holder \u00f8ye med Ungarn &#187; WF Finans\" \/>\n<meta property=\"og:description\" content=\"Den Internasjonale Valutafond fors\u00f8ker \u00e5 avklare hvordan den best kan hjelpe de landene, som er kommet i vanskeligheter p\u00e5 grunn av den internasjonale finanskrisen. F\u00f8rst var det Island, som hadde f\u00e5tt store problemer, senere er Ungarn og Ukraina kommet til. Mest overraskende er det at Ungarn er kommet med i dette selskapet, for inntrykket har [&hellip;]\" \/>\n<meta property=\"og:url\" content=\"https:\/\/www.webforumet.no\/finans\/valutafond-holder-\u00f8ye-med-ungarn\/\" \/>\n<meta property=\"og:site_name\" content=\"WF Finans\" \/>\n<meta property=\"article:published_time\" content=\"2009-03-28T17:34:39+00:00\" \/>\n<meta property=\"article:modified_time\" content=\"2018-09-09T21:10:42+00:00\" \/>\n<meta name=\"author\" content=\"admin3\" \/>\n<meta name=\"twitter:card\" content=\"summary_large_image\" \/>\n<meta name=\"twitter:label1\" content=\"Skrevet av\" \/>\n\t<meta name=\"twitter:data1\" content=\"admin3\" \/>\n\t<meta name=\"twitter:label2\" content=\"Ansl. lesetid\" \/>\n\t<meta name=\"twitter:data2\" content=\"1 minutt\" \/>\n<script type=\"application\/ld+json\" class=\"yoast-schema-graph\">{\"@context\":\"https:\\\/\\\/schema.org\",\"@graph\":[{\"@type\":\"Article\",\"@id\":\"https:\\\/\\\/www.webforumet.no\\\/finans\\\/valutafond-holder-%c3%b8ye-med-ungarn\\\/#article\",\"isPartOf\":{\"@id\":\"https:\\\/\\\/www.webforumet.no\\\/finans\\\/valutafond-holder-%c3%b8ye-med-ungarn\\\/\"},\"author\":{\"name\":\"admin3\",\"@id\":\"https:\\\/\\\/www.webforumet.no\\\/finans\\\/#\\\/schema\\\/person\\\/772e8a24610a98ede823a0fdd3db11cf\"},\"headline\":\"Valutafond holder \u00f8ye med Ungarn\",\"datePublished\":\"2009-03-28T17:34:39+00:00\",\"dateModified\":\"2018-09-09T21:10:42+00:00\",\"mainEntityOfPage\":{\"@id\":\"https:\\\/\\\/www.webforumet.no\\\/finans\\\/valutafond-holder-%c3%b8ye-med-ungarn\\\/\"},\"wordCount\":145,\"keywords\":[\"EU\",\"prosent\",\"Valutafond\"],\"articleSection\":[\"Valuta\"],\"inLanguage\":\"nb-NO\"},{\"@type\":\"WebPage\",\"@id\":\"https:\\\/\\\/www.webforumet.no\\\/finans\\\/valutafond-holder-%c3%b8ye-med-ungarn\\\/\",\"url\":\"https:\\\/\\\/www.webforumet.no\\\/finans\\\/valutafond-holder-%c3%b8ye-med-ungarn\\\/\",\"name\":\"Valutafond holder \u00f8ye med Ungarn &#187; WF Finans\",\"isPartOf\":{\"@id\":\"https:\\\/\\\/www.webforumet.no\\\/finans\\\/#website\"},\"datePublished\":\"2009-03-28T17:34:39+00:00\",\"dateModified\":\"2018-09-09T21:10:42+00:00\",\"author\":{\"@id\":\"https:\\\/\\\/www.webforumet.no\\\/finans\\\/#\\\/schema\\\/person\\\/772e8a24610a98ede823a0fdd3db11cf\"},\"breadcrumb\":{\"@id\":\"https:\\\/\\\/www.webforumet.no\\\/finans\\\/valutafond-holder-%c3%b8ye-med-ungarn\\\/#breadcrumb\"},\"inLanguage\":\"nb-NO\",\"potentialAction\":[{\"@type\":\"ReadAction\",\"target\":[\"https:\\\/\\\/www.webforumet.no\\\/finans\\\/valutafond-holder-%c3%b8ye-med-ungarn\\\/\"]}]},{\"@type\":\"BreadcrumbList\",\"@id\":\"https:\\\/\\\/www.webforumet.no\\\/finans\\\/valutafond-holder-%c3%b8ye-med-ungarn\\\/#breadcrumb\",\"itemListElement\":[{\"@type\":\"ListItem\",\"position\":1,\"name\":\"Hjem\",\"item\":\"https:\\\/\\\/www.webforumet.no\\\/finans\\\/\"},{\"@type\":\"ListItem\",\"position\":2,\"name\":\"Valutafond holder \u00f8ye med Ungarn\"}]},{\"@type\":\"WebSite\",\"@id\":\"https:\\\/\\\/www.webforumet.no\\\/finans\\\/#website\",\"url\":\"https:\\\/\\\/www.webforumet.no\\\/finans\\\/\",\"name\":\"WF Finans\",\"description\":\"Finansnyheter\",\"potentialAction\":[{\"@type\":\"SearchAction\",\"target\":{\"@type\":\"EntryPoint\",\"urlTemplate\":\"https:\\\/\\\/www.webforumet.no\\\/finans\\\/?s={search_term_string}\"},\"query-input\":{\"@type\":\"PropertyValueSpecification\",\"valueRequired\":true,\"valueName\":\"search_term_string\"}}],\"inLanguage\":\"nb-NO\"},{\"@type\":\"Person\",\"@id\":\"https:\\\/\\\/www.webforumet.no\\\/finans\\\/#\\\/schema\\\/person\\\/772e8a24610a98ede823a0fdd3db11cf\",\"name\":\"admin3\",\"url\":\"https:\\\/\\\/www.webforumet.no\\\/finans\\\/author\\\/admin3\\\/\"}]}<\/script>\n<!-- \/ Yoast SEO plugin. -->","yoast_head_json":{"title":"Valutafond holder \u00f8ye med Ungarn &#187; WF Finans","robots":{"index":"index","follow":"follow","max-snippet":"max-snippet:-1","max-image-preview":"max-image-preview:large","max-video-preview":"max-video-preview:-1"},"canonical":"https:\/\/www.webforumet.no\/finans\/valutafond-holder-\u00f8ye-med-ungarn\/","og_locale":"nb_NO","og_type":"article","og_title":"Valutafond holder \u00f8ye med Ungarn &#187; WF Finans","og_description":"Den Internasjonale Valutafond fors\u00f8ker \u00e5 avklare hvordan den best kan hjelpe de landene, som er kommet i vanskeligheter p\u00e5 grunn av den internasjonale finanskrisen. F\u00f8rst var det Island, som hadde f\u00e5tt store problemer, senere er Ungarn og Ukraina kommet til. Mest overraskende er det at Ungarn er kommet med i dette selskapet, for inntrykket har [&hellip;]","og_url":"https:\/\/www.webforumet.no\/finans\/valutafond-holder-\u00f8ye-med-ungarn\/","og_site_name":"WF Finans","article_published_time":"2009-03-28T17:34:39+00:00","article_modified_time":"2018-09-09T21:10:42+00:00","author":"admin3","twitter_card":"summary_large_image","twitter_misc":{"Skrevet av":"admin3","Ansl. lesetid":"1 minutt"},"schema":{"@context":"https:\/\/schema.org","@graph":[{"@type":"Article","@id":"https:\/\/www.webforumet.no\/finans\/valutafond-holder-%c3%b8ye-med-ungarn\/#article","isPartOf":{"@id":"https:\/\/www.webforumet.no\/finans\/valutafond-holder-%c3%b8ye-med-ungarn\/"},"author":{"name":"admin3","@id":"https:\/\/www.webforumet.no\/finans\/#\/schema\/person\/772e8a24610a98ede823a0fdd3db11cf"},"headline":"Valutafond holder \u00f8ye med Ungarn","datePublished":"2009-03-28T17:34:39+00:00","dateModified":"2018-09-09T21:10:42+00:00","mainEntityOfPage":{"@id":"https:\/\/www.webforumet.no\/finans\/valutafond-holder-%c3%b8ye-med-ungarn\/"},"wordCount":145,"keywords":["EU","prosent","Valutafond"],"articleSection":["Valuta"],"inLanguage":"nb-NO"},{"@type":"WebPage","@id":"https:\/\/www.webforumet.no\/finans\/valutafond-holder-%c3%b8ye-med-ungarn\/","url":"https:\/\/www.webforumet.no\/finans\/valutafond-holder-%c3%b8ye-med-ungarn\/","name":"Valutafond holder \u00f8ye med Ungarn &#187; WF Finans","isPartOf":{"@id":"https:\/\/www.webforumet.no\/finans\/#website"},"datePublished":"2009-03-28T17:34:39+00:00","dateModified":"2018-09-09T21:10:42+00:00","author":{"@id":"https:\/\/www.webforumet.no\/finans\/#\/schema\/person\/772e8a24610a98ede823a0fdd3db11cf"},"breadcrumb":{"@id":"https:\/\/www.webforumet.no\/finans\/valutafond-holder-%c3%b8ye-med-ungarn\/#breadcrumb"},"inLanguage":"nb-NO","potentialAction":[{"@type":"ReadAction","target":["https:\/\/www.webforumet.no\/finans\/valutafond-holder-%c3%b8ye-med-ungarn\/"]}]},{"@type":"BreadcrumbList","@id":"https:\/\/www.webforumet.no\/finans\/valutafond-holder-%c3%b8ye-med-ungarn\/#breadcrumb","itemListElement":[{"@type":"ListItem","position":1,"name":"Hjem","item":"https:\/\/www.webforumet.no\/finans\/"},{"@type":"ListItem","position":2,"name":"Valutafond holder \u00f8ye med Ungarn"}]},{"@type":"WebSite","@id":"https:\/\/www.webforumet.no\/finans\/#website","url":"https:\/\/www.webforumet.no\/finans\/","name":"WF Finans","description":"Finansnyheter","potentialAction":[{"@type":"SearchAction","target":{"@type":"EntryPoint","urlTemplate":"https:\/\/www.webforumet.no\/finans\/?s={search_term_string}"},"query-input":{"@type":"PropertyValueSpecification","valueRequired":true,"valueName":"search_term_string"}}],"inLanguage":"nb-NO"},{"@type":"Person","@id":"https:\/\/www.webforumet.no\/finans\/#\/schema\/person\/772e8a24610a98ede823a0fdd3db11cf","name":"admin3","url":"https:\/\/www.webforumet.no\/finans\/author\/admin3\/"}]}},"_links":{"self":[{"href":"https:\/\/www.webforumet.no\/finans\/wp-json\/wp\/v2\/posts\/3477","targetHints":{"allow":["GET"]}}],"collection":[{"href":"https:\/\/www.webforumet.no\/finans\/wp-json\/wp\/v2\/posts"}],"about":[{"href":"https:\/\/www.webforumet.no\/finans\/wp-json\/wp\/v2\/types\/post"}],"author":[{"embeddable":true,"href":"https:\/\/www.webforumet.no\/finans\/wp-json\/wp\/v2\/users\/2"}],"replies":[{"embeddable":true,"href":"https:\/\/www.webforumet.no\/finans\/wp-json\/wp\/v2\/comments?post=3477"}],"version-history":[{"count":1,"href":"https:\/\/www.webforumet.no\/finans\/wp-json\/wp\/v2\/posts\/3477\/revisions"}],"predecessor-version":[{"id":13205,"href":"https:\/\/www.webforumet.no\/finans\/wp-json\/wp\/v2\/posts\/3477\/revisions\/13205"}],"wp:attachment":[{"href":"https:\/\/www.webforumet.no\/finans\/wp-json\/wp\/v2\/media?parent=3477"}],"wp:term":[{"taxonomy":"category","embeddable":true,"href":"https:\/\/www.webforumet.no\/finans\/wp-json\/wp\/v2\/categories?post=3477"},{"taxonomy":"post_tag","embeddable":true,"href":"https:\/\/www.webforumet.no\/finans\/wp-json\/wp\/v2\/tags?post=3477"}],"curies":[{"name":"wp","href":"https:\/\/api.w.org\/{rel}","templated":true}]}}