{"id":3550,"date":"2009-04-08T21:25:59","date_gmt":"2009-04-08T21:25:59","guid":{"rendered":"http:\/\/xn--lne-ula.priv.no\/?p=3550"},"modified":"2018-09-09T23:10:42","modified_gmt":"2018-09-09T21:10:42","slug":"asem-toppmote-apner-i-finanskrisens-tegn","status":"publish","type":"post","link":"https:\/\/www.webforumet.no\/finans\/asem-toppmote-apner-i-finanskrisens-tegn\/","title":{"rendered":"ASEM-toppm\u00f8te \u00e5pner i finanskrisens tegn"},"content":{"rendered":"<p>24. oktober 2008 08.48 Utland Opdat.: 24. oktober 2008 10.16<br \/>\nDen internasjonale finanskrisen preger dagsordenen i mediene for \u00f8yeblikket, og kommer ogs\u00e5 til \u00e5 prege dagsordenen p\u00e5 det syvende ASEM-toppm\u00f8tet mellom asiatiske og europeiske ledere, som \u00e5pner i Kinas hovedstad, Beijing, i dag.<br \/>\nFormannen for EU-ekspedit\u00f8r-ionet, Jose Barroso, slo an tonen i g\u00e5r, da han i en tale i Beijing sa at et internasjonalt samarbeid p\u00e5 et hittil usett niv\u00e5 er n\u00f8dvendig for \u00e5 takle krisen.<br \/>\n&#8211; Enten sv\u00f8mmer vi sammen, eller ogs\u00e5 synker vi sammen, som han formulerte det.<br \/>\nFogh: Utrydd proteksjonismen<br \/>\nTopm\u00f8det blir avholdt hvert annet \u00e5r og har ikke noen reelle beslutningskompetanser, men deltakerne h\u00e5per at de kan n\u00e5 fram til en form for konsensus om hvordan man takler krisen.<br \/>\nDanmarks statsminister Anders Fogh Rasmussen er deltaker i m\u00f8tet, og la seg i en tale i g\u00e5r i slippstr\u00f8mmen p\u00e5 kommisionsformanden ved \u00e5 si at internasjonalt samarbeid og en regulering av det finansielle markedet er p\u00e5krevd.<br \/>\n&#8211; Det, som er behov for, er ikke proteksjonisme, men et \u00e5pent marked og en mer globalisert verdenshandel, sa han.<br \/>\nAnders Fogh oppfordret verdens land til \u00e5 konsolidere og fremme global frihandel og en fri utveksling av kapital og ideer til felles fordel.<br \/>\nKina: konference giver mulighed for ny start<br \/>\nDen franske presidenten Nicolas Sarkozy har tidligere uttalt at han vil benytte ASEM-m\u00f8tet til \u00e5 overbevise asiatene om at de skal g\u00e5 med p\u00e5 \u00e5 endre regelboken for internasjonal samhandel.<br \/>\nMen det er en kamp, som ikke lar til \u00e5 bli s\u00e6rlig hard.<br \/>\nDen kinesiske ledelsen ga nemlig i g\u00e5r i tr\u00e5d med Barroso og Fogh uttrykk for at denne konferansen var en mulighet for \u00e5 legge kimen til en grunnleggende forandring av det internasjonale \u00f8konomiske samarbeidet.<br \/>\n&#8211; Vi blir n\u00f8dt til \u00e5 utforske mulighetene for \u00e5 reformere de internasjonale \u00f8konomiske strukturene for \u00e5 stabilisere finansmarkedet og sikre en stabil internasjonal \u00f8konomi, sa talsmannen for det kinesiske utenriksdepartementet, Liu Jianchao.<br \/>\nKinas avtale med Singapore ikke den siste av slags sin<br \/>\nStatsministeren hans, Wen Jiabao, ser ogs\u00e5 krisen som en mulighet for \u00e5 styrke det \u00f8konomiske samarbeidet. I g\u00e5r signerte han slik en frihandelsavtale med Singapore, og det er sannsynligvis ikke den siste avtalen av slags sin fra h\u00e5nda hans.<br \/>\n&#8211; Det er viktig for de asiatiske landene \u00e5 arbeide sammen og opprettholde den dynamikken og utholdenhet som har kjennetegnet de siste ti\u00e5renes utvikling i Asia, sa han etter m\u00f8tet med Singapores statsminister i g\u00e5r.<br \/>\nDen kinesiske visepresidenten Xi Jinping slo fast poenget ved en tale til en internasjonal konferanse for forretningsfolk, som er g\u00e5tt forut for toppm\u00f8tet i Beijing.<br \/>\n&#8211; Verdens land b\u00f8r s\u00f8ke sterkt finansiell dialog og koordinasjon, utforske nye samarbeidsomr\u00e5der og fremme en reform av de internasjonale \u00f8konomiske institusjonene, s\u00e5 de bedre kan st\u00e5 imot de finansielle risikoene, sa han.<br \/>\nM\u00f8de om annet enn finanskrise<br \/>\nFinanskrisen blir ikke det eneste punktet p\u00e5 dagsordenen. Deltakerne skal ogs\u00e5 diskutere andre globale problemer som klimaforandringer og matvaresikkerhet. Det er to punkter, som de kinesiske vertene har gjort en del ut av \u00e5 vise at de tar alvorlig.<br \/>\nDen kinesiske presidenten lovet slik p\u00e5 et m\u00f8te med Anders Fogh Rasmussen forleden at Kina ville arbeide konstruktivt for \u00e5 skape en felles avtale p\u00e5 klimatoppm\u00f8tet i K\u00f8benhavn neste \u00e5r om \u00e5 senke utslippet av drivhusgasser.<br \/>\nASEM<br \/>\n    *<br \/>\n      ASEM er et samarbeid imellom EU og asiatiske land. Her dr\u00f8ftes politiske, \u00f8konomiske og kulturelle sp\u00f8rsm\u00e5l.<br \/>\n    *<br \/>\n      Det f\u00f8rste ASEM-toppm\u00f8tet fant sted i Bangkok i 1996.<br \/>\n    *<br \/>\n      De 45 medlemmene av ASEM er EUS 27 medlemsland, Aseans 10 land samt Kina, India, Japan, S\u00f8r-Korea, Mongolia og Pakistan. Dessuten deltar EU-KOMMISSIONEN og Asean-sekretariatet.<br \/>\n    *<br \/>\n      ASEM representerer omkring halvdelen av det globale bruttonasjonalproduktet, 60 prosent av verdens befolkning og 60 prosent av den globale handelen.<br \/>\n    *<br \/>\n      Asean best\u00e5r av Thailand, Indonesia, Malaysia, Filippinene, Singapore, Brunei, Vietnam, Laos, Myanmar og Kambodsja.<br \/>\nTeksten du akkurat har lest er oversatt fra engelsk og kan inneholde opplysninger som ikke gjelder for norske forhold.<\/p>\n","protected":false},"excerpt":{"rendered":"<p>24. oktober 2008 08.48 Utland Opdat.: 24. oktober 2008 10.16 Den internasjonale finanskrisen preger dagsordenen i mediene for \u00f8yeblikket, og kommer ogs\u00e5 til \u00e5 prege dagsordenen p\u00e5 det syvende ASEM-toppm\u00f8tet mellom asiatiske og europeiske ledere, som \u00e5pner i Kinas hovedstad, Beijing, i dag. Formannen for EU-ekspedit\u00f8r-ionet, Jose Barroso, slo an tonen i g\u00e5r, da han [&hellip;]<\/p>\n","protected":false},"author":2,"featured_media":0,"comment_status":"closed","ping_status":"open","sticky":false,"template":"","format":"standard","meta":{"_et_pb_use_builder":"","_et_pb_old_content":"","_et_gb_content_width":"","footnotes":""},"categories":[287],"tags":[257,254,158],"class_list":["post-3550","post","type-post","status-publish","format-standard","hentry","category-samfunn","tag-asem","tag-asia","tag-eu"],"yoast_head":"<!-- This site is optimized with the Yoast SEO plugin v27.5 - https:\/\/yoast.com\/product\/yoast-seo-wordpress\/ -->\n<title>ASEM-toppm\u00f8te \u00e5pner i finanskrisens tegn &#187; WF Finans<\/title>\n<meta name=\"robots\" content=\"index, follow, max-snippet:-1, max-image-preview:large, max-video-preview:-1\" \/>\n<link rel=\"canonical\" href=\"https:\/\/www.webforumet.no\/finans\/asem-toppmote-apner-i-finanskrisens-tegn\/\" \/>\n<meta property=\"og:locale\" content=\"nb_NO\" \/>\n<meta property=\"og:type\" content=\"article\" \/>\n<meta property=\"og:title\" content=\"ASEM-toppm\u00f8te \u00e5pner i finanskrisens tegn &#187; WF Finans\" \/>\n<meta property=\"og:description\" content=\"24. oktober 2008 08.48 Utland Opdat.: 24. oktober 2008 10.16 Den internasjonale finanskrisen preger dagsordenen i mediene for \u00f8yeblikket, og kommer ogs\u00e5 til \u00e5 prege dagsordenen p\u00e5 det syvende ASEM-toppm\u00f8tet mellom asiatiske og europeiske ledere, som \u00e5pner i Kinas hovedstad, Beijing, i dag. Formannen for EU-ekspedit\u00f8r-ionet, Jose Barroso, slo an tonen i g\u00e5r, da han [&hellip;]\" \/>\n<meta property=\"og:url\" content=\"https:\/\/www.webforumet.no\/finans\/asem-toppmote-apner-i-finanskrisens-tegn\/\" \/>\n<meta property=\"og:site_name\" content=\"WF Finans\" \/>\n<meta property=\"article:published_time\" content=\"2009-04-08T21:25:59+00:00\" \/>\n<meta property=\"article:modified_time\" content=\"2018-09-09T21:10:42+00:00\" \/>\n<meta name=\"author\" content=\"admin3\" \/>\n<meta name=\"twitter:card\" content=\"summary_large_image\" \/>\n<meta name=\"twitter:label1\" content=\"Skrevet av\" \/>\n\t<meta name=\"twitter:data1\" content=\"admin3\" \/>\n\t<meta name=\"twitter:label2\" content=\"Ansl. lesetid\" \/>\n\t<meta name=\"twitter:data2\" content=\"3 minutter\" \/>\n<script type=\"application\/ld+json\" class=\"yoast-schema-graph\">{\"@context\":\"https:\\\/\\\/schema.org\",\"@graph\":[{\"@type\":\"Article\",\"@id\":\"https:\\\/\\\/www.webforumet.no\\\/finans\\\/asem-toppmote-apner-i-finanskrisens-tegn\\\/#article\",\"isPartOf\":{\"@id\":\"https:\\\/\\\/www.webforumet.no\\\/finans\\\/asem-toppmote-apner-i-finanskrisens-tegn\\\/\"},\"author\":{\"name\":\"admin3\",\"@id\":\"https:\\\/\\\/www.webforumet.no\\\/finans\\\/#\\\/schema\\\/person\\\/772e8a24610a98ede823a0fdd3db11cf\"},\"headline\":\"ASEM-toppm\u00f8te \u00e5pner i finanskrisens tegn\",\"datePublished\":\"2009-04-08T21:25:59+00:00\",\"dateModified\":\"2018-09-09T21:10:42+00:00\",\"mainEntityOfPage\":{\"@id\":\"https:\\\/\\\/www.webforumet.no\\\/finans\\\/asem-toppmote-apner-i-finanskrisens-tegn\\\/\"},\"wordCount\":660,\"keywords\":[\"ASEM\",\"Asia\",\"EU\"],\"articleSection\":[\"Samfunn\"],\"inLanguage\":\"nb-NO\"},{\"@type\":\"WebPage\",\"@id\":\"https:\\\/\\\/www.webforumet.no\\\/finans\\\/asem-toppmote-apner-i-finanskrisens-tegn\\\/\",\"url\":\"https:\\\/\\\/www.webforumet.no\\\/finans\\\/asem-toppmote-apner-i-finanskrisens-tegn\\\/\",\"name\":\"ASEM-toppm\u00f8te \u00e5pner i finanskrisens tegn &#187; WF Finans\",\"isPartOf\":{\"@id\":\"https:\\\/\\\/www.webforumet.no\\\/finans\\\/#website\"},\"datePublished\":\"2009-04-08T21:25:59+00:00\",\"dateModified\":\"2018-09-09T21:10:42+00:00\",\"author\":{\"@id\":\"https:\\\/\\\/www.webforumet.no\\\/finans\\\/#\\\/schema\\\/person\\\/772e8a24610a98ede823a0fdd3db11cf\"},\"breadcrumb\":{\"@id\":\"https:\\\/\\\/www.webforumet.no\\\/finans\\\/asem-toppmote-apner-i-finanskrisens-tegn\\\/#breadcrumb\"},\"inLanguage\":\"nb-NO\",\"potentialAction\":[{\"@type\":\"ReadAction\",\"target\":[\"https:\\\/\\\/www.webforumet.no\\\/finans\\\/asem-toppmote-apner-i-finanskrisens-tegn\\\/\"]}]},{\"@type\":\"BreadcrumbList\",\"@id\":\"https:\\\/\\\/www.webforumet.no\\\/finans\\\/asem-toppmote-apner-i-finanskrisens-tegn\\\/#breadcrumb\",\"itemListElement\":[{\"@type\":\"ListItem\",\"position\":1,\"name\":\"Hjem\",\"item\":\"https:\\\/\\\/www.webforumet.no\\\/finans\\\/\"},{\"@type\":\"ListItem\",\"position\":2,\"name\":\"ASEM-toppm\u00f8te \u00e5pner i finanskrisens tegn\"}]},{\"@type\":\"WebSite\",\"@id\":\"https:\\\/\\\/www.webforumet.no\\\/finans\\\/#website\",\"url\":\"https:\\\/\\\/www.webforumet.no\\\/finans\\\/\",\"name\":\"WF Finans\",\"description\":\"Finansnyheter\",\"potentialAction\":[{\"@type\":\"SearchAction\",\"target\":{\"@type\":\"EntryPoint\",\"urlTemplate\":\"https:\\\/\\\/www.webforumet.no\\\/finans\\\/?s={search_term_string}\"},\"query-input\":{\"@type\":\"PropertyValueSpecification\",\"valueRequired\":true,\"valueName\":\"search_term_string\"}}],\"inLanguage\":\"nb-NO\"},{\"@type\":\"Person\",\"@id\":\"https:\\\/\\\/www.webforumet.no\\\/finans\\\/#\\\/schema\\\/person\\\/772e8a24610a98ede823a0fdd3db11cf\",\"name\":\"admin3\",\"url\":\"https:\\\/\\\/www.webforumet.no\\\/finans\\\/author\\\/admin3\\\/\"}]}<\/script>\n<!-- \/ Yoast SEO plugin. -->","yoast_head_json":{"title":"ASEM-toppm\u00f8te \u00e5pner i finanskrisens tegn &#187; WF Finans","robots":{"index":"index","follow":"follow","max-snippet":"max-snippet:-1","max-image-preview":"max-image-preview:large","max-video-preview":"max-video-preview:-1"},"canonical":"https:\/\/www.webforumet.no\/finans\/asem-toppmote-apner-i-finanskrisens-tegn\/","og_locale":"nb_NO","og_type":"article","og_title":"ASEM-toppm\u00f8te \u00e5pner i finanskrisens tegn &#187; WF Finans","og_description":"24. oktober 2008 08.48 Utland Opdat.: 24. oktober 2008 10.16 Den internasjonale finanskrisen preger dagsordenen i mediene for \u00f8yeblikket, og kommer ogs\u00e5 til \u00e5 prege dagsordenen p\u00e5 det syvende ASEM-toppm\u00f8tet mellom asiatiske og europeiske ledere, som \u00e5pner i Kinas hovedstad, Beijing, i dag. Formannen for EU-ekspedit\u00f8r-ionet, Jose Barroso, slo an tonen i g\u00e5r, da han [&hellip;]","og_url":"https:\/\/www.webforumet.no\/finans\/asem-toppmote-apner-i-finanskrisens-tegn\/","og_site_name":"WF Finans","article_published_time":"2009-04-08T21:25:59+00:00","article_modified_time":"2018-09-09T21:10:42+00:00","author":"admin3","twitter_card":"summary_large_image","twitter_misc":{"Skrevet av":"admin3","Ansl. lesetid":"3 minutter"},"schema":{"@context":"https:\/\/schema.org","@graph":[{"@type":"Article","@id":"https:\/\/www.webforumet.no\/finans\/asem-toppmote-apner-i-finanskrisens-tegn\/#article","isPartOf":{"@id":"https:\/\/www.webforumet.no\/finans\/asem-toppmote-apner-i-finanskrisens-tegn\/"},"author":{"name":"admin3","@id":"https:\/\/www.webforumet.no\/finans\/#\/schema\/person\/772e8a24610a98ede823a0fdd3db11cf"},"headline":"ASEM-toppm\u00f8te \u00e5pner i finanskrisens tegn","datePublished":"2009-04-08T21:25:59+00:00","dateModified":"2018-09-09T21:10:42+00:00","mainEntityOfPage":{"@id":"https:\/\/www.webforumet.no\/finans\/asem-toppmote-apner-i-finanskrisens-tegn\/"},"wordCount":660,"keywords":["ASEM","Asia","EU"],"articleSection":["Samfunn"],"inLanguage":"nb-NO"},{"@type":"WebPage","@id":"https:\/\/www.webforumet.no\/finans\/asem-toppmote-apner-i-finanskrisens-tegn\/","url":"https:\/\/www.webforumet.no\/finans\/asem-toppmote-apner-i-finanskrisens-tegn\/","name":"ASEM-toppm\u00f8te \u00e5pner i finanskrisens tegn &#187; WF Finans","isPartOf":{"@id":"https:\/\/www.webforumet.no\/finans\/#website"},"datePublished":"2009-04-08T21:25:59+00:00","dateModified":"2018-09-09T21:10:42+00:00","author":{"@id":"https:\/\/www.webforumet.no\/finans\/#\/schema\/person\/772e8a24610a98ede823a0fdd3db11cf"},"breadcrumb":{"@id":"https:\/\/www.webforumet.no\/finans\/asem-toppmote-apner-i-finanskrisens-tegn\/#breadcrumb"},"inLanguage":"nb-NO","potentialAction":[{"@type":"ReadAction","target":["https:\/\/www.webforumet.no\/finans\/asem-toppmote-apner-i-finanskrisens-tegn\/"]}]},{"@type":"BreadcrumbList","@id":"https:\/\/www.webforumet.no\/finans\/asem-toppmote-apner-i-finanskrisens-tegn\/#breadcrumb","itemListElement":[{"@type":"ListItem","position":1,"name":"Hjem","item":"https:\/\/www.webforumet.no\/finans\/"},{"@type":"ListItem","position":2,"name":"ASEM-toppm\u00f8te \u00e5pner i finanskrisens tegn"}]},{"@type":"WebSite","@id":"https:\/\/www.webforumet.no\/finans\/#website","url":"https:\/\/www.webforumet.no\/finans\/","name":"WF Finans","description":"Finansnyheter","potentialAction":[{"@type":"SearchAction","target":{"@type":"EntryPoint","urlTemplate":"https:\/\/www.webforumet.no\/finans\/?s={search_term_string}"},"query-input":{"@type":"PropertyValueSpecification","valueRequired":true,"valueName":"search_term_string"}}],"inLanguage":"nb-NO"},{"@type":"Person","@id":"https:\/\/www.webforumet.no\/finans\/#\/schema\/person\/772e8a24610a98ede823a0fdd3db11cf","name":"admin3","url":"https:\/\/www.webforumet.no\/finans\/author\/admin3\/"}]}},"_links":{"self":[{"href":"https:\/\/www.webforumet.no\/finans\/wp-json\/wp\/v2\/posts\/3550","targetHints":{"allow":["GET"]}}],"collection":[{"href":"https:\/\/www.webforumet.no\/finans\/wp-json\/wp\/v2\/posts"}],"about":[{"href":"https:\/\/www.webforumet.no\/finans\/wp-json\/wp\/v2\/types\/post"}],"author":[{"embeddable":true,"href":"https:\/\/www.webforumet.no\/finans\/wp-json\/wp\/v2\/users\/2"}],"replies":[{"embeddable":true,"href":"https:\/\/www.webforumet.no\/finans\/wp-json\/wp\/v2\/comments?post=3550"}],"version-history":[{"count":1,"href":"https:\/\/www.webforumet.no\/finans\/wp-json\/wp\/v2\/posts\/3550\/revisions"}],"predecessor-version":[{"id":13199,"href":"https:\/\/www.webforumet.no\/finans\/wp-json\/wp\/v2\/posts\/3550\/revisions\/13199"}],"wp:attachment":[{"href":"https:\/\/www.webforumet.no\/finans\/wp-json\/wp\/v2\/media?parent=3550"}],"wp:term":[{"taxonomy":"category","embeddable":true,"href":"https:\/\/www.webforumet.no\/finans\/wp-json\/wp\/v2\/categories?post=3550"},{"taxonomy":"post_tag","embeddable":true,"href":"https:\/\/www.webforumet.no\/finans\/wp-json\/wp\/v2\/tags?post=3550"}],"curies":[{"name":"wp","href":"https:\/\/api.w.org\/{rel}","templated":true}]}}