{"id":3554,"date":"2009-04-10T21:27:57","date_gmt":"2009-04-10T21:27:57","guid":{"rendered":"http:\/\/xn--lne-ula.priv.no\/?p=3554"},"modified":"2018-09-09T23:10:42","modified_gmt":"2018-09-09T21:10:42","slug":"toppmote-skal-koordinere-kriseinnsats","status":"publish","type":"post","link":"https:\/\/www.webforumet.no\/finans\/toppmote-skal-koordinere-kriseinnsats\/","title":{"rendered":"Toppm\u00f8te skal koordinere kriseinnsats"},"content":{"rendered":"<p>I g\u00e5r kom det bud om at den tyske \u00f8konomien teknisk sett er i resesjon, det vil si at den har trukket sammen seg i to kvartal i strekk n\u00e5.<br \/>\nI dag kom samme melding f\u00f8rst fra Italia og s\u00e5 fra hele Euro-sonen, de 15 landene, som er med i euro-samarbeidet. De er samlet sett i resesjon.<br \/>\n\u00d8konomien er ikke bare g\u00e5tt i st\u00e5, det g\u00e5r direkte tilbake. Ledigheten i USA er fortsatt stigende, og antallet tvangsauksjoner i finanskrisens hjemland er fortsatt h\u00f8yt. Og i Kina er industriveksten den laveste i 7 \u00e5r.<br \/>\nMen i morgen m\u00f8tes 20 av verdens st\u00f8rste \u00f8konomier i Washington, for blant annet \u00e5 diskutere regulering av de finansielle markedene. Og det er et tema, som er stor uenighet om.<br \/>\nUenighet er det til gjengjeld ikke om at det skal gang i verdens\u00f8konomien igjen, men problemet er hvordan. En rekke av landene har stort underskudd p\u00e5 statsbudsjettet, blant annet USA, s\u00e5 hvor skal pengene komme fra?<br \/>\nReguleringen, eller mangel p\u00e5 samme, av de finansielle markedene blir ogs\u00e5 diskutert i morgen. Men det vil neppe v\u00e6re samme enighet om det temaet som det er omkring en stimulering av verdens\u00f8konomien.<br \/>\nAllerede i g\u00e5r uttalte den avg\u00e5ende amerikanske presidenten, George W. Bush at han ikke vil ha mer regjering og dermed regulering, men mer intelligent regjering. Det skal ikke diskuteres en gjenoppfinnelse av frimarkedssystemet.<br \/>\nDen holdningen deler han imidlertid ikke med de europeiske lederne, som vil ha reformer og mer regulering av finansmarkedene.<br \/>\nTeksten du akkurat har lest er oversatt fra engelsk og kan inneholde opplysninger som ikke gjelder for norske forhold.<\/p>\n","protected":false},"excerpt":{"rendered":"<p>I g\u00e5r kom det bud om at den tyske \u00f8konomien teknisk sett er i resesjon, det vil si at den har trukket sammen seg i to kvartal i strekk n\u00e5. I dag kom samme melding f\u00f8rst fra Italia og s\u00e5 fra hele Euro-sonen, de 15 landene, som er med i euro-samarbeidet. De er samlet sett [&hellip;]<\/p>\n","protected":false},"author":2,"featured_media":0,"comment_status":"closed","ping_status":"open","sticky":false,"template":"","format":"standard","meta":{"_et_pb_use_builder":"","_et_pb_old_content":"","_et_gb_content_width":"","footnotes":""},"categories":[287],"tags":[153,501],"class_list":["post-3554","post","type-post","status-publish","format-standard","hentry","category-samfunn","tag-oekonomi","tag-verden"],"yoast_head":"<!-- This site is optimized with the Yoast SEO plugin v27.5 - https:\/\/yoast.com\/product\/yoast-seo-wordpress\/ -->\n<title>Toppm\u00f8te skal koordinere kriseinnsats &#187; WF Finans<\/title>\n<meta name=\"robots\" content=\"index, follow, max-snippet:-1, max-image-preview:large, max-video-preview:-1\" \/>\n<link rel=\"canonical\" href=\"https:\/\/www.webforumet.no\/finans\/toppmote-skal-koordinere-kriseinnsats\/\" \/>\n<meta property=\"og:locale\" content=\"nb_NO\" \/>\n<meta property=\"og:type\" content=\"article\" \/>\n<meta property=\"og:title\" content=\"Toppm\u00f8te skal koordinere kriseinnsats &#187; WF Finans\" \/>\n<meta property=\"og:description\" content=\"I g\u00e5r kom det bud om at den tyske \u00f8konomien teknisk sett er i resesjon, det vil si at den har trukket sammen seg i to kvartal i strekk n\u00e5. I dag kom samme melding f\u00f8rst fra Italia og s\u00e5 fra hele Euro-sonen, de 15 landene, som er med i euro-samarbeidet. De er samlet sett [&hellip;]\" \/>\n<meta property=\"og:url\" content=\"https:\/\/www.webforumet.no\/finans\/toppmote-skal-koordinere-kriseinnsats\/\" \/>\n<meta property=\"og:site_name\" content=\"WF Finans\" \/>\n<meta property=\"article:published_time\" content=\"2009-04-10T21:27:57+00:00\" \/>\n<meta property=\"article:modified_time\" content=\"2018-09-09T21:10:42+00:00\" \/>\n<meta name=\"author\" content=\"admin3\" \/>\n<meta name=\"twitter:card\" content=\"summary_large_image\" \/>\n<meta name=\"twitter:label1\" content=\"Skrevet av\" \/>\n\t<meta name=\"twitter:data1\" content=\"admin3\" \/>\n\t<meta name=\"twitter:label2\" content=\"Ansl. lesetid\" \/>\n\t<meta name=\"twitter:data2\" content=\"1 minutt\" \/>\n<script type=\"application\/ld+json\" class=\"yoast-schema-graph\">{\"@context\":\"https:\\\/\\\/schema.org\",\"@graph\":[{\"@type\":\"Article\",\"@id\":\"https:\\\/\\\/www.webforumet.no\\\/finans\\\/toppmote-skal-koordinere-kriseinnsats\\\/#article\",\"isPartOf\":{\"@id\":\"https:\\\/\\\/www.webforumet.no\\\/finans\\\/toppmote-skal-koordinere-kriseinnsats\\\/\"},\"author\":{\"name\":\"admin3\",\"@id\":\"https:\\\/\\\/www.webforumet.no\\\/finans\\\/#\\\/schema\\\/person\\\/772e8a24610a98ede823a0fdd3db11cf\"},\"headline\":\"Toppm\u00f8te skal koordinere kriseinnsats\",\"datePublished\":\"2009-04-10T21:27:57+00:00\",\"dateModified\":\"2018-09-09T21:10:42+00:00\",\"mainEntityOfPage\":{\"@id\":\"https:\\\/\\\/www.webforumet.no\\\/finans\\\/toppmote-skal-koordinere-kriseinnsats\\\/\"},\"wordCount\":276,\"keywords\":[\"\u00f8konomi\",\"verden\"],\"articleSection\":[\"Samfunn\"],\"inLanguage\":\"nb-NO\"},{\"@type\":\"WebPage\",\"@id\":\"https:\\\/\\\/www.webforumet.no\\\/finans\\\/toppmote-skal-koordinere-kriseinnsats\\\/\",\"url\":\"https:\\\/\\\/www.webforumet.no\\\/finans\\\/toppmote-skal-koordinere-kriseinnsats\\\/\",\"name\":\"Toppm\u00f8te skal koordinere kriseinnsats &#187; WF Finans\",\"isPartOf\":{\"@id\":\"https:\\\/\\\/www.webforumet.no\\\/finans\\\/#website\"},\"datePublished\":\"2009-04-10T21:27:57+00:00\",\"dateModified\":\"2018-09-09T21:10:42+00:00\",\"author\":{\"@id\":\"https:\\\/\\\/www.webforumet.no\\\/finans\\\/#\\\/schema\\\/person\\\/772e8a24610a98ede823a0fdd3db11cf\"},\"breadcrumb\":{\"@id\":\"https:\\\/\\\/www.webforumet.no\\\/finans\\\/toppmote-skal-koordinere-kriseinnsats\\\/#breadcrumb\"},\"inLanguage\":\"nb-NO\",\"potentialAction\":[{\"@type\":\"ReadAction\",\"target\":[\"https:\\\/\\\/www.webforumet.no\\\/finans\\\/toppmote-skal-koordinere-kriseinnsats\\\/\"]}]},{\"@type\":\"BreadcrumbList\",\"@id\":\"https:\\\/\\\/www.webforumet.no\\\/finans\\\/toppmote-skal-koordinere-kriseinnsats\\\/#breadcrumb\",\"itemListElement\":[{\"@type\":\"ListItem\",\"position\":1,\"name\":\"Hjem\",\"item\":\"https:\\\/\\\/www.webforumet.no\\\/finans\\\/\"},{\"@type\":\"ListItem\",\"position\":2,\"name\":\"Toppm\u00f8te skal koordinere kriseinnsats\"}]},{\"@type\":\"WebSite\",\"@id\":\"https:\\\/\\\/www.webforumet.no\\\/finans\\\/#website\",\"url\":\"https:\\\/\\\/www.webforumet.no\\\/finans\\\/\",\"name\":\"WF Finans\",\"description\":\"Finansnyheter\",\"potentialAction\":[{\"@type\":\"SearchAction\",\"target\":{\"@type\":\"EntryPoint\",\"urlTemplate\":\"https:\\\/\\\/www.webforumet.no\\\/finans\\\/?s={search_term_string}\"},\"query-input\":{\"@type\":\"PropertyValueSpecification\",\"valueRequired\":true,\"valueName\":\"search_term_string\"}}],\"inLanguage\":\"nb-NO\"},{\"@type\":\"Person\",\"@id\":\"https:\\\/\\\/www.webforumet.no\\\/finans\\\/#\\\/schema\\\/person\\\/772e8a24610a98ede823a0fdd3db11cf\",\"name\":\"admin3\",\"url\":\"https:\\\/\\\/www.webforumet.no\\\/finans\\\/author\\\/admin3\\\/\"}]}<\/script>\n<!-- \/ Yoast SEO plugin. -->","yoast_head_json":{"title":"Toppm\u00f8te skal koordinere kriseinnsats &#187; WF Finans","robots":{"index":"index","follow":"follow","max-snippet":"max-snippet:-1","max-image-preview":"max-image-preview:large","max-video-preview":"max-video-preview:-1"},"canonical":"https:\/\/www.webforumet.no\/finans\/toppmote-skal-koordinere-kriseinnsats\/","og_locale":"nb_NO","og_type":"article","og_title":"Toppm\u00f8te skal koordinere kriseinnsats &#187; WF Finans","og_description":"I g\u00e5r kom det bud om at den tyske \u00f8konomien teknisk sett er i resesjon, det vil si at den har trukket sammen seg i to kvartal i strekk n\u00e5. I dag kom samme melding f\u00f8rst fra Italia og s\u00e5 fra hele Euro-sonen, de 15 landene, som er med i euro-samarbeidet. De er samlet sett [&hellip;]","og_url":"https:\/\/www.webforumet.no\/finans\/toppmote-skal-koordinere-kriseinnsats\/","og_site_name":"WF Finans","article_published_time":"2009-04-10T21:27:57+00:00","article_modified_time":"2018-09-09T21:10:42+00:00","author":"admin3","twitter_card":"summary_large_image","twitter_misc":{"Skrevet av":"admin3","Ansl. lesetid":"1 minutt"},"schema":{"@context":"https:\/\/schema.org","@graph":[{"@type":"Article","@id":"https:\/\/www.webforumet.no\/finans\/toppmote-skal-koordinere-kriseinnsats\/#article","isPartOf":{"@id":"https:\/\/www.webforumet.no\/finans\/toppmote-skal-koordinere-kriseinnsats\/"},"author":{"name":"admin3","@id":"https:\/\/www.webforumet.no\/finans\/#\/schema\/person\/772e8a24610a98ede823a0fdd3db11cf"},"headline":"Toppm\u00f8te skal koordinere kriseinnsats","datePublished":"2009-04-10T21:27:57+00:00","dateModified":"2018-09-09T21:10:42+00:00","mainEntityOfPage":{"@id":"https:\/\/www.webforumet.no\/finans\/toppmote-skal-koordinere-kriseinnsats\/"},"wordCount":276,"keywords":["\u00f8konomi","verden"],"articleSection":["Samfunn"],"inLanguage":"nb-NO"},{"@type":"WebPage","@id":"https:\/\/www.webforumet.no\/finans\/toppmote-skal-koordinere-kriseinnsats\/","url":"https:\/\/www.webforumet.no\/finans\/toppmote-skal-koordinere-kriseinnsats\/","name":"Toppm\u00f8te skal koordinere kriseinnsats &#187; WF Finans","isPartOf":{"@id":"https:\/\/www.webforumet.no\/finans\/#website"},"datePublished":"2009-04-10T21:27:57+00:00","dateModified":"2018-09-09T21:10:42+00:00","author":{"@id":"https:\/\/www.webforumet.no\/finans\/#\/schema\/person\/772e8a24610a98ede823a0fdd3db11cf"},"breadcrumb":{"@id":"https:\/\/www.webforumet.no\/finans\/toppmote-skal-koordinere-kriseinnsats\/#breadcrumb"},"inLanguage":"nb-NO","potentialAction":[{"@type":"ReadAction","target":["https:\/\/www.webforumet.no\/finans\/toppmote-skal-koordinere-kriseinnsats\/"]}]},{"@type":"BreadcrumbList","@id":"https:\/\/www.webforumet.no\/finans\/toppmote-skal-koordinere-kriseinnsats\/#breadcrumb","itemListElement":[{"@type":"ListItem","position":1,"name":"Hjem","item":"https:\/\/www.webforumet.no\/finans\/"},{"@type":"ListItem","position":2,"name":"Toppm\u00f8te skal koordinere kriseinnsats"}]},{"@type":"WebSite","@id":"https:\/\/www.webforumet.no\/finans\/#website","url":"https:\/\/www.webforumet.no\/finans\/","name":"WF Finans","description":"Finansnyheter","potentialAction":[{"@type":"SearchAction","target":{"@type":"EntryPoint","urlTemplate":"https:\/\/www.webforumet.no\/finans\/?s={search_term_string}"},"query-input":{"@type":"PropertyValueSpecification","valueRequired":true,"valueName":"search_term_string"}}],"inLanguage":"nb-NO"},{"@type":"Person","@id":"https:\/\/www.webforumet.no\/finans\/#\/schema\/person\/772e8a24610a98ede823a0fdd3db11cf","name":"admin3","url":"https:\/\/www.webforumet.no\/finans\/author\/admin3\/"}]}},"_links":{"self":[{"href":"https:\/\/www.webforumet.no\/finans\/wp-json\/wp\/v2\/posts\/3554","targetHints":{"allow":["GET"]}}],"collection":[{"href":"https:\/\/www.webforumet.no\/finans\/wp-json\/wp\/v2\/posts"}],"about":[{"href":"https:\/\/www.webforumet.no\/finans\/wp-json\/wp\/v2\/types\/post"}],"author":[{"embeddable":true,"href":"https:\/\/www.webforumet.no\/finans\/wp-json\/wp\/v2\/users\/2"}],"replies":[{"embeddable":true,"href":"https:\/\/www.webforumet.no\/finans\/wp-json\/wp\/v2\/comments?post=3554"}],"version-history":[{"count":1,"href":"https:\/\/www.webforumet.no\/finans\/wp-json\/wp\/v2\/posts\/3554\/revisions"}],"predecessor-version":[{"id":13198,"href":"https:\/\/www.webforumet.no\/finans\/wp-json\/wp\/v2\/posts\/3554\/revisions\/13198"}],"wp:attachment":[{"href":"https:\/\/www.webforumet.no\/finans\/wp-json\/wp\/v2\/media?parent=3554"}],"wp:term":[{"taxonomy":"category","embeddable":true,"href":"https:\/\/www.webforumet.no\/finans\/wp-json\/wp\/v2\/categories?post=3554"},{"taxonomy":"post_tag","embeddable":true,"href":"https:\/\/www.webforumet.no\/finans\/wp-json\/wp\/v2\/tags?post=3554"}],"curies":[{"name":"wp","href":"https:\/\/api.w.org\/{rel}","templated":true}]}}