{"id":3591,"date":"2008-01-23T16:57:03","date_gmt":"2008-01-23T16:57:03","guid":{"rendered":"http:\/\/xn--lne-ula.priv.no\/?p=3591"},"modified":"2018-09-09T23:08:16","modified_gmt":"2018-09-09T21:08:16","slug":"skatt-pa-utleie","status":"publish","type":"post","link":"https:\/\/www.webforumet.no\/finans\/skatt-pa-utleie\/","title":{"rendered":"Skatt p\u00e5 utleie"},"content":{"rendered":"<p>Sp\u00f8rsm\u00e5l ang. Skatt 2008:<br \/>\nHei, Vi lurer p\u00e5 en ting. Fram til 3. juli s\u00e5 bodde vi i en to mannsbolig hvor vi leide ut en leilighet. Vi flyttet ut den 3. juli og leide s\u00e5 ut den leiligheten vi bodde i.<br \/>\nAlts\u00e5 fra januar til 3. juli leide vi ut en leilighet i huset vi bodde i, mens fra 3. juli leide vi ut begge leilighetene i en tomannsbolig.<br \/>\nHvordan skal vi skatte av dette?<br \/>\nVed utgiftsf\u00f8ring, blir det utgiftene fra 3. juli og utover som vi kan trekke fra?<br \/>\nSvar:<br \/>\nFrem til halv\u00e5rskiftet er utleieinntekten skattefritt. Kostnader kan ikke trekkes fra.<br \/>\nFra halv\u00e5rsskifte er utleieinntektene skattepliktige, og kostnader er fradragsberettiget. <\/p>\n","protected":false},"excerpt":{"rendered":"<p>Sp\u00f8rsm\u00e5l ang. Skatt 2008: Hei, Vi lurer p\u00e5 en ting. Fram til 3. juli s\u00e5 bodde vi i en to mannsbolig hvor vi leide ut en leilighet. Vi flyttet ut den 3. juli og leide s\u00e5 ut den leiligheten vi bodde i. Alts\u00e5 fra januar til 3. juli leide vi ut en leilighet i huset [&hellip;]<\/p>\n","protected":false},"author":2,"featured_media":0,"comment_status":"closed","ping_status":"open","sticky":false,"template":"","format":"standard","meta":{"_et_pb_use_builder":"","_et_pb_old_content":"","_et_gb_content_width":"","footnotes":""},"categories":[22],"tags":[],"class_list":["post-3591","post","type-post","status-publish","format-standard","hentry","category-skatt"],"yoast_head":"<!-- This site is optimized with the Yoast SEO plugin v27.5 - https:\/\/yoast.com\/product\/yoast-seo-wordpress\/ -->\n<title>Skatt p\u00e5 utleie &#187; WF Finans<\/title>\n<meta name=\"robots\" content=\"index, follow, max-snippet:-1, max-image-preview:large, max-video-preview:-1\" \/>\n<link rel=\"canonical\" href=\"https:\/\/www.webforumet.no\/finans\/skatt-pa-utleie\/\" \/>\n<meta property=\"og:locale\" content=\"nb_NO\" \/>\n<meta property=\"og:type\" content=\"article\" \/>\n<meta property=\"og:title\" content=\"Skatt p\u00e5 utleie &#187; WF Finans\" \/>\n<meta property=\"og:description\" content=\"Sp\u00f8rsm\u00e5l ang. Skatt 2008: Hei, Vi lurer p\u00e5 en ting. Fram til 3. juli s\u00e5 bodde vi i en to mannsbolig hvor vi leide ut en leilighet. Vi flyttet ut den 3. juli og leide s\u00e5 ut den leiligheten vi bodde i. Alts\u00e5 fra januar til 3. juli leide vi ut en leilighet i huset [&hellip;]\" \/>\n<meta property=\"og:url\" content=\"https:\/\/www.webforumet.no\/finans\/skatt-pa-utleie\/\" \/>\n<meta property=\"og:site_name\" content=\"WF Finans\" \/>\n<meta property=\"article:published_time\" content=\"2008-01-23T16:57:03+00:00\" \/>\n<meta property=\"article:modified_time\" content=\"2018-09-09T21:08:16+00:00\" \/>\n<meta name=\"author\" content=\"admin3\" \/>\n<meta name=\"twitter:card\" content=\"summary_large_image\" \/>\n<meta name=\"twitter:label1\" content=\"Skrevet av\" \/>\n\t<meta name=\"twitter:data1\" content=\"admin3\" \/>\n\t<meta name=\"twitter:label2\" content=\"Ansl. lesetid\" \/>\n\t<meta name=\"twitter:data2\" content=\"1 minutt\" \/>\n<script type=\"application\/ld+json\" class=\"yoast-schema-graph\">{\"@context\":\"https:\\\/\\\/schema.org\",\"@graph\":[{\"@type\":\"Article\",\"@id\":\"https:\\\/\\\/www.webforumet.no\\\/finans\\\/skatt-pa-utleie\\\/#article\",\"isPartOf\":{\"@id\":\"https:\\\/\\\/www.webforumet.no\\\/finans\\\/skatt-pa-utleie\\\/\"},\"author\":{\"name\":\"admin3\",\"@id\":\"https:\\\/\\\/www.webforumet.no\\\/finans\\\/#\\\/schema\\\/person\\\/772e8a24610a98ede823a0fdd3db11cf\"},\"headline\":\"Skatt p\u00e5 utleie\",\"datePublished\":\"2008-01-23T16:57:03+00:00\",\"dateModified\":\"2018-09-09T21:08:16+00:00\",\"mainEntityOfPage\":{\"@id\":\"https:\\\/\\\/www.webforumet.no\\\/finans\\\/skatt-pa-utleie\\\/\"},\"wordCount\":114,\"articleSection\":[\"Skatt\"],\"inLanguage\":\"nb-NO\"},{\"@type\":\"WebPage\",\"@id\":\"https:\\\/\\\/www.webforumet.no\\\/finans\\\/skatt-pa-utleie\\\/\",\"url\":\"https:\\\/\\\/www.webforumet.no\\\/finans\\\/skatt-pa-utleie\\\/\",\"name\":\"Skatt p\u00e5 utleie &#187; WF Finans\",\"isPartOf\":{\"@id\":\"https:\\\/\\\/www.webforumet.no\\\/finans\\\/#website\"},\"datePublished\":\"2008-01-23T16:57:03+00:00\",\"dateModified\":\"2018-09-09T21:08:16+00:00\",\"author\":{\"@id\":\"https:\\\/\\\/www.webforumet.no\\\/finans\\\/#\\\/schema\\\/person\\\/772e8a24610a98ede823a0fdd3db11cf\"},\"breadcrumb\":{\"@id\":\"https:\\\/\\\/www.webforumet.no\\\/finans\\\/skatt-pa-utleie\\\/#breadcrumb\"},\"inLanguage\":\"nb-NO\",\"potentialAction\":[{\"@type\":\"ReadAction\",\"target\":[\"https:\\\/\\\/www.webforumet.no\\\/finans\\\/skatt-pa-utleie\\\/\"]}]},{\"@type\":\"BreadcrumbList\",\"@id\":\"https:\\\/\\\/www.webforumet.no\\\/finans\\\/skatt-pa-utleie\\\/#breadcrumb\",\"itemListElement\":[{\"@type\":\"ListItem\",\"position\":1,\"name\":\"Hjem\",\"item\":\"https:\\\/\\\/www.webforumet.no\\\/finans\\\/\"},{\"@type\":\"ListItem\",\"position\":2,\"name\":\"Skatt p\u00e5 utleie\"}]},{\"@type\":\"WebSite\",\"@id\":\"https:\\\/\\\/www.webforumet.no\\\/finans\\\/#website\",\"url\":\"https:\\\/\\\/www.webforumet.no\\\/finans\\\/\",\"name\":\"WF Finans\",\"description\":\"Finansnyheter\",\"potentialAction\":[{\"@type\":\"SearchAction\",\"target\":{\"@type\":\"EntryPoint\",\"urlTemplate\":\"https:\\\/\\\/www.webforumet.no\\\/finans\\\/?s={search_term_string}\"},\"query-input\":{\"@type\":\"PropertyValueSpecification\",\"valueRequired\":true,\"valueName\":\"search_term_string\"}}],\"inLanguage\":\"nb-NO\"},{\"@type\":\"Person\",\"@id\":\"https:\\\/\\\/www.webforumet.no\\\/finans\\\/#\\\/schema\\\/person\\\/772e8a24610a98ede823a0fdd3db11cf\",\"name\":\"admin3\",\"url\":\"https:\\\/\\\/www.webforumet.no\\\/finans\\\/author\\\/admin3\\\/\"}]}<\/script>\n<!-- \/ Yoast SEO plugin. -->","yoast_head_json":{"title":"Skatt p\u00e5 utleie &#187; WF Finans","robots":{"index":"index","follow":"follow","max-snippet":"max-snippet:-1","max-image-preview":"max-image-preview:large","max-video-preview":"max-video-preview:-1"},"canonical":"https:\/\/www.webforumet.no\/finans\/skatt-pa-utleie\/","og_locale":"nb_NO","og_type":"article","og_title":"Skatt p\u00e5 utleie &#187; WF Finans","og_description":"Sp\u00f8rsm\u00e5l ang. Skatt 2008: Hei, Vi lurer p\u00e5 en ting. Fram til 3. juli s\u00e5 bodde vi i en to mannsbolig hvor vi leide ut en leilighet. Vi flyttet ut den 3. juli og leide s\u00e5 ut den leiligheten vi bodde i. Alts\u00e5 fra januar til 3. juli leide vi ut en leilighet i huset [&hellip;]","og_url":"https:\/\/www.webforumet.no\/finans\/skatt-pa-utleie\/","og_site_name":"WF Finans","article_published_time":"2008-01-23T16:57:03+00:00","article_modified_time":"2018-09-09T21:08:16+00:00","author":"admin3","twitter_card":"summary_large_image","twitter_misc":{"Skrevet av":"admin3","Ansl. lesetid":"1 minutt"},"schema":{"@context":"https:\/\/schema.org","@graph":[{"@type":"Article","@id":"https:\/\/www.webforumet.no\/finans\/skatt-pa-utleie\/#article","isPartOf":{"@id":"https:\/\/www.webforumet.no\/finans\/skatt-pa-utleie\/"},"author":{"name":"admin3","@id":"https:\/\/www.webforumet.no\/finans\/#\/schema\/person\/772e8a24610a98ede823a0fdd3db11cf"},"headline":"Skatt p\u00e5 utleie","datePublished":"2008-01-23T16:57:03+00:00","dateModified":"2018-09-09T21:08:16+00:00","mainEntityOfPage":{"@id":"https:\/\/www.webforumet.no\/finans\/skatt-pa-utleie\/"},"wordCount":114,"articleSection":["Skatt"],"inLanguage":"nb-NO"},{"@type":"WebPage","@id":"https:\/\/www.webforumet.no\/finans\/skatt-pa-utleie\/","url":"https:\/\/www.webforumet.no\/finans\/skatt-pa-utleie\/","name":"Skatt p\u00e5 utleie &#187; WF Finans","isPartOf":{"@id":"https:\/\/www.webforumet.no\/finans\/#website"},"datePublished":"2008-01-23T16:57:03+00:00","dateModified":"2018-09-09T21:08:16+00:00","author":{"@id":"https:\/\/www.webforumet.no\/finans\/#\/schema\/person\/772e8a24610a98ede823a0fdd3db11cf"},"breadcrumb":{"@id":"https:\/\/www.webforumet.no\/finans\/skatt-pa-utleie\/#breadcrumb"},"inLanguage":"nb-NO","potentialAction":[{"@type":"ReadAction","target":["https:\/\/www.webforumet.no\/finans\/skatt-pa-utleie\/"]}]},{"@type":"BreadcrumbList","@id":"https:\/\/www.webforumet.no\/finans\/skatt-pa-utleie\/#breadcrumb","itemListElement":[{"@type":"ListItem","position":1,"name":"Hjem","item":"https:\/\/www.webforumet.no\/finans\/"},{"@type":"ListItem","position":2,"name":"Skatt p\u00e5 utleie"}]},{"@type":"WebSite","@id":"https:\/\/www.webforumet.no\/finans\/#website","url":"https:\/\/www.webforumet.no\/finans\/","name":"WF Finans","description":"Finansnyheter","potentialAction":[{"@type":"SearchAction","target":{"@type":"EntryPoint","urlTemplate":"https:\/\/www.webforumet.no\/finans\/?s={search_term_string}"},"query-input":{"@type":"PropertyValueSpecification","valueRequired":true,"valueName":"search_term_string"}}],"inLanguage":"nb-NO"},{"@type":"Person","@id":"https:\/\/www.webforumet.no\/finans\/#\/schema\/person\/772e8a24610a98ede823a0fdd3db11cf","name":"admin3","url":"https:\/\/www.webforumet.no\/finans\/author\/admin3\/"}]}},"_links":{"self":[{"href":"https:\/\/www.webforumet.no\/finans\/wp-json\/wp\/v2\/posts\/3591","targetHints":{"allow":["GET"]}}],"collection":[{"href":"https:\/\/www.webforumet.no\/finans\/wp-json\/wp\/v2\/posts"}],"about":[{"href":"https:\/\/www.webforumet.no\/finans\/wp-json\/wp\/v2\/types\/post"}],"author":[{"embeddable":true,"href":"https:\/\/www.webforumet.no\/finans\/wp-json\/wp\/v2\/users\/2"}],"replies":[{"embeddable":true,"href":"https:\/\/www.webforumet.no\/finans\/wp-json\/wp\/v2\/comments?post=3591"}],"version-history":[{"count":1,"href":"https:\/\/www.webforumet.no\/finans\/wp-json\/wp\/v2\/posts\/3591\/revisions"}],"predecessor-version":[{"id":11881,"href":"https:\/\/www.webforumet.no\/finans\/wp-json\/wp\/v2\/posts\/3591\/revisions\/11881"}],"wp:attachment":[{"href":"https:\/\/www.webforumet.no\/finans\/wp-json\/wp\/v2\/media?parent=3591"}],"wp:term":[{"taxonomy":"category","embeddable":true,"href":"https:\/\/www.webforumet.no\/finans\/wp-json\/wp\/v2\/categories?post=3591"},{"taxonomy":"post_tag","embeddable":true,"href":"https:\/\/www.webforumet.no\/finans\/wp-json\/wp\/v2\/tags?post=3591"}],"curies":[{"name":"wp","href":"https:\/\/api.w.org\/{rel}","templated":true}]}}