{"id":3682,"date":"2008-01-26T10:46:25","date_gmt":"2008-01-26T10:46:25","guid":{"rendered":"http:\/\/xn--lne-ula.priv.no\/?p=3682"},"modified":"2018-09-09T23:08:15","modified_gmt":"2018-09-09T21:08:15","slug":"ektefeller-blir-lignet-felles-for-formuesskatt","status":"publish","type":"post","link":"https:\/\/www.webforumet.no\/finans\/ektefeller-blir-lignet-felles-for-formuesskatt\/","title":{"rendered":"Ektefeller blir lignet felles for formuesskatt"},"content":{"rendered":"<p>Sp\u00f8rsm\u00e5l om skatt 2008:<br \/>\nJeg lurer p\u00e5 hvordan det er med formueskatt. Jeg er gift og mesteparten av formuen st\u00e5r p\u00e5 meg. Blir formuen delt p\u00e5 to,slik at grensen for n\u00e5r jeg skal betale formueskatt blir h\u00f8yere? Eller m\u00e5 det f\u00f8res opp fomue p\u00e5 begge for \u00e5 redusere skatten.<br \/>\nJeg lurer ogs\u00e5 p\u00e5 ligningsverdien p\u00e5 en liten leilighet som jeg kj\u00f8pte i1990, da var ligningsverdien kr.30000.- .og har \u00f8kt noe etter hvert med 10% pr \u00e5r. Men p\u00e5 selangivelsen for 2008 har den \u00f8kt mye, til kr 204000.- h\u00f8res dette riktig ut?<br \/>\nSvar:<br \/>\nEktefeller blir lignet felles for formuesskatt. Samlet sett spiller fordelingen ingen rolle for st\u00f8rrelsen p\u00e5 formeusskatten.<br \/>\nLigningsverdien har \u00f8kt med omtrent 2,5 ganger siden 1990. Hoppet fra 30.000 kroner til 204.000 h\u00f8res h\u00f8yt ut. Det har v\u00e6rt mange \u00e5r med null\u00f8kning i perioden fra 1990. Men de tre siste \u00e5rene har den \u00f8kt med 10 prosent hvert \u00e5r. For fire \u00e5r siden \u00f8kte den med 25 prosent.<\/p>\n","protected":false},"excerpt":{"rendered":"<p>Sp\u00f8rsm\u00e5l om skatt 2008: Jeg lurer p\u00e5 hvordan det er med formueskatt. Jeg er gift og mesteparten av formuen st\u00e5r p\u00e5 meg. Blir formuen delt p\u00e5 to,slik at grensen for n\u00e5r jeg skal betale formueskatt blir h\u00f8yere? Eller m\u00e5 det f\u00f8res opp fomue p\u00e5 begge for \u00e5 redusere skatten. Jeg lurer ogs\u00e5 p\u00e5 ligningsverdien p\u00e5 [&hellip;]<\/p>\n","protected":false},"author":2,"featured_media":0,"comment_status":"closed","ping_status":"open","sticky":false,"template":"","format":"standard","meta":{"_et_pb_use_builder":"","_et_pb_old_content":"","_et_gb_content_width":"","footnotes":""},"categories":[22],"tags":[],"class_list":["post-3682","post","type-post","status-publish","format-standard","hentry","category-skatt"],"yoast_head":"<!-- This site is optimized with the Yoast SEO plugin v27.4 - https:\/\/yoast.com\/product\/yoast-seo-wordpress\/ -->\n<title>Ektefeller blir lignet felles for formuesskatt &#187; WF Finans<\/title>\n<meta name=\"robots\" content=\"index, follow, max-snippet:-1, max-image-preview:large, max-video-preview:-1\" \/>\n<link rel=\"canonical\" href=\"https:\/\/www.webforumet.no\/finans\/ektefeller-blir-lignet-felles-for-formuesskatt\/\" \/>\n<meta property=\"og:locale\" content=\"nb_NO\" \/>\n<meta property=\"og:type\" content=\"article\" \/>\n<meta property=\"og:title\" content=\"Ektefeller blir lignet felles for formuesskatt &#187; WF Finans\" \/>\n<meta property=\"og:description\" content=\"Sp\u00f8rsm\u00e5l om skatt 2008: Jeg lurer p\u00e5 hvordan det er med formueskatt. Jeg er gift og mesteparten av formuen st\u00e5r p\u00e5 meg. Blir formuen delt p\u00e5 to,slik at grensen for n\u00e5r jeg skal betale formueskatt blir h\u00f8yere? Eller m\u00e5 det f\u00f8res opp fomue p\u00e5 begge for \u00e5 redusere skatten. Jeg lurer ogs\u00e5 p\u00e5 ligningsverdien p\u00e5 [&hellip;]\" \/>\n<meta property=\"og:url\" content=\"https:\/\/www.webforumet.no\/finans\/ektefeller-blir-lignet-felles-for-formuesskatt\/\" \/>\n<meta property=\"og:site_name\" content=\"WF Finans\" \/>\n<meta property=\"article:published_time\" content=\"2008-01-26T10:46:25+00:00\" \/>\n<meta property=\"article:modified_time\" content=\"2018-09-09T21:08:15+00:00\" \/>\n<meta name=\"author\" content=\"admin3\" \/>\n<meta name=\"twitter:card\" content=\"summary_large_image\" \/>\n<meta name=\"twitter:label1\" content=\"Skrevet av\" \/>\n\t<meta name=\"twitter:data1\" content=\"admin3\" \/>\n\t<meta name=\"twitter:label2\" content=\"Ansl. lesetid\" \/>\n\t<meta name=\"twitter:data2\" content=\"1 minutt\" \/>\n<script type=\"application\/ld+json\" class=\"yoast-schema-graph\">{\"@context\":\"https:\\\/\\\/schema.org\",\"@graph\":[{\"@type\":\"Article\",\"@id\":\"https:\\\/\\\/www.webforumet.no\\\/finans\\\/ektefeller-blir-lignet-felles-for-formuesskatt\\\/#article\",\"isPartOf\":{\"@id\":\"https:\\\/\\\/www.webforumet.no\\\/finans\\\/ektefeller-blir-lignet-felles-for-formuesskatt\\\/\"},\"author\":{\"name\":\"admin3\",\"@id\":\"https:\\\/\\\/www.webforumet.no\\\/finans\\\/#\\\/schema\\\/person\\\/772e8a24610a98ede823a0fdd3db11cf\"},\"headline\":\"Ektefeller blir lignet felles for formuesskatt\",\"datePublished\":\"2008-01-26T10:46:25+00:00\",\"dateModified\":\"2018-09-09T21:08:15+00:00\",\"mainEntityOfPage\":{\"@id\":\"https:\\\/\\\/www.webforumet.no\\\/finans\\\/ektefeller-blir-lignet-felles-for-formuesskatt\\\/\"},\"wordCount\":170,\"articleSection\":[\"Skatt\"],\"inLanguage\":\"nb-NO\"},{\"@type\":\"WebPage\",\"@id\":\"https:\\\/\\\/www.webforumet.no\\\/finans\\\/ektefeller-blir-lignet-felles-for-formuesskatt\\\/\",\"url\":\"https:\\\/\\\/www.webforumet.no\\\/finans\\\/ektefeller-blir-lignet-felles-for-formuesskatt\\\/\",\"name\":\"Ektefeller blir lignet felles for formuesskatt &#187; WF Finans\",\"isPartOf\":{\"@id\":\"https:\\\/\\\/www.webforumet.no\\\/finans\\\/#website\"},\"datePublished\":\"2008-01-26T10:46:25+00:00\",\"dateModified\":\"2018-09-09T21:08:15+00:00\",\"author\":{\"@id\":\"https:\\\/\\\/www.webforumet.no\\\/finans\\\/#\\\/schema\\\/person\\\/772e8a24610a98ede823a0fdd3db11cf\"},\"breadcrumb\":{\"@id\":\"https:\\\/\\\/www.webforumet.no\\\/finans\\\/ektefeller-blir-lignet-felles-for-formuesskatt\\\/#breadcrumb\"},\"inLanguage\":\"nb-NO\",\"potentialAction\":[{\"@type\":\"ReadAction\",\"target\":[\"https:\\\/\\\/www.webforumet.no\\\/finans\\\/ektefeller-blir-lignet-felles-for-formuesskatt\\\/\"]}]},{\"@type\":\"BreadcrumbList\",\"@id\":\"https:\\\/\\\/www.webforumet.no\\\/finans\\\/ektefeller-blir-lignet-felles-for-formuesskatt\\\/#breadcrumb\",\"itemListElement\":[{\"@type\":\"ListItem\",\"position\":1,\"name\":\"Hjem\",\"item\":\"https:\\\/\\\/www.webforumet.no\\\/finans\\\/\"},{\"@type\":\"ListItem\",\"position\":2,\"name\":\"Ektefeller blir lignet felles for formuesskatt\"}]},{\"@type\":\"WebSite\",\"@id\":\"https:\\\/\\\/www.webforumet.no\\\/finans\\\/#website\",\"url\":\"https:\\\/\\\/www.webforumet.no\\\/finans\\\/\",\"name\":\"WF Finans\",\"description\":\"Finansnyheter\",\"potentialAction\":[{\"@type\":\"SearchAction\",\"target\":{\"@type\":\"EntryPoint\",\"urlTemplate\":\"https:\\\/\\\/www.webforumet.no\\\/finans\\\/?s={search_term_string}\"},\"query-input\":{\"@type\":\"PropertyValueSpecification\",\"valueRequired\":true,\"valueName\":\"search_term_string\"}}],\"inLanguage\":\"nb-NO\"},{\"@type\":\"Person\",\"@id\":\"https:\\\/\\\/www.webforumet.no\\\/finans\\\/#\\\/schema\\\/person\\\/772e8a24610a98ede823a0fdd3db11cf\",\"name\":\"admin3\",\"url\":\"https:\\\/\\\/www.webforumet.no\\\/finans\\\/author\\\/admin3\\\/\"}]}<\/script>\n<!-- \/ Yoast SEO plugin. -->","yoast_head_json":{"title":"Ektefeller blir lignet felles for formuesskatt &#187; WF Finans","robots":{"index":"index","follow":"follow","max-snippet":"max-snippet:-1","max-image-preview":"max-image-preview:large","max-video-preview":"max-video-preview:-1"},"canonical":"https:\/\/www.webforumet.no\/finans\/ektefeller-blir-lignet-felles-for-formuesskatt\/","og_locale":"nb_NO","og_type":"article","og_title":"Ektefeller blir lignet felles for formuesskatt &#187; WF Finans","og_description":"Sp\u00f8rsm\u00e5l om skatt 2008: Jeg lurer p\u00e5 hvordan det er med formueskatt. Jeg er gift og mesteparten av formuen st\u00e5r p\u00e5 meg. Blir formuen delt p\u00e5 to,slik at grensen for n\u00e5r jeg skal betale formueskatt blir h\u00f8yere? Eller m\u00e5 det f\u00f8res opp fomue p\u00e5 begge for \u00e5 redusere skatten. Jeg lurer ogs\u00e5 p\u00e5 ligningsverdien p\u00e5 [&hellip;]","og_url":"https:\/\/www.webforumet.no\/finans\/ektefeller-blir-lignet-felles-for-formuesskatt\/","og_site_name":"WF Finans","article_published_time":"2008-01-26T10:46:25+00:00","article_modified_time":"2018-09-09T21:08:15+00:00","author":"admin3","twitter_card":"summary_large_image","twitter_misc":{"Skrevet av":"admin3","Ansl. lesetid":"1 minutt"},"schema":{"@context":"https:\/\/schema.org","@graph":[{"@type":"Article","@id":"https:\/\/www.webforumet.no\/finans\/ektefeller-blir-lignet-felles-for-formuesskatt\/#article","isPartOf":{"@id":"https:\/\/www.webforumet.no\/finans\/ektefeller-blir-lignet-felles-for-formuesskatt\/"},"author":{"name":"admin3","@id":"https:\/\/www.webforumet.no\/finans\/#\/schema\/person\/772e8a24610a98ede823a0fdd3db11cf"},"headline":"Ektefeller blir lignet felles for formuesskatt","datePublished":"2008-01-26T10:46:25+00:00","dateModified":"2018-09-09T21:08:15+00:00","mainEntityOfPage":{"@id":"https:\/\/www.webforumet.no\/finans\/ektefeller-blir-lignet-felles-for-formuesskatt\/"},"wordCount":170,"articleSection":["Skatt"],"inLanguage":"nb-NO"},{"@type":"WebPage","@id":"https:\/\/www.webforumet.no\/finans\/ektefeller-blir-lignet-felles-for-formuesskatt\/","url":"https:\/\/www.webforumet.no\/finans\/ektefeller-blir-lignet-felles-for-formuesskatt\/","name":"Ektefeller blir lignet felles for formuesskatt &#187; WF Finans","isPartOf":{"@id":"https:\/\/www.webforumet.no\/finans\/#website"},"datePublished":"2008-01-26T10:46:25+00:00","dateModified":"2018-09-09T21:08:15+00:00","author":{"@id":"https:\/\/www.webforumet.no\/finans\/#\/schema\/person\/772e8a24610a98ede823a0fdd3db11cf"},"breadcrumb":{"@id":"https:\/\/www.webforumet.no\/finans\/ektefeller-blir-lignet-felles-for-formuesskatt\/#breadcrumb"},"inLanguage":"nb-NO","potentialAction":[{"@type":"ReadAction","target":["https:\/\/www.webforumet.no\/finans\/ektefeller-blir-lignet-felles-for-formuesskatt\/"]}]},{"@type":"BreadcrumbList","@id":"https:\/\/www.webforumet.no\/finans\/ektefeller-blir-lignet-felles-for-formuesskatt\/#breadcrumb","itemListElement":[{"@type":"ListItem","position":1,"name":"Hjem","item":"https:\/\/www.webforumet.no\/finans\/"},{"@type":"ListItem","position":2,"name":"Ektefeller blir lignet felles for formuesskatt"}]},{"@type":"WebSite","@id":"https:\/\/www.webforumet.no\/finans\/#website","url":"https:\/\/www.webforumet.no\/finans\/","name":"WF Finans","description":"Finansnyheter","potentialAction":[{"@type":"SearchAction","target":{"@type":"EntryPoint","urlTemplate":"https:\/\/www.webforumet.no\/finans\/?s={search_term_string}"},"query-input":{"@type":"PropertyValueSpecification","valueRequired":true,"valueName":"search_term_string"}}],"inLanguage":"nb-NO"},{"@type":"Person","@id":"https:\/\/www.webforumet.no\/finans\/#\/schema\/person\/772e8a24610a98ede823a0fdd3db11cf","name":"admin3","url":"https:\/\/www.webforumet.no\/finans\/author\/admin3\/"}]}},"_links":{"self":[{"href":"https:\/\/www.webforumet.no\/finans\/wp-json\/wp\/v2\/posts\/3682","targetHints":{"allow":["GET"]}}],"collection":[{"href":"https:\/\/www.webforumet.no\/finans\/wp-json\/wp\/v2\/posts"}],"about":[{"href":"https:\/\/www.webforumet.no\/finans\/wp-json\/wp\/v2\/types\/post"}],"author":[{"embeddable":true,"href":"https:\/\/www.webforumet.no\/finans\/wp-json\/wp\/v2\/users\/2"}],"replies":[{"embeddable":true,"href":"https:\/\/www.webforumet.no\/finans\/wp-json\/wp\/v2\/comments?post=3682"}],"version-history":[{"count":1,"href":"https:\/\/www.webforumet.no\/finans\/wp-json\/wp\/v2\/posts\/3682\/revisions"}],"predecessor-version":[{"id":12037,"href":"https:\/\/www.webforumet.no\/finans\/wp-json\/wp\/v2\/posts\/3682\/revisions\/12037"}],"wp:attachment":[{"href":"https:\/\/www.webforumet.no\/finans\/wp-json\/wp\/v2\/media?parent=3682"}],"wp:term":[{"taxonomy":"category","embeddable":true,"href":"https:\/\/www.webforumet.no\/finans\/wp-json\/wp\/v2\/categories?post=3682"},{"taxonomy":"post_tag","embeddable":true,"href":"https:\/\/www.webforumet.no\/finans\/wp-json\/wp\/v2\/tags?post=3682"}],"curies":[{"name":"wp","href":"https:\/\/api.w.org\/{rel}","templated":true}]}}