{"id":4059,"date":"2010-08-15T06:54:05","date_gmt":"2010-08-15T06:54:05","guid":{"rendered":"http:\/\/xn--lne-ula.priv.no\/?p=4059"},"modified":"2018-09-09T23:10:37","modified_gmt":"2018-09-09T21:10:37","slug":"pensjonert-gardbruker-og-har-ferdigutfylt-selvangivelse","status":"publish","type":"post","link":"https:\/\/www.webforumet.no\/finans\/pensjonert-gardbruker-og-har-ferdigutfylt-selvangivelse\/","title":{"rendered":"Pensjonert g\u00e5rdbruker og har ferdigutfylt selvangivelse"},"content":{"rendered":"<p>Sp\u00f8rsm\u00e5l om skatt 2008:<br \/>\nJeg er pensjonert g\u00e5rdbruker og har ferdigutfylt selvangivelse.<br \/>\nJeg leier ut dyrkamarka og utmarka. Leieinntekta har jeg alltid f\u00f8rt som inntekt\/l\u00f8nn.<br \/>\nN\u00e5 mener andre at dette skal f\u00f8res som avkasting av eiendom\/kapital og skal beskattes etter andre regler.<br \/>\nDette forst\u00e5r jeg ikke. Hvordan\/hvor skal dette f\u00f8res p\u00e5 selvangivelsen ? Summen det dreier seg om, er 20000 kroner \u00e5ret.<br \/>\nSvar:<br \/>\nDette m\u00e5 defineres som utleie av et formuesobjekt. Da skal dette f\u00f8res som utleie avv fast eiendom. Du skal levere skjemaet RF-1189- \u00c5rsoppgj\u00f8r for utleie av fast eiendom.<br \/>\nSkatten for denne inntekten vil v\u00e6re 28 prosent. I ditt tilfelle 5.600 kroner.<\/p>\n","protected":false},"excerpt":{"rendered":"<p>Sp\u00f8rsm\u00e5l om skatt 2008: Jeg er pensjonert g\u00e5rdbruker og har ferdigutfylt selvangivelse. Jeg leier ut dyrkamarka og utmarka. Leieinntekta har jeg alltid f\u00f8rt som inntekt\/l\u00f8nn. N\u00e5 mener andre at dette skal f\u00f8res som avkasting av eiendom\/kapital og skal beskattes etter andre regler. Dette forst\u00e5r jeg ikke. Hvordan\/hvor skal dette f\u00f8res p\u00e5 selvangivelsen ? Summen det [&hellip;]<\/p>\n","protected":false},"author":2,"featured_media":0,"comment_status":"closed","ping_status":"open","sticky":false,"template":"","format":"standard","meta":{"_et_pb_use_builder":"","_et_pb_old_content":"","_et_gb_content_width":"","footnotes":""},"categories":[22],"tags":[],"class_list":["post-4059","post","type-post","status-publish","format-standard","hentry","category-skatt"],"yoast_head":"<!-- This site is optimized with the Yoast SEO plugin v27.4 - https:\/\/yoast.com\/product\/yoast-seo-wordpress\/ -->\n<title>Pensjonert g\u00e5rdbruker og har ferdigutfylt selvangivelse &#187; WF Finans<\/title>\n<meta name=\"robots\" content=\"index, follow, max-snippet:-1, max-image-preview:large, max-video-preview:-1\" \/>\n<link rel=\"canonical\" href=\"https:\/\/www.webforumet.no\/finans\/pensjonert-gardbruker-og-har-ferdigutfylt-selvangivelse\/\" \/>\n<meta property=\"og:locale\" content=\"nb_NO\" \/>\n<meta property=\"og:type\" content=\"article\" \/>\n<meta property=\"og:title\" content=\"Pensjonert g\u00e5rdbruker og har ferdigutfylt selvangivelse &#187; WF Finans\" \/>\n<meta property=\"og:description\" content=\"Sp\u00f8rsm\u00e5l om skatt 2008: Jeg er pensjonert g\u00e5rdbruker og har ferdigutfylt selvangivelse. Jeg leier ut dyrkamarka og utmarka. Leieinntekta har jeg alltid f\u00f8rt som inntekt\/l\u00f8nn. N\u00e5 mener andre at dette skal f\u00f8res som avkasting av eiendom\/kapital og skal beskattes etter andre regler. Dette forst\u00e5r jeg ikke. Hvordan\/hvor skal dette f\u00f8res p\u00e5 selvangivelsen ? Summen det [&hellip;]\" \/>\n<meta property=\"og:url\" content=\"https:\/\/www.webforumet.no\/finans\/pensjonert-gardbruker-og-har-ferdigutfylt-selvangivelse\/\" \/>\n<meta property=\"og:site_name\" content=\"WF Finans\" \/>\n<meta property=\"article:published_time\" content=\"2010-08-15T06:54:05+00:00\" \/>\n<meta property=\"article:modified_time\" content=\"2018-09-09T21:10:37+00:00\" \/>\n<meta name=\"author\" content=\"admin3\" \/>\n<meta name=\"twitter:card\" content=\"summary_large_image\" \/>\n<meta name=\"twitter:label1\" content=\"Skrevet av\" \/>\n\t<meta name=\"twitter:data1\" content=\"admin3\" \/>\n\t<meta name=\"twitter:label2\" content=\"Ansl. lesetid\" \/>\n\t<meta name=\"twitter:data2\" content=\"1 minutt\" \/>\n<script type=\"application\/ld+json\" class=\"yoast-schema-graph\">{\"@context\":\"https:\\\/\\\/schema.org\",\"@graph\":[{\"@type\":\"Article\",\"@id\":\"https:\\\/\\\/www.webforumet.no\\\/finans\\\/pensjonert-gardbruker-og-har-ferdigutfylt-selvangivelse\\\/#article\",\"isPartOf\":{\"@id\":\"https:\\\/\\\/www.webforumet.no\\\/finans\\\/pensjonert-gardbruker-og-har-ferdigutfylt-selvangivelse\\\/\"},\"author\":{\"name\":\"admin3\",\"@id\":\"https:\\\/\\\/www.webforumet.no\\\/finans\\\/#\\\/schema\\\/person\\\/772e8a24610a98ede823a0fdd3db11cf\"},\"headline\":\"Pensjonert g\u00e5rdbruker og har ferdigutfylt selvangivelse\",\"datePublished\":\"2010-08-15T06:54:05+00:00\",\"dateModified\":\"2018-09-09T21:10:37+00:00\",\"mainEntityOfPage\":{\"@id\":\"https:\\\/\\\/www.webforumet.no\\\/finans\\\/pensjonert-gardbruker-og-har-ferdigutfylt-selvangivelse\\\/\"},\"wordCount\":121,\"articleSection\":[\"Skatt\"],\"inLanguage\":\"nb-NO\"},{\"@type\":\"WebPage\",\"@id\":\"https:\\\/\\\/www.webforumet.no\\\/finans\\\/pensjonert-gardbruker-og-har-ferdigutfylt-selvangivelse\\\/\",\"url\":\"https:\\\/\\\/www.webforumet.no\\\/finans\\\/pensjonert-gardbruker-og-har-ferdigutfylt-selvangivelse\\\/\",\"name\":\"Pensjonert g\u00e5rdbruker og har ferdigutfylt selvangivelse &#187; WF Finans\",\"isPartOf\":{\"@id\":\"https:\\\/\\\/www.webforumet.no\\\/finans\\\/#website\"},\"datePublished\":\"2010-08-15T06:54:05+00:00\",\"dateModified\":\"2018-09-09T21:10:37+00:00\",\"author\":{\"@id\":\"https:\\\/\\\/www.webforumet.no\\\/finans\\\/#\\\/schema\\\/person\\\/772e8a24610a98ede823a0fdd3db11cf\"},\"breadcrumb\":{\"@id\":\"https:\\\/\\\/www.webforumet.no\\\/finans\\\/pensjonert-gardbruker-og-har-ferdigutfylt-selvangivelse\\\/#breadcrumb\"},\"inLanguage\":\"nb-NO\",\"potentialAction\":[{\"@type\":\"ReadAction\",\"target\":[\"https:\\\/\\\/www.webforumet.no\\\/finans\\\/pensjonert-gardbruker-og-har-ferdigutfylt-selvangivelse\\\/\"]}]},{\"@type\":\"BreadcrumbList\",\"@id\":\"https:\\\/\\\/www.webforumet.no\\\/finans\\\/pensjonert-gardbruker-og-har-ferdigutfylt-selvangivelse\\\/#breadcrumb\",\"itemListElement\":[{\"@type\":\"ListItem\",\"position\":1,\"name\":\"Hjem\",\"item\":\"https:\\\/\\\/www.webforumet.no\\\/finans\\\/\"},{\"@type\":\"ListItem\",\"position\":2,\"name\":\"Pensjonert g\u00e5rdbruker og har ferdigutfylt selvangivelse\"}]},{\"@type\":\"WebSite\",\"@id\":\"https:\\\/\\\/www.webforumet.no\\\/finans\\\/#website\",\"url\":\"https:\\\/\\\/www.webforumet.no\\\/finans\\\/\",\"name\":\"WF Finans\",\"description\":\"Finansnyheter\",\"potentialAction\":[{\"@type\":\"SearchAction\",\"target\":{\"@type\":\"EntryPoint\",\"urlTemplate\":\"https:\\\/\\\/www.webforumet.no\\\/finans\\\/?s={search_term_string}\"},\"query-input\":{\"@type\":\"PropertyValueSpecification\",\"valueRequired\":true,\"valueName\":\"search_term_string\"}}],\"inLanguage\":\"nb-NO\"},{\"@type\":\"Person\",\"@id\":\"https:\\\/\\\/www.webforumet.no\\\/finans\\\/#\\\/schema\\\/person\\\/772e8a24610a98ede823a0fdd3db11cf\",\"name\":\"admin3\",\"url\":\"https:\\\/\\\/www.webforumet.no\\\/finans\\\/author\\\/admin3\\\/\"}]}<\/script>\n<!-- \/ Yoast SEO plugin. -->","yoast_head_json":{"title":"Pensjonert g\u00e5rdbruker og har ferdigutfylt selvangivelse &#187; WF Finans","robots":{"index":"index","follow":"follow","max-snippet":"max-snippet:-1","max-image-preview":"max-image-preview:large","max-video-preview":"max-video-preview:-1"},"canonical":"https:\/\/www.webforumet.no\/finans\/pensjonert-gardbruker-og-har-ferdigutfylt-selvangivelse\/","og_locale":"nb_NO","og_type":"article","og_title":"Pensjonert g\u00e5rdbruker og har ferdigutfylt selvangivelse &#187; WF Finans","og_description":"Sp\u00f8rsm\u00e5l om skatt 2008: Jeg er pensjonert g\u00e5rdbruker og har ferdigutfylt selvangivelse. Jeg leier ut dyrkamarka og utmarka. Leieinntekta har jeg alltid f\u00f8rt som inntekt\/l\u00f8nn. N\u00e5 mener andre at dette skal f\u00f8res som avkasting av eiendom\/kapital og skal beskattes etter andre regler. Dette forst\u00e5r jeg ikke. Hvordan\/hvor skal dette f\u00f8res p\u00e5 selvangivelsen ? Summen det [&hellip;]","og_url":"https:\/\/www.webforumet.no\/finans\/pensjonert-gardbruker-og-har-ferdigutfylt-selvangivelse\/","og_site_name":"WF Finans","article_published_time":"2010-08-15T06:54:05+00:00","article_modified_time":"2018-09-09T21:10:37+00:00","author":"admin3","twitter_card":"summary_large_image","twitter_misc":{"Skrevet av":"admin3","Ansl. lesetid":"1 minutt"},"schema":{"@context":"https:\/\/schema.org","@graph":[{"@type":"Article","@id":"https:\/\/www.webforumet.no\/finans\/pensjonert-gardbruker-og-har-ferdigutfylt-selvangivelse\/#article","isPartOf":{"@id":"https:\/\/www.webforumet.no\/finans\/pensjonert-gardbruker-og-har-ferdigutfylt-selvangivelse\/"},"author":{"name":"admin3","@id":"https:\/\/www.webforumet.no\/finans\/#\/schema\/person\/772e8a24610a98ede823a0fdd3db11cf"},"headline":"Pensjonert g\u00e5rdbruker og har ferdigutfylt selvangivelse","datePublished":"2010-08-15T06:54:05+00:00","dateModified":"2018-09-09T21:10:37+00:00","mainEntityOfPage":{"@id":"https:\/\/www.webforumet.no\/finans\/pensjonert-gardbruker-og-har-ferdigutfylt-selvangivelse\/"},"wordCount":121,"articleSection":["Skatt"],"inLanguage":"nb-NO"},{"@type":"WebPage","@id":"https:\/\/www.webforumet.no\/finans\/pensjonert-gardbruker-og-har-ferdigutfylt-selvangivelse\/","url":"https:\/\/www.webforumet.no\/finans\/pensjonert-gardbruker-og-har-ferdigutfylt-selvangivelse\/","name":"Pensjonert g\u00e5rdbruker og har ferdigutfylt selvangivelse &#187; WF Finans","isPartOf":{"@id":"https:\/\/www.webforumet.no\/finans\/#website"},"datePublished":"2010-08-15T06:54:05+00:00","dateModified":"2018-09-09T21:10:37+00:00","author":{"@id":"https:\/\/www.webforumet.no\/finans\/#\/schema\/person\/772e8a24610a98ede823a0fdd3db11cf"},"breadcrumb":{"@id":"https:\/\/www.webforumet.no\/finans\/pensjonert-gardbruker-og-har-ferdigutfylt-selvangivelse\/#breadcrumb"},"inLanguage":"nb-NO","potentialAction":[{"@type":"ReadAction","target":["https:\/\/www.webforumet.no\/finans\/pensjonert-gardbruker-og-har-ferdigutfylt-selvangivelse\/"]}]},{"@type":"BreadcrumbList","@id":"https:\/\/www.webforumet.no\/finans\/pensjonert-gardbruker-og-har-ferdigutfylt-selvangivelse\/#breadcrumb","itemListElement":[{"@type":"ListItem","position":1,"name":"Hjem","item":"https:\/\/www.webforumet.no\/finans\/"},{"@type":"ListItem","position":2,"name":"Pensjonert g\u00e5rdbruker og har ferdigutfylt selvangivelse"}]},{"@type":"WebSite","@id":"https:\/\/www.webforumet.no\/finans\/#website","url":"https:\/\/www.webforumet.no\/finans\/","name":"WF Finans","description":"Finansnyheter","potentialAction":[{"@type":"SearchAction","target":{"@type":"EntryPoint","urlTemplate":"https:\/\/www.webforumet.no\/finans\/?s={search_term_string}"},"query-input":{"@type":"PropertyValueSpecification","valueRequired":true,"valueName":"search_term_string"}}],"inLanguage":"nb-NO"},{"@type":"Person","@id":"https:\/\/www.webforumet.no\/finans\/#\/schema\/person\/772e8a24610a98ede823a0fdd3db11cf","name":"admin3","url":"https:\/\/www.webforumet.no\/finans\/author\/admin3\/"}]}},"_links":{"self":[{"href":"https:\/\/www.webforumet.no\/finans\/wp-json\/wp\/v2\/posts\/4059","targetHints":{"allow":["GET"]}}],"collection":[{"href":"https:\/\/www.webforumet.no\/finans\/wp-json\/wp\/v2\/posts"}],"about":[{"href":"https:\/\/www.webforumet.no\/finans\/wp-json\/wp\/v2\/types\/post"}],"author":[{"embeddable":true,"href":"https:\/\/www.webforumet.no\/finans\/wp-json\/wp\/v2\/users\/2"}],"replies":[{"embeddable":true,"href":"https:\/\/www.webforumet.no\/finans\/wp-json\/wp\/v2\/comments?post=4059"}],"version-history":[{"count":1,"href":"https:\/\/www.webforumet.no\/finans\/wp-json\/wp\/v2\/posts\/4059\/revisions"}],"predecessor-version":[{"id":13064,"href":"https:\/\/www.webforumet.no\/finans\/wp-json\/wp\/v2\/posts\/4059\/revisions\/13064"}],"wp:attachment":[{"href":"https:\/\/www.webforumet.no\/finans\/wp-json\/wp\/v2\/media?parent=4059"}],"wp:term":[{"taxonomy":"category","embeddable":true,"href":"https:\/\/www.webforumet.no\/finans\/wp-json\/wp\/v2\/categories?post=4059"},{"taxonomy":"post_tag","embeddable":true,"href":"https:\/\/www.webforumet.no\/finans\/wp-json\/wp\/v2\/tags?post=4059"}],"curies":[{"name":"wp","href":"https:\/\/api.w.org\/{rel}","templated":true}]}}