{"id":4712,"date":"2011-04-29T11:31:46","date_gmt":"2011-04-29T11:31:46","guid":{"rendered":"http:\/\/xn--lne-ula.priv.no\/?p=4712"},"modified":"2018-09-09T23:11:31","modified_gmt":"2018-09-09T21:11:31","slug":"utleie-og-fradrag-pa-selvangivelsen","status":"publish","type":"post","link":"https:\/\/www.webforumet.no\/finans\/utleie-og-fradrag-pa-selvangivelsen\/","title":{"rendered":"Utleie og fradrag p\u00e5 selvangivelsen"},"content":{"rendered":"<p>Skatt 2011<br \/>\n1. M\u00e5 jeg betale skatt p\u00e5 utleie av en leilighet osm jeg har kj\u00f8pt i 2010 og bodd i to mnd og leid ut 4,5 mnd?<br \/>\n2. Hvilke fradrag har jeg rett p\u00e5 n\u00e5r jeg har leid ut leiligheten med tanke p\u00e5 utgifter til oppussing, faste kostnader, kommunale utgifter og forsikring?<br \/>\n3. Hvordan beregner man slitasje p\u00e5 delvis-m\u00f8blert leilighet for fradrag p\u00e5 skatten?<br \/>\n&nbsp;<br \/>\n1. Utleieinntekter fra egen bolig vil v\u00e6re skattefrie hvis du leier ut hele eller en st\u00f8rre del av boligen for kr 20 000 eller mindre. Er bel\u00f8pet h\u00f8yere, er alle utleieinntektene fra boligen skattepliktige. Utleieperiodens lengde har her ingen betydning.<br \/>\n2. Det gis fradrag for alle typer driftsutgiifter som knytter seg til eiendommen, typisk vedlikehold, forsikring, eiendomsskatt o.l. Men n\u00e5r eieren har brukt hele boligen en del av \u00e5ret og boligen i sin helhet er leid  ut en annen del av \u00e5ret, skal fradraget reduseres forholdsmessig ut fra hvor stor del av \u00e5ret (i ditt tilfelle eiertiden) eiendommen har gitt skattepliktige inntekter.<br \/>\n3. Ved delvis m\u00f8blert utleie i en regnskapsliknet bolig, innr\u00f8mmes \u00e5rlige avskrivninger etter de vanlige regler som gjelder for driftsmidler hvis m\u00f8blene har en kostpris p\u00e5 kr 15.000 eller mer. Er kostprisen lavere, kan fradrag kun gis ved direkte utgiftsf\u00f8ring.<\/p>\n","protected":false},"excerpt":{"rendered":"<p>Skatt 2011 1. M\u00e5 jeg betale skatt p\u00e5 utleie av en leilighet osm jeg har kj\u00f8pt i 2010 og bodd i to mnd og leid ut 4,5 mnd? 2. Hvilke fradrag har jeg rett p\u00e5 n\u00e5r jeg har leid ut leiligheten med tanke p\u00e5 utgifter til oppussing, faste kostnader, kommunale utgifter og forsikring? 3. Hvordan [&hellip;]<\/p>\n","protected":false},"author":2,"featured_media":0,"comment_status":"closed","ping_status":"open","sticky":false,"template":"","format":"standard","meta":{"_et_pb_use_builder":"","_et_pb_old_content":"","_et_gb_content_width":"","footnotes":""},"categories":[22],"tags":[],"class_list":["post-4712","post","type-post","status-publish","format-standard","hentry","category-skatt"],"yoast_head":"<!-- This site is optimized with the Yoast SEO plugin v27.4 - https:\/\/yoast.com\/product\/yoast-seo-wordpress\/ -->\n<title>Utleie og fradrag p\u00e5 selvangivelsen &#187; WF Finans<\/title>\n<meta name=\"robots\" content=\"index, follow, max-snippet:-1, max-image-preview:large, max-video-preview:-1\" \/>\n<link rel=\"canonical\" href=\"https:\/\/www.webforumet.no\/finans\/utleie-og-fradrag-pa-selvangivelsen\/\" \/>\n<meta property=\"og:locale\" content=\"nb_NO\" \/>\n<meta property=\"og:type\" content=\"article\" \/>\n<meta property=\"og:title\" content=\"Utleie og fradrag p\u00e5 selvangivelsen &#187; WF Finans\" \/>\n<meta property=\"og:description\" content=\"Skatt 2011 1. M\u00e5 jeg betale skatt p\u00e5 utleie av en leilighet osm jeg har kj\u00f8pt i 2010 og bodd i to mnd og leid ut 4,5 mnd? 2. Hvilke fradrag har jeg rett p\u00e5 n\u00e5r jeg har leid ut leiligheten med tanke p\u00e5 utgifter til oppussing, faste kostnader, kommunale utgifter og forsikring? 3. Hvordan [&hellip;]\" \/>\n<meta property=\"og:url\" content=\"https:\/\/www.webforumet.no\/finans\/utleie-og-fradrag-pa-selvangivelsen\/\" \/>\n<meta property=\"og:site_name\" content=\"WF Finans\" \/>\n<meta property=\"article:published_time\" content=\"2011-04-29T11:31:46+00:00\" \/>\n<meta property=\"article:modified_time\" content=\"2018-09-09T21:11:31+00:00\" \/>\n<meta name=\"author\" content=\"admin3\" \/>\n<meta name=\"twitter:card\" content=\"summary_large_image\" \/>\n<meta name=\"twitter:label1\" content=\"Skrevet av\" \/>\n\t<meta name=\"twitter:data1\" content=\"admin3\" \/>\n\t<meta name=\"twitter:label2\" content=\"Ansl. lesetid\" \/>\n\t<meta name=\"twitter:data2\" content=\"1 minutt\" \/>\n<script type=\"application\/ld+json\" class=\"yoast-schema-graph\">{\"@context\":\"https:\\\/\\\/schema.org\",\"@graph\":[{\"@type\":\"Article\",\"@id\":\"https:\\\/\\\/www.webforumet.no\\\/finans\\\/utleie-og-fradrag-pa-selvangivelsen\\\/#article\",\"isPartOf\":{\"@id\":\"https:\\\/\\\/www.webforumet.no\\\/finans\\\/utleie-og-fradrag-pa-selvangivelsen\\\/\"},\"author\":{\"name\":\"admin3\",\"@id\":\"https:\\\/\\\/www.webforumet.no\\\/finans\\\/#\\\/schema\\\/person\\\/772e8a24610a98ede823a0fdd3db11cf\"},\"headline\":\"Utleie og fradrag p\u00e5 selvangivelsen\",\"datePublished\":\"2011-04-29T11:31:46+00:00\",\"dateModified\":\"2018-09-09T21:11:31+00:00\",\"mainEntityOfPage\":{\"@id\":\"https:\\\/\\\/www.webforumet.no\\\/finans\\\/utleie-og-fradrag-pa-selvangivelsen\\\/\"},\"wordCount\":214,\"articleSection\":[\"Skatt\"],\"inLanguage\":\"nb-NO\"},{\"@type\":\"WebPage\",\"@id\":\"https:\\\/\\\/www.webforumet.no\\\/finans\\\/utleie-og-fradrag-pa-selvangivelsen\\\/\",\"url\":\"https:\\\/\\\/www.webforumet.no\\\/finans\\\/utleie-og-fradrag-pa-selvangivelsen\\\/\",\"name\":\"Utleie og fradrag p\u00e5 selvangivelsen &#187; WF Finans\",\"isPartOf\":{\"@id\":\"https:\\\/\\\/www.webforumet.no\\\/finans\\\/#website\"},\"datePublished\":\"2011-04-29T11:31:46+00:00\",\"dateModified\":\"2018-09-09T21:11:31+00:00\",\"author\":{\"@id\":\"https:\\\/\\\/www.webforumet.no\\\/finans\\\/#\\\/schema\\\/person\\\/772e8a24610a98ede823a0fdd3db11cf\"},\"breadcrumb\":{\"@id\":\"https:\\\/\\\/www.webforumet.no\\\/finans\\\/utleie-og-fradrag-pa-selvangivelsen\\\/#breadcrumb\"},\"inLanguage\":\"nb-NO\",\"potentialAction\":[{\"@type\":\"ReadAction\",\"target\":[\"https:\\\/\\\/www.webforumet.no\\\/finans\\\/utleie-og-fradrag-pa-selvangivelsen\\\/\"]}]},{\"@type\":\"BreadcrumbList\",\"@id\":\"https:\\\/\\\/www.webforumet.no\\\/finans\\\/utleie-og-fradrag-pa-selvangivelsen\\\/#breadcrumb\",\"itemListElement\":[{\"@type\":\"ListItem\",\"position\":1,\"name\":\"Hjem\",\"item\":\"https:\\\/\\\/www.webforumet.no\\\/finans\\\/\"},{\"@type\":\"ListItem\",\"position\":2,\"name\":\"Utleie og fradrag p\u00e5 selvangivelsen\"}]},{\"@type\":\"WebSite\",\"@id\":\"https:\\\/\\\/www.webforumet.no\\\/finans\\\/#website\",\"url\":\"https:\\\/\\\/www.webforumet.no\\\/finans\\\/\",\"name\":\"WF Finans\",\"description\":\"Finansnyheter\",\"potentialAction\":[{\"@type\":\"SearchAction\",\"target\":{\"@type\":\"EntryPoint\",\"urlTemplate\":\"https:\\\/\\\/www.webforumet.no\\\/finans\\\/?s={search_term_string}\"},\"query-input\":{\"@type\":\"PropertyValueSpecification\",\"valueRequired\":true,\"valueName\":\"search_term_string\"}}],\"inLanguage\":\"nb-NO\"},{\"@type\":\"Person\",\"@id\":\"https:\\\/\\\/www.webforumet.no\\\/finans\\\/#\\\/schema\\\/person\\\/772e8a24610a98ede823a0fdd3db11cf\",\"name\":\"admin3\",\"url\":\"https:\\\/\\\/www.webforumet.no\\\/finans\\\/author\\\/admin3\\\/\"}]}<\/script>\n<!-- \/ Yoast SEO plugin. -->","yoast_head_json":{"title":"Utleie og fradrag p\u00e5 selvangivelsen &#187; WF Finans","robots":{"index":"index","follow":"follow","max-snippet":"max-snippet:-1","max-image-preview":"max-image-preview:large","max-video-preview":"max-video-preview:-1"},"canonical":"https:\/\/www.webforumet.no\/finans\/utleie-og-fradrag-pa-selvangivelsen\/","og_locale":"nb_NO","og_type":"article","og_title":"Utleie og fradrag p\u00e5 selvangivelsen &#187; WF Finans","og_description":"Skatt 2011 1. M\u00e5 jeg betale skatt p\u00e5 utleie av en leilighet osm jeg har kj\u00f8pt i 2010 og bodd i to mnd og leid ut 4,5 mnd? 2. Hvilke fradrag har jeg rett p\u00e5 n\u00e5r jeg har leid ut leiligheten med tanke p\u00e5 utgifter til oppussing, faste kostnader, kommunale utgifter og forsikring? 3. Hvordan [&hellip;]","og_url":"https:\/\/www.webforumet.no\/finans\/utleie-og-fradrag-pa-selvangivelsen\/","og_site_name":"WF Finans","article_published_time":"2011-04-29T11:31:46+00:00","article_modified_time":"2018-09-09T21:11:31+00:00","author":"admin3","twitter_card":"summary_large_image","twitter_misc":{"Skrevet av":"admin3","Ansl. lesetid":"1 minutt"},"schema":{"@context":"https:\/\/schema.org","@graph":[{"@type":"Article","@id":"https:\/\/www.webforumet.no\/finans\/utleie-og-fradrag-pa-selvangivelsen\/#article","isPartOf":{"@id":"https:\/\/www.webforumet.no\/finans\/utleie-og-fradrag-pa-selvangivelsen\/"},"author":{"name":"admin3","@id":"https:\/\/www.webforumet.no\/finans\/#\/schema\/person\/772e8a24610a98ede823a0fdd3db11cf"},"headline":"Utleie og fradrag p\u00e5 selvangivelsen","datePublished":"2011-04-29T11:31:46+00:00","dateModified":"2018-09-09T21:11:31+00:00","mainEntityOfPage":{"@id":"https:\/\/www.webforumet.no\/finans\/utleie-og-fradrag-pa-selvangivelsen\/"},"wordCount":214,"articleSection":["Skatt"],"inLanguage":"nb-NO"},{"@type":"WebPage","@id":"https:\/\/www.webforumet.no\/finans\/utleie-og-fradrag-pa-selvangivelsen\/","url":"https:\/\/www.webforumet.no\/finans\/utleie-og-fradrag-pa-selvangivelsen\/","name":"Utleie og fradrag p\u00e5 selvangivelsen &#187; WF Finans","isPartOf":{"@id":"https:\/\/www.webforumet.no\/finans\/#website"},"datePublished":"2011-04-29T11:31:46+00:00","dateModified":"2018-09-09T21:11:31+00:00","author":{"@id":"https:\/\/www.webforumet.no\/finans\/#\/schema\/person\/772e8a24610a98ede823a0fdd3db11cf"},"breadcrumb":{"@id":"https:\/\/www.webforumet.no\/finans\/utleie-og-fradrag-pa-selvangivelsen\/#breadcrumb"},"inLanguage":"nb-NO","potentialAction":[{"@type":"ReadAction","target":["https:\/\/www.webforumet.no\/finans\/utleie-og-fradrag-pa-selvangivelsen\/"]}]},{"@type":"BreadcrumbList","@id":"https:\/\/www.webforumet.no\/finans\/utleie-og-fradrag-pa-selvangivelsen\/#breadcrumb","itemListElement":[{"@type":"ListItem","position":1,"name":"Hjem","item":"https:\/\/www.webforumet.no\/finans\/"},{"@type":"ListItem","position":2,"name":"Utleie og fradrag p\u00e5 selvangivelsen"}]},{"@type":"WebSite","@id":"https:\/\/www.webforumet.no\/finans\/#website","url":"https:\/\/www.webforumet.no\/finans\/","name":"WF Finans","description":"Finansnyheter","potentialAction":[{"@type":"SearchAction","target":{"@type":"EntryPoint","urlTemplate":"https:\/\/www.webforumet.no\/finans\/?s={search_term_string}"},"query-input":{"@type":"PropertyValueSpecification","valueRequired":true,"valueName":"search_term_string"}}],"inLanguage":"nb-NO"},{"@type":"Person","@id":"https:\/\/www.webforumet.no\/finans\/#\/schema\/person\/772e8a24610a98ede823a0fdd3db11cf","name":"admin3","url":"https:\/\/www.webforumet.no\/finans\/author\/admin3\/"}]}},"_links":{"self":[{"href":"https:\/\/www.webforumet.no\/finans\/wp-json\/wp\/v2\/posts\/4712","targetHints":{"allow":["GET"]}}],"collection":[{"href":"https:\/\/www.webforumet.no\/finans\/wp-json\/wp\/v2\/posts"}],"about":[{"href":"https:\/\/www.webforumet.no\/finans\/wp-json\/wp\/v2\/types\/post"}],"author":[{"embeddable":true,"href":"https:\/\/www.webforumet.no\/finans\/wp-json\/wp\/v2\/users\/2"}],"replies":[{"embeddable":true,"href":"https:\/\/www.webforumet.no\/finans\/wp-json\/wp\/v2\/comments?post=4712"}],"version-history":[{"count":1,"href":"https:\/\/www.webforumet.no\/finans\/wp-json\/wp\/v2\/posts\/4712\/revisions"}],"predecessor-version":[{"id":13301,"href":"https:\/\/www.webforumet.no\/finans\/wp-json\/wp\/v2\/posts\/4712\/revisions\/13301"}],"wp:attachment":[{"href":"https:\/\/www.webforumet.no\/finans\/wp-json\/wp\/v2\/media?parent=4712"}],"wp:term":[{"taxonomy":"category","embeddable":true,"href":"https:\/\/www.webforumet.no\/finans\/wp-json\/wp\/v2\/categories?post=4712"},{"taxonomy":"post_tag","embeddable":true,"href":"https:\/\/www.webforumet.no\/finans\/wp-json\/wp\/v2\/tags?post=4712"}],"curies":[{"name":"wp","href":"https:\/\/api.w.org\/{rel}","templated":true}]}}