{"id":5239,"date":"2011-06-24T00:32:16","date_gmt":"2011-06-24T00:32:16","guid":{"rendered":"http:\/\/xn--lne-ula.priv.no\/?p=5239"},"modified":"2018-09-09T23:12:09","modified_gmt":"2018-09-09T21:12:09","slug":"portugal-star-foran-to-forferdelige-ar","status":"publish","type":"post","link":"https:\/\/www.webforumet.no\/finans\/portugal-star-foran-to-forferdelige-ar\/","title":{"rendered":"Portugal st\u00e5r foran to forferdelige \u00e5r"},"content":{"rendered":"<p>Offentliggjort 16.06.11 kl. 06:52<br \/>\nPortugals nye statsminister advarer om resesjon og massiv arbeidsl\u00f8shet.<br \/>\nPortugal st\u00e5r foran to &laquo;forferdelige \u00e5r&raquo; med dyp resesjon og rekordstor arbeidsl\u00f8shet, f\u00f8r landet igjen opplever \u00f8konomisk vekst, sier landets nye statsminister.<br \/>\nDen sosialdemokratiske lederen Pedro Passos Coehlho ble onsdag pekt ut som statsminister og ventet \u00e5 presentere sin nye regjering i neste uke.<br \/>\nEn av den nye regjeringens f\u00f8rste oppgavene blir \u00e5 innf\u00f8re lover som lever opp til kravene i den hjelpepakken p\u00e5 78 milliarder euro som landet har mottatt fra EU og Det Internasjonale Valutafond.<br \/>\nSkattestigninger og nedskj\u00e6ringer<br \/>\nDe inneb\u00e6rer blant annet skattestigninger og voldsomme nedskj\u00e6ringer.<br \/>\n&#8211; Det er ingen alternativer, sier Passos Coelho i et intervju med Financial Times.<br \/>\nHvis landet ikke kan leve opp til kravene, vil landet v\u00e6re avsk\u00e5ret fra \u00e5 vende tilbake til de finansielle markedene i 2013 og havne i samme uf\u00f8re som Hellas, forteller Passos Coelho if\u00f8lge avisen.<\/p>\n","protected":false},"excerpt":{"rendered":"<p>Offentliggjort 16.06.11 kl. 06:52 Portugals nye statsminister advarer om resesjon og massiv arbeidsl\u00f8shet. Portugal st\u00e5r foran to &laquo;forferdelige \u00e5r&raquo; med dyp resesjon og rekordstor arbeidsl\u00f8shet, f\u00f8r landet igjen opplever \u00f8konomisk vekst, sier landets nye statsminister. Den sosialdemokratiske lederen Pedro Passos Coehlho ble onsdag pekt ut som statsminister og ventet \u00e5 presentere sin nye regjering i [&hellip;]<\/p>\n","protected":false},"author":2,"featured_media":0,"comment_status":"closed","ping_status":"open","sticky":false,"template":"","format":"standard","meta":{"_et_pb_use_builder":"","_et_pb_old_content":"","_et_gb_content_width":"","footnotes":""},"categories":[551],"tags":[],"class_list":["post-5239","post","type-post","status-publish","format-standard","hentry","category-okonominyheter"],"yoast_head":"<!-- This site is optimized with the Yoast SEO plugin v27.4 - https:\/\/yoast.com\/product\/yoast-seo-wordpress\/ -->\n<title>Portugal st\u00e5r foran to forferdelige \u00e5r &#187; WF Finans<\/title>\n<meta name=\"robots\" content=\"index, follow, max-snippet:-1, max-image-preview:large, max-video-preview:-1\" \/>\n<link rel=\"canonical\" href=\"https:\/\/www.webforumet.no\/finans\/portugal-star-foran-to-forferdelige-ar\/\" \/>\n<meta property=\"og:locale\" content=\"nb_NO\" \/>\n<meta property=\"og:type\" content=\"article\" \/>\n<meta property=\"og:title\" content=\"Portugal st\u00e5r foran to forferdelige \u00e5r &#187; WF Finans\" \/>\n<meta property=\"og:description\" content=\"Offentliggjort 16.06.11 kl. 06:52 Portugals nye statsminister advarer om resesjon og massiv arbeidsl\u00f8shet. Portugal st\u00e5r foran to &laquo;forferdelige \u00e5r&raquo; med dyp resesjon og rekordstor arbeidsl\u00f8shet, f\u00f8r landet igjen opplever \u00f8konomisk vekst, sier landets nye statsminister. Den sosialdemokratiske lederen Pedro Passos Coehlho ble onsdag pekt ut som statsminister og ventet \u00e5 presentere sin nye regjering i [&hellip;]\" \/>\n<meta property=\"og:url\" content=\"https:\/\/www.webforumet.no\/finans\/portugal-star-foran-to-forferdelige-ar\/\" \/>\n<meta property=\"og:site_name\" content=\"WF Finans\" \/>\n<meta property=\"article:published_time\" content=\"2011-06-24T00:32:16+00:00\" \/>\n<meta property=\"article:modified_time\" content=\"2018-09-09T21:12:09+00:00\" \/>\n<meta name=\"author\" content=\"admin3\" \/>\n<meta name=\"twitter:card\" content=\"summary_large_image\" \/>\n<meta name=\"twitter:label1\" content=\"Skrevet av\" \/>\n\t<meta name=\"twitter:data1\" content=\"admin3\" \/>\n\t<meta name=\"twitter:label2\" content=\"Ansl. lesetid\" \/>\n\t<meta name=\"twitter:data2\" content=\"1 minutt\" \/>\n<script type=\"application\/ld+json\" class=\"yoast-schema-graph\">{\"@context\":\"https:\\\/\\\/schema.org\",\"@graph\":[{\"@type\":\"Article\",\"@id\":\"https:\\\/\\\/www.webforumet.no\\\/finans\\\/portugal-star-foran-to-forferdelige-ar\\\/#article\",\"isPartOf\":{\"@id\":\"https:\\\/\\\/www.webforumet.no\\\/finans\\\/portugal-star-foran-to-forferdelige-ar\\\/\"},\"author\":{\"name\":\"admin3\",\"@id\":\"https:\\\/\\\/www.webforumet.no\\\/finans\\\/#\\\/schema\\\/person\\\/772e8a24610a98ede823a0fdd3db11cf\"},\"headline\":\"Portugal st\u00e5r foran to forferdelige \u00e5r\",\"datePublished\":\"2011-06-24T00:32:16+00:00\",\"dateModified\":\"2018-09-09T21:12:09+00:00\",\"mainEntityOfPage\":{\"@id\":\"https:\\\/\\\/www.webforumet.no\\\/finans\\\/portugal-star-foran-to-forferdelige-ar\\\/\"},\"wordCount\":162,\"articleSection\":[\"\u00d8konominyheter\"],\"inLanguage\":\"nb-NO\"},{\"@type\":\"WebPage\",\"@id\":\"https:\\\/\\\/www.webforumet.no\\\/finans\\\/portugal-star-foran-to-forferdelige-ar\\\/\",\"url\":\"https:\\\/\\\/www.webforumet.no\\\/finans\\\/portugal-star-foran-to-forferdelige-ar\\\/\",\"name\":\"Portugal st\u00e5r foran to forferdelige \u00e5r &#187; WF Finans\",\"isPartOf\":{\"@id\":\"https:\\\/\\\/www.webforumet.no\\\/finans\\\/#website\"},\"datePublished\":\"2011-06-24T00:32:16+00:00\",\"dateModified\":\"2018-09-09T21:12:09+00:00\",\"author\":{\"@id\":\"https:\\\/\\\/www.webforumet.no\\\/finans\\\/#\\\/schema\\\/person\\\/772e8a24610a98ede823a0fdd3db11cf\"},\"breadcrumb\":{\"@id\":\"https:\\\/\\\/www.webforumet.no\\\/finans\\\/portugal-star-foran-to-forferdelige-ar\\\/#breadcrumb\"},\"inLanguage\":\"nb-NO\",\"potentialAction\":[{\"@type\":\"ReadAction\",\"target\":[\"https:\\\/\\\/www.webforumet.no\\\/finans\\\/portugal-star-foran-to-forferdelige-ar\\\/\"]}]},{\"@type\":\"BreadcrumbList\",\"@id\":\"https:\\\/\\\/www.webforumet.no\\\/finans\\\/portugal-star-foran-to-forferdelige-ar\\\/#breadcrumb\",\"itemListElement\":[{\"@type\":\"ListItem\",\"position\":1,\"name\":\"Hjem\",\"item\":\"https:\\\/\\\/www.webforumet.no\\\/finans\\\/\"},{\"@type\":\"ListItem\",\"position\":2,\"name\":\"Portugal st\u00e5r foran to forferdelige \u00e5r\"}]},{\"@type\":\"WebSite\",\"@id\":\"https:\\\/\\\/www.webforumet.no\\\/finans\\\/#website\",\"url\":\"https:\\\/\\\/www.webforumet.no\\\/finans\\\/\",\"name\":\"WF Finans\",\"description\":\"Finansnyheter\",\"potentialAction\":[{\"@type\":\"SearchAction\",\"target\":{\"@type\":\"EntryPoint\",\"urlTemplate\":\"https:\\\/\\\/www.webforumet.no\\\/finans\\\/?s={search_term_string}\"},\"query-input\":{\"@type\":\"PropertyValueSpecification\",\"valueRequired\":true,\"valueName\":\"search_term_string\"}}],\"inLanguage\":\"nb-NO\"},{\"@type\":\"Person\",\"@id\":\"https:\\\/\\\/www.webforumet.no\\\/finans\\\/#\\\/schema\\\/person\\\/772e8a24610a98ede823a0fdd3db11cf\",\"name\":\"admin3\",\"url\":\"https:\\\/\\\/www.webforumet.no\\\/finans\\\/author\\\/admin3\\\/\"}]}<\/script>\n<!-- \/ Yoast SEO plugin. -->","yoast_head_json":{"title":"Portugal st\u00e5r foran to forferdelige \u00e5r &#187; WF Finans","robots":{"index":"index","follow":"follow","max-snippet":"max-snippet:-1","max-image-preview":"max-image-preview:large","max-video-preview":"max-video-preview:-1"},"canonical":"https:\/\/www.webforumet.no\/finans\/portugal-star-foran-to-forferdelige-ar\/","og_locale":"nb_NO","og_type":"article","og_title":"Portugal st\u00e5r foran to forferdelige \u00e5r &#187; WF Finans","og_description":"Offentliggjort 16.06.11 kl. 06:52 Portugals nye statsminister advarer om resesjon og massiv arbeidsl\u00f8shet. Portugal st\u00e5r foran to &laquo;forferdelige \u00e5r&raquo; med dyp resesjon og rekordstor arbeidsl\u00f8shet, f\u00f8r landet igjen opplever \u00f8konomisk vekst, sier landets nye statsminister. Den sosialdemokratiske lederen Pedro Passos Coehlho ble onsdag pekt ut som statsminister og ventet \u00e5 presentere sin nye regjering i [&hellip;]","og_url":"https:\/\/www.webforumet.no\/finans\/portugal-star-foran-to-forferdelige-ar\/","og_site_name":"WF Finans","article_published_time":"2011-06-24T00:32:16+00:00","article_modified_time":"2018-09-09T21:12:09+00:00","author":"admin3","twitter_card":"summary_large_image","twitter_misc":{"Skrevet av":"admin3","Ansl. lesetid":"1 minutt"},"schema":{"@context":"https:\/\/schema.org","@graph":[{"@type":"Article","@id":"https:\/\/www.webforumet.no\/finans\/portugal-star-foran-to-forferdelige-ar\/#article","isPartOf":{"@id":"https:\/\/www.webforumet.no\/finans\/portugal-star-foran-to-forferdelige-ar\/"},"author":{"name":"admin3","@id":"https:\/\/www.webforumet.no\/finans\/#\/schema\/person\/772e8a24610a98ede823a0fdd3db11cf"},"headline":"Portugal st\u00e5r foran to forferdelige \u00e5r","datePublished":"2011-06-24T00:32:16+00:00","dateModified":"2018-09-09T21:12:09+00:00","mainEntityOfPage":{"@id":"https:\/\/www.webforumet.no\/finans\/portugal-star-foran-to-forferdelige-ar\/"},"wordCount":162,"articleSection":["\u00d8konominyheter"],"inLanguage":"nb-NO"},{"@type":"WebPage","@id":"https:\/\/www.webforumet.no\/finans\/portugal-star-foran-to-forferdelige-ar\/","url":"https:\/\/www.webforumet.no\/finans\/portugal-star-foran-to-forferdelige-ar\/","name":"Portugal st\u00e5r foran to forferdelige \u00e5r &#187; WF Finans","isPartOf":{"@id":"https:\/\/www.webforumet.no\/finans\/#website"},"datePublished":"2011-06-24T00:32:16+00:00","dateModified":"2018-09-09T21:12:09+00:00","author":{"@id":"https:\/\/www.webforumet.no\/finans\/#\/schema\/person\/772e8a24610a98ede823a0fdd3db11cf"},"breadcrumb":{"@id":"https:\/\/www.webforumet.no\/finans\/portugal-star-foran-to-forferdelige-ar\/#breadcrumb"},"inLanguage":"nb-NO","potentialAction":[{"@type":"ReadAction","target":["https:\/\/www.webforumet.no\/finans\/portugal-star-foran-to-forferdelige-ar\/"]}]},{"@type":"BreadcrumbList","@id":"https:\/\/www.webforumet.no\/finans\/portugal-star-foran-to-forferdelige-ar\/#breadcrumb","itemListElement":[{"@type":"ListItem","position":1,"name":"Hjem","item":"https:\/\/www.webforumet.no\/finans\/"},{"@type":"ListItem","position":2,"name":"Portugal st\u00e5r foran to forferdelige \u00e5r"}]},{"@type":"WebSite","@id":"https:\/\/www.webforumet.no\/finans\/#website","url":"https:\/\/www.webforumet.no\/finans\/","name":"WF Finans","description":"Finansnyheter","potentialAction":[{"@type":"SearchAction","target":{"@type":"EntryPoint","urlTemplate":"https:\/\/www.webforumet.no\/finans\/?s={search_term_string}"},"query-input":{"@type":"PropertyValueSpecification","valueRequired":true,"valueName":"search_term_string"}}],"inLanguage":"nb-NO"},{"@type":"Person","@id":"https:\/\/www.webforumet.no\/finans\/#\/schema\/person\/772e8a24610a98ede823a0fdd3db11cf","name":"admin3","url":"https:\/\/www.webforumet.no\/finans\/author\/admin3\/"}]}},"_links":{"self":[{"href":"https:\/\/www.webforumet.no\/finans\/wp-json\/wp\/v2\/posts\/5239","targetHints":{"allow":["GET"]}}],"collection":[{"href":"https:\/\/www.webforumet.no\/finans\/wp-json\/wp\/v2\/posts"}],"about":[{"href":"https:\/\/www.webforumet.no\/finans\/wp-json\/wp\/v2\/types\/post"}],"author":[{"embeddable":true,"href":"https:\/\/www.webforumet.no\/finans\/wp-json\/wp\/v2\/users\/2"}],"replies":[{"embeddable":true,"href":"https:\/\/www.webforumet.no\/finans\/wp-json\/wp\/v2\/comments?post=5239"}],"version-history":[{"count":1,"href":"https:\/\/www.webforumet.no\/finans\/wp-json\/wp\/v2\/posts\/5239\/revisions"}],"predecessor-version":[{"id":13531,"href":"https:\/\/www.webforumet.no\/finans\/wp-json\/wp\/v2\/posts\/5239\/revisions\/13531"}],"wp:attachment":[{"href":"https:\/\/www.webforumet.no\/finans\/wp-json\/wp\/v2\/media?parent=5239"}],"wp:term":[{"taxonomy":"category","embeddable":true,"href":"https:\/\/www.webforumet.no\/finans\/wp-json\/wp\/v2\/categories?post=5239"},{"taxonomy":"post_tag","embeddable":true,"href":"https:\/\/www.webforumet.no\/finans\/wp-json\/wp\/v2\/tags?post=5239"}],"curies":[{"name":"wp","href":"https:\/\/api.w.org\/{rel}","templated":true}]}}