{"id":5246,"date":"2011-06-01T00:32:35","date_gmt":"2011-06-01T00:32:35","guid":{"rendered":"http:\/\/xn--lne-ula.priv.no\/?p=5246"},"modified":"2018-09-09T23:12:12","modified_gmt":"2018-09-09T21:12:12","slug":"ecb-avviser-a-betale-for-gresk-krise","status":"publish","type":"post","link":"https:\/\/www.webforumet.no\/finans\/ecb-avviser-a-betale-for-gresk-krise\/","title":{"rendered":"ECB avviser \u00e5 betale for gresk krise"},"content":{"rendered":"<p>Offentliggjort 16.06.11 kl. 18:05<br \/>\nDen Europeiske Sentralbank sl\u00e5r fast at den private sektoren ikke skal betale Hellas&#8217; gjeld.<br \/>\nI kj\u00f8lvannet av diskusjonene om enda en redningsplan til den katastroferammede greske \u00f8konomien, sl\u00e5r Den europeiske Sentralbank (ECB) enda en gang fast at man ikke vil v\u00e6re med p\u00e5 \u00e5 betale for landets \u00f8konomiske kaos.<br \/>\nTyskland har ellers foresl\u00e5tt at b\u00e5de ECB og den private sektoren skal bidra med opp til en tredjedel av pengene til en ny gresk hjelpepakke ved \u00e5 akseptere en senere tilbakebetaling p\u00e5 greske statsobligasjoner.<br \/>\nKatastrofe for Europa<br \/>\nMen det kan slett ikke komme p\u00e5 tale, mener ECBs italienske styremedlem, Lorenzo Bini Smaghi.<br \/>\n&laquo;\u00c5 be ECB om \u00e5 utvide l\u00f8petiden p\u00e5 statsobligasjonene eller \u00e5 akseptere dem som sikkerhetsobligasjoner er en krenkelse av prinsippet om sentralbankens forbud mot \u00e5 finansiere statskassen&raquo;, sier Smaghi.<br \/>\nHan mener, det er feil \u00e5 gi den greske staten forh\u00e5pninger om at landet ikke selv trenger \u00e5 tilbakebetale den enorme gjelden.<br \/>\n&laquo;Hvis man begynner \u00e5 tilskynde land til ikke \u00e5 betale gjelden deres, er det en katastrofe for Europa og for alle investorer utenfra&raquo;, understreker ECB-medlemmet.<br \/>\nM\u00f8tes fredag<br \/>\nI stedet for \u00e5 tvinge den private sektoren til \u00e5 hjelpe med \u00e5 betale gjelden \u00f8nsker ECB at den private sektoren inndras i en mer &laquo;mykere form&raquo;, dermed at bankene kan bidra p\u00e5 frivillig basis.<br \/>\nDen id\u00e9 bakkes ogs\u00e5 opp av den franske presidenten, Nicolas Sarkozy.<br \/>\n&laquo;Uten euro er det ingenting Europa, og uten Europa er det ingen mulighet for fred og stabilitet. Vi har ingen rett til \u00e5 \u00f8delegge euro&raquo;, sier Sarkozy som alts\u00e5 heller ikke bakker om det tyske forslaget.<br \/>\nSarkozy samt representanter fra ECB og EU-kommisjonen m\u00f8tes fredag med den tyske forbundskansleren, Angela Merkel, for \u00e5 l\u00f8se uenighetene om den nye greske hjelpepakken.<\/p>\n","protected":false},"excerpt":{"rendered":"<p>Offentliggjort 16.06.11 kl. 18:05 Den Europeiske Sentralbank sl\u00e5r fast at den private sektoren ikke skal betale Hellas&#8217; gjeld. I kj\u00f8lvannet av diskusjonene om enda en redningsplan til den katastroferammede greske \u00f8konomien, sl\u00e5r Den europeiske Sentralbank (ECB) enda en gang fast at man ikke vil v\u00e6re med p\u00e5 \u00e5 betale for landets \u00f8konomiske kaos. Tyskland har [&hellip;]<\/p>\n","protected":false},"author":2,"featured_media":0,"comment_status":"closed","ping_status":"open","sticky":false,"template":"","format":"standard","meta":{"_et_pb_use_builder":"","_et_pb_old_content":"","_et_gb_content_width":"","footnotes":""},"categories":[551],"tags":[],"class_list":["post-5246","post","type-post","status-publish","format-standard","hentry","category-okonominyheter"],"yoast_head":"<!-- This site is optimized with the Yoast SEO plugin v27.4 - https:\/\/yoast.com\/product\/yoast-seo-wordpress\/ -->\n<title>ECB avviser \u00e5 betale for gresk krise &#187; WF Finans<\/title>\n<meta name=\"robots\" content=\"index, follow, max-snippet:-1, max-image-preview:large, max-video-preview:-1\" \/>\n<link rel=\"canonical\" href=\"https:\/\/www.webforumet.no\/finans\/ecb-avviser-a-betale-for-gresk-krise\/\" \/>\n<meta property=\"og:locale\" content=\"nb_NO\" \/>\n<meta property=\"og:type\" content=\"article\" \/>\n<meta property=\"og:title\" content=\"ECB avviser \u00e5 betale for gresk krise &#187; WF Finans\" \/>\n<meta property=\"og:description\" content=\"Offentliggjort 16.06.11 kl. 18:05 Den Europeiske Sentralbank sl\u00e5r fast at den private sektoren ikke skal betale Hellas&#8217; gjeld. I kj\u00f8lvannet av diskusjonene om enda en redningsplan til den katastroferammede greske \u00f8konomien, sl\u00e5r Den europeiske Sentralbank (ECB) enda en gang fast at man ikke vil v\u00e6re med p\u00e5 \u00e5 betale for landets \u00f8konomiske kaos. Tyskland har [&hellip;]\" \/>\n<meta property=\"og:url\" content=\"https:\/\/www.webforumet.no\/finans\/ecb-avviser-a-betale-for-gresk-krise\/\" \/>\n<meta property=\"og:site_name\" content=\"WF Finans\" \/>\n<meta property=\"article:published_time\" content=\"2011-06-01T00:32:35+00:00\" \/>\n<meta property=\"article:modified_time\" content=\"2018-09-09T21:12:12+00:00\" \/>\n<meta name=\"author\" content=\"admin3\" \/>\n<meta name=\"twitter:card\" content=\"summary_large_image\" \/>\n<meta name=\"twitter:label1\" content=\"Skrevet av\" \/>\n\t<meta name=\"twitter:data1\" content=\"admin3\" \/>\n\t<meta name=\"twitter:label2\" content=\"Ansl. lesetid\" \/>\n\t<meta name=\"twitter:data2\" content=\"1 minutt\" \/>\n<script type=\"application\/ld+json\" class=\"yoast-schema-graph\">{\"@context\":\"https:\\\/\\\/schema.org\",\"@graph\":[{\"@type\":\"Article\",\"@id\":\"https:\\\/\\\/www.webforumet.no\\\/finans\\\/ecb-avviser-a-betale-for-gresk-krise\\\/#article\",\"isPartOf\":{\"@id\":\"https:\\\/\\\/www.webforumet.no\\\/finans\\\/ecb-avviser-a-betale-for-gresk-krise\\\/\"},\"author\":{\"name\":\"admin3\",\"@id\":\"https:\\\/\\\/www.webforumet.no\\\/finans\\\/#\\\/schema\\\/person\\\/772e8a24610a98ede823a0fdd3db11cf\"},\"headline\":\"ECB avviser \u00e5 betale for gresk krise\",\"datePublished\":\"2011-06-01T00:32:35+00:00\",\"dateModified\":\"2018-09-09T21:12:12+00:00\",\"mainEntityOfPage\":{\"@id\":\"https:\\\/\\\/www.webforumet.no\\\/finans\\\/ecb-avviser-a-betale-for-gresk-krise\\\/\"},\"wordCount\":289,\"articleSection\":[\"\u00d8konominyheter\"],\"inLanguage\":\"nb-NO\"},{\"@type\":\"WebPage\",\"@id\":\"https:\\\/\\\/www.webforumet.no\\\/finans\\\/ecb-avviser-a-betale-for-gresk-krise\\\/\",\"url\":\"https:\\\/\\\/www.webforumet.no\\\/finans\\\/ecb-avviser-a-betale-for-gresk-krise\\\/\",\"name\":\"ECB avviser \u00e5 betale for gresk krise &#187; WF Finans\",\"isPartOf\":{\"@id\":\"https:\\\/\\\/www.webforumet.no\\\/finans\\\/#website\"},\"datePublished\":\"2011-06-01T00:32:35+00:00\",\"dateModified\":\"2018-09-09T21:12:12+00:00\",\"author\":{\"@id\":\"https:\\\/\\\/www.webforumet.no\\\/finans\\\/#\\\/schema\\\/person\\\/772e8a24610a98ede823a0fdd3db11cf\"},\"breadcrumb\":{\"@id\":\"https:\\\/\\\/www.webforumet.no\\\/finans\\\/ecb-avviser-a-betale-for-gresk-krise\\\/#breadcrumb\"},\"inLanguage\":\"nb-NO\",\"potentialAction\":[{\"@type\":\"ReadAction\",\"target\":[\"https:\\\/\\\/www.webforumet.no\\\/finans\\\/ecb-avviser-a-betale-for-gresk-krise\\\/\"]}]},{\"@type\":\"BreadcrumbList\",\"@id\":\"https:\\\/\\\/www.webforumet.no\\\/finans\\\/ecb-avviser-a-betale-for-gresk-krise\\\/#breadcrumb\",\"itemListElement\":[{\"@type\":\"ListItem\",\"position\":1,\"name\":\"Hjem\",\"item\":\"https:\\\/\\\/www.webforumet.no\\\/finans\\\/\"},{\"@type\":\"ListItem\",\"position\":2,\"name\":\"ECB avviser \u00e5 betale for gresk krise\"}]},{\"@type\":\"WebSite\",\"@id\":\"https:\\\/\\\/www.webforumet.no\\\/finans\\\/#website\",\"url\":\"https:\\\/\\\/www.webforumet.no\\\/finans\\\/\",\"name\":\"WF Finans\",\"description\":\"Finansnyheter\",\"potentialAction\":[{\"@type\":\"SearchAction\",\"target\":{\"@type\":\"EntryPoint\",\"urlTemplate\":\"https:\\\/\\\/www.webforumet.no\\\/finans\\\/?s={search_term_string}\"},\"query-input\":{\"@type\":\"PropertyValueSpecification\",\"valueRequired\":true,\"valueName\":\"search_term_string\"}}],\"inLanguage\":\"nb-NO\"},{\"@type\":\"Person\",\"@id\":\"https:\\\/\\\/www.webforumet.no\\\/finans\\\/#\\\/schema\\\/person\\\/772e8a24610a98ede823a0fdd3db11cf\",\"name\":\"admin3\",\"url\":\"https:\\\/\\\/www.webforumet.no\\\/finans\\\/author\\\/admin3\\\/\"}]}<\/script>\n<!-- \/ Yoast SEO plugin. -->","yoast_head_json":{"title":"ECB avviser \u00e5 betale for gresk krise &#187; WF Finans","robots":{"index":"index","follow":"follow","max-snippet":"max-snippet:-1","max-image-preview":"max-image-preview:large","max-video-preview":"max-video-preview:-1"},"canonical":"https:\/\/www.webforumet.no\/finans\/ecb-avviser-a-betale-for-gresk-krise\/","og_locale":"nb_NO","og_type":"article","og_title":"ECB avviser \u00e5 betale for gresk krise &#187; WF Finans","og_description":"Offentliggjort 16.06.11 kl. 18:05 Den Europeiske Sentralbank sl\u00e5r fast at den private sektoren ikke skal betale Hellas&#8217; gjeld. I kj\u00f8lvannet av diskusjonene om enda en redningsplan til den katastroferammede greske \u00f8konomien, sl\u00e5r Den europeiske Sentralbank (ECB) enda en gang fast at man ikke vil v\u00e6re med p\u00e5 \u00e5 betale for landets \u00f8konomiske kaos. Tyskland har [&hellip;]","og_url":"https:\/\/www.webforumet.no\/finans\/ecb-avviser-a-betale-for-gresk-krise\/","og_site_name":"WF Finans","article_published_time":"2011-06-01T00:32:35+00:00","article_modified_time":"2018-09-09T21:12:12+00:00","author":"admin3","twitter_card":"summary_large_image","twitter_misc":{"Skrevet av":"admin3","Ansl. lesetid":"1 minutt"},"schema":{"@context":"https:\/\/schema.org","@graph":[{"@type":"Article","@id":"https:\/\/www.webforumet.no\/finans\/ecb-avviser-a-betale-for-gresk-krise\/#article","isPartOf":{"@id":"https:\/\/www.webforumet.no\/finans\/ecb-avviser-a-betale-for-gresk-krise\/"},"author":{"name":"admin3","@id":"https:\/\/www.webforumet.no\/finans\/#\/schema\/person\/772e8a24610a98ede823a0fdd3db11cf"},"headline":"ECB avviser \u00e5 betale for gresk krise","datePublished":"2011-06-01T00:32:35+00:00","dateModified":"2018-09-09T21:12:12+00:00","mainEntityOfPage":{"@id":"https:\/\/www.webforumet.no\/finans\/ecb-avviser-a-betale-for-gresk-krise\/"},"wordCount":289,"articleSection":["\u00d8konominyheter"],"inLanguage":"nb-NO"},{"@type":"WebPage","@id":"https:\/\/www.webforumet.no\/finans\/ecb-avviser-a-betale-for-gresk-krise\/","url":"https:\/\/www.webforumet.no\/finans\/ecb-avviser-a-betale-for-gresk-krise\/","name":"ECB avviser \u00e5 betale for gresk krise &#187; WF Finans","isPartOf":{"@id":"https:\/\/www.webforumet.no\/finans\/#website"},"datePublished":"2011-06-01T00:32:35+00:00","dateModified":"2018-09-09T21:12:12+00:00","author":{"@id":"https:\/\/www.webforumet.no\/finans\/#\/schema\/person\/772e8a24610a98ede823a0fdd3db11cf"},"breadcrumb":{"@id":"https:\/\/www.webforumet.no\/finans\/ecb-avviser-a-betale-for-gresk-krise\/#breadcrumb"},"inLanguage":"nb-NO","potentialAction":[{"@type":"ReadAction","target":["https:\/\/www.webforumet.no\/finans\/ecb-avviser-a-betale-for-gresk-krise\/"]}]},{"@type":"BreadcrumbList","@id":"https:\/\/www.webforumet.no\/finans\/ecb-avviser-a-betale-for-gresk-krise\/#breadcrumb","itemListElement":[{"@type":"ListItem","position":1,"name":"Hjem","item":"https:\/\/www.webforumet.no\/finans\/"},{"@type":"ListItem","position":2,"name":"ECB avviser \u00e5 betale for gresk krise"}]},{"@type":"WebSite","@id":"https:\/\/www.webforumet.no\/finans\/#website","url":"https:\/\/www.webforumet.no\/finans\/","name":"WF Finans","description":"Finansnyheter","potentialAction":[{"@type":"SearchAction","target":{"@type":"EntryPoint","urlTemplate":"https:\/\/www.webforumet.no\/finans\/?s={search_term_string}"},"query-input":{"@type":"PropertyValueSpecification","valueRequired":true,"valueName":"search_term_string"}}],"inLanguage":"nb-NO"},{"@type":"Person","@id":"https:\/\/www.webforumet.no\/finans\/#\/schema\/person\/772e8a24610a98ede823a0fdd3db11cf","name":"admin3","url":"https:\/\/www.webforumet.no\/finans\/author\/admin3\/"}]}},"_links":{"self":[{"href":"https:\/\/www.webforumet.no\/finans\/wp-json\/wp\/v2\/posts\/5246","targetHints":{"allow":["GET"]}}],"collection":[{"href":"https:\/\/www.webforumet.no\/finans\/wp-json\/wp\/v2\/posts"}],"about":[{"href":"https:\/\/www.webforumet.no\/finans\/wp-json\/wp\/v2\/types\/post"}],"author":[{"embeddable":true,"href":"https:\/\/www.webforumet.no\/finans\/wp-json\/wp\/v2\/users\/2"}],"replies":[{"embeddable":true,"href":"https:\/\/www.webforumet.no\/finans\/wp-json\/wp\/v2\/comments?post=5246"}],"version-history":[{"count":1,"href":"https:\/\/www.webforumet.no\/finans\/wp-json\/wp\/v2\/posts\/5246\/revisions"}],"predecessor-version":[{"id":13623,"href":"https:\/\/www.webforumet.no\/finans\/wp-json\/wp\/v2\/posts\/5246\/revisions\/13623"}],"wp:attachment":[{"href":"https:\/\/www.webforumet.no\/finans\/wp-json\/wp\/v2\/media?parent=5246"}],"wp:term":[{"taxonomy":"category","embeddable":true,"href":"https:\/\/www.webforumet.no\/finans\/wp-json\/wp\/v2\/categories?post=5246"},{"taxonomy":"post_tag","embeddable":true,"href":"https:\/\/www.webforumet.no\/finans\/wp-json\/wp\/v2\/tags?post=5246"}],"curies":[{"name":"wp","href":"https:\/\/api.w.org\/{rel}","templated":true}]}}