{"id":525,"date":"2008-07-14T11:37:15","date_gmt":"2008-07-14T11:37:15","guid":{"rendered":"http:\/\/xn--lne-ula.priv.no\/intervju-med-joseph-muscat\/"},"modified":"2018-09-09T23:09:29","modified_gmt":"2018-09-09T21:09:29","slug":"intervju-med-joseph-muscat","status":"publish","type":"post","link":"https:\/\/www.webforumet.no\/finans\/intervju-med-joseph-muscat\/","title":{"rendered":"Intervju med Joseph Muscat"},"content":{"rendered":"<p>30-01-2008<br \/>\nKypros og Malta innf\u00f8rte euroen som valuta 1. januar 2008. Dermed f\u00f8lger disse landene etter Slovenia som som det f\u00f8rste av landene fra EU-utvidelsen i 2004 tr\u00e5dte i inn eurosamarbeidet i 2007. Vi fikk en snakk med den Maltesiske EU-utsending Joseph Muscat, som er nestleder i utvalget for \u00d8konomi og Valuta, om hvilken betydning euroen vil f\u00e5 for hans land.<br \/>\nVar det vanskelig for Malta \u00e5 leve opp til Eurozonens kriterier, og hva skjedde det underveis med Maltas \u00f8konomi?<br \/>\nJeg mener, at \u00e6ren for at det lykkes \u00e5 oppfylle Maastricht-kriteriene m\u00e5 g\u00e5 til v\u00e5re lands befolkning. Men den hardeste testen vil v\u00e6re, n\u00e5r vi f\u00e5r de forel\u00f8pige resultatene for de f\u00f8rste 12 m\u00e5neder &#8211; s\u00e5 vil vi v\u00e6re i stand til \u00e5 analysere effekten p\u00e5 inflasjonen.<br \/>\nDet var n\u00f8dvendig \u00e5 foreta endringer. Jeg h\u00e5per at vi over de kommendee \u00e5rene mer inng\u00e5ende vil kunne diskutere effekten av endringene i en mer \u00f8konomisk og apolitisk kontekst. Det ble uttrykt bekymring fra flere kanter av v\u00e5re politiske spektrum, men n\u00e5 er det der borte.<br \/>\nP\u00e5 hvilken m\u00e5te ble det maltesiske folket inndratt i forberedelsene til euroen, og hvordan reagerte de i forhold til forandringene?<br \/>\nDen generelle stemningen har v\u00e6rt meget positiv og \u00e5pen i forhold til den nye valutaen. Det som skjedde i l\u00f8pet av de f\u00f8rste parene dager viste at folk var ivrige etter \u00e5 skifte over (til den nye valutaen).<br \/>\nIf\u00f8lge en unders\u00f8kelse, er Malta &#8211; nest etter Nederland &#8211; det landet som rask har greid omstillingsprosessen.<br \/>\nHva vil du anbefale de landene som enda ikke er tr\u00e5dt i inn euroen, men som stadig befinner seg i forberedelsesfasen?<br \/>\nUten forbrukeren har euroen ingen betydning. Det er ikke den tekniske overgangsfasen, som er viktig. Det er forbrukeren, som er kjernen. Etter min oppfatning utf\u00f8rte NECC (Nasjonal Euro Changeover Committee) et flott stykke arbeid. Jeg var til gjengjeld skuffet over at det ikke var flere forbrukerorganisasjoner involvert<br \/>\nVi er n\u00f8dt til \u00e5 innse at enhver omstillingsprosess vil medf\u00f8re at noen vil fors\u00f8ke \u00e5 dra fordel av situasjonen ved \u00e5 heve prisene. Resultatet vil ikke bare v\u00e6re at prisen p\u00e5 kaffe stiger. Resultatet vil v\u00e6re, at det oppst\u00e5r en generell oppfatning av at den nye valutaen er knyttet med inflasjon.<br \/>\nHva er Maltas erfaringer med hensyn til prisstigninger i forbindelse med introdusereingen av euroen?<br \/>\nDet var en god opplysningskampanje om omstillingsprosessen, som ut fra et teknisk perspektiv forl\u00f8p utrolig godt. Det er likevel en oppfatning av at euroen har medf\u00f8rt stigende priser. Vi mangler enda \u00e5 f\u00e5 analysert om det direkte skyldes overgangen (til euroen), eller om folk benyttet lekelikheten til \u00e5 heve prisene i forbindelse med overgangen til den nye valutaen.<\/p>\n","protected":false},"excerpt":{"rendered":"<p>30-01-2008 Kypros og Malta innf\u00f8rte euroen som valuta 1. januar 2008. Dermed f\u00f8lger disse landene etter Slovenia som som det f\u00f8rste av landene fra EU-utvidelsen i 2004 tr\u00e5dte i inn eurosamarbeidet i 2007. Vi fikk en snakk med den Maltesiske EU-utsending Joseph Muscat, som er nestleder i utvalget for \u00d8konomi og Valuta, om hvilken betydning [&hellip;]<\/p>\n","protected":false},"author":2,"featured_media":0,"comment_status":"closed","ping_status":"open","sticky":false,"template":"","format":"standard","meta":{"_et_pb_use_builder":"","_et_pb_old_content":"","_et_gb_content_width":"","footnotes":""},"categories":[155],"tags":[],"class_list":["post-525","post","type-post","status-publish","format-standard","hentry","category-eu"],"yoast_head":"<!-- This site is optimized with the Yoast SEO plugin v27.4 - https:\/\/yoast.com\/product\/yoast-seo-wordpress\/ -->\n<title>Intervju med Joseph Muscat &#187; WF Finans<\/title>\n<meta name=\"robots\" content=\"index, follow, max-snippet:-1, max-image-preview:large, max-video-preview:-1\" \/>\n<link rel=\"canonical\" href=\"https:\/\/www.webforumet.no\/finans\/intervju-med-joseph-muscat\/\" \/>\n<meta property=\"og:locale\" content=\"nb_NO\" \/>\n<meta property=\"og:type\" content=\"article\" \/>\n<meta property=\"og:title\" content=\"Intervju med Joseph Muscat &#187; WF Finans\" \/>\n<meta property=\"og:description\" content=\"30-01-2008 Kypros og Malta innf\u00f8rte euroen som valuta 1. januar 2008. Dermed f\u00f8lger disse landene etter Slovenia som som det f\u00f8rste av landene fra EU-utvidelsen i 2004 tr\u00e5dte i inn eurosamarbeidet i 2007. Vi fikk en snakk med den Maltesiske EU-utsending Joseph Muscat, som er nestleder i utvalget for \u00d8konomi og Valuta, om hvilken betydning [&hellip;]\" \/>\n<meta property=\"og:url\" content=\"https:\/\/www.webforumet.no\/finans\/intervju-med-joseph-muscat\/\" \/>\n<meta property=\"og:site_name\" content=\"WF Finans\" \/>\n<meta property=\"article:published_time\" content=\"2008-07-14T11:37:15+00:00\" \/>\n<meta property=\"article:modified_time\" content=\"2018-09-09T21:09:29+00:00\" \/>\n<meta name=\"author\" content=\"admin3\" \/>\n<meta name=\"twitter:card\" content=\"summary_large_image\" \/>\n<meta name=\"twitter:label1\" content=\"Skrevet av\" \/>\n\t<meta name=\"twitter:data1\" content=\"admin3\" \/>\n\t<meta name=\"twitter:label2\" content=\"Ansl. lesetid\" \/>\n\t<meta name=\"twitter:data2\" content=\"2 minutter\" \/>\n<script type=\"application\/ld+json\" class=\"yoast-schema-graph\">{\"@context\":\"https:\\\/\\\/schema.org\",\"@graph\":[{\"@type\":\"Article\",\"@id\":\"https:\\\/\\\/www.webforumet.no\\\/finans\\\/intervju-med-joseph-muscat\\\/#article\",\"isPartOf\":{\"@id\":\"https:\\\/\\\/www.webforumet.no\\\/finans\\\/intervju-med-joseph-muscat\\\/\"},\"author\":{\"name\":\"admin3\",\"@id\":\"https:\\\/\\\/www.webforumet.no\\\/finans\\\/#\\\/schema\\\/person\\\/772e8a24610a98ede823a0fdd3db11cf\"},\"headline\":\"Intervju med Joseph Muscat\",\"datePublished\":\"2008-07-14T11:37:15+00:00\",\"dateModified\":\"2018-09-09T21:09:29+00:00\",\"mainEntityOfPage\":{\"@id\":\"https:\\\/\\\/www.webforumet.no\\\/finans\\\/intervju-med-joseph-muscat\\\/\"},\"wordCount\":462,\"articleSection\":[\"EU\"],\"inLanguage\":\"nb-NO\"},{\"@type\":\"WebPage\",\"@id\":\"https:\\\/\\\/www.webforumet.no\\\/finans\\\/intervju-med-joseph-muscat\\\/\",\"url\":\"https:\\\/\\\/www.webforumet.no\\\/finans\\\/intervju-med-joseph-muscat\\\/\",\"name\":\"Intervju med Joseph Muscat &#187; WF Finans\",\"isPartOf\":{\"@id\":\"https:\\\/\\\/www.webforumet.no\\\/finans\\\/#website\"},\"datePublished\":\"2008-07-14T11:37:15+00:00\",\"dateModified\":\"2018-09-09T21:09:29+00:00\",\"author\":{\"@id\":\"https:\\\/\\\/www.webforumet.no\\\/finans\\\/#\\\/schema\\\/person\\\/772e8a24610a98ede823a0fdd3db11cf\"},\"breadcrumb\":{\"@id\":\"https:\\\/\\\/www.webforumet.no\\\/finans\\\/intervju-med-joseph-muscat\\\/#breadcrumb\"},\"inLanguage\":\"nb-NO\",\"potentialAction\":[{\"@type\":\"ReadAction\",\"target\":[\"https:\\\/\\\/www.webforumet.no\\\/finans\\\/intervju-med-joseph-muscat\\\/\"]}]},{\"@type\":\"BreadcrumbList\",\"@id\":\"https:\\\/\\\/www.webforumet.no\\\/finans\\\/intervju-med-joseph-muscat\\\/#breadcrumb\",\"itemListElement\":[{\"@type\":\"ListItem\",\"position\":1,\"name\":\"Hjem\",\"item\":\"https:\\\/\\\/www.webforumet.no\\\/finans\\\/\"},{\"@type\":\"ListItem\",\"position\":2,\"name\":\"Intervju med Joseph Muscat\"}]},{\"@type\":\"WebSite\",\"@id\":\"https:\\\/\\\/www.webforumet.no\\\/finans\\\/#website\",\"url\":\"https:\\\/\\\/www.webforumet.no\\\/finans\\\/\",\"name\":\"WF Finans\",\"description\":\"Finansnyheter\",\"potentialAction\":[{\"@type\":\"SearchAction\",\"target\":{\"@type\":\"EntryPoint\",\"urlTemplate\":\"https:\\\/\\\/www.webforumet.no\\\/finans\\\/?s={search_term_string}\"},\"query-input\":{\"@type\":\"PropertyValueSpecification\",\"valueRequired\":true,\"valueName\":\"search_term_string\"}}],\"inLanguage\":\"nb-NO\"},{\"@type\":\"Person\",\"@id\":\"https:\\\/\\\/www.webforumet.no\\\/finans\\\/#\\\/schema\\\/person\\\/772e8a24610a98ede823a0fdd3db11cf\",\"name\":\"admin3\",\"url\":\"https:\\\/\\\/www.webforumet.no\\\/finans\\\/author\\\/admin3\\\/\"}]}<\/script>\n<!-- \/ Yoast SEO plugin. -->","yoast_head_json":{"title":"Intervju med Joseph Muscat &#187; WF Finans","robots":{"index":"index","follow":"follow","max-snippet":"max-snippet:-1","max-image-preview":"max-image-preview:large","max-video-preview":"max-video-preview:-1"},"canonical":"https:\/\/www.webforumet.no\/finans\/intervju-med-joseph-muscat\/","og_locale":"nb_NO","og_type":"article","og_title":"Intervju med Joseph Muscat &#187; WF Finans","og_description":"30-01-2008 Kypros og Malta innf\u00f8rte euroen som valuta 1. januar 2008. Dermed f\u00f8lger disse landene etter Slovenia som som det f\u00f8rste av landene fra EU-utvidelsen i 2004 tr\u00e5dte i inn eurosamarbeidet i 2007. Vi fikk en snakk med den Maltesiske EU-utsending Joseph Muscat, som er nestleder i utvalget for \u00d8konomi og Valuta, om hvilken betydning [&hellip;]","og_url":"https:\/\/www.webforumet.no\/finans\/intervju-med-joseph-muscat\/","og_site_name":"WF Finans","article_published_time":"2008-07-14T11:37:15+00:00","article_modified_time":"2018-09-09T21:09:29+00:00","author":"admin3","twitter_card":"summary_large_image","twitter_misc":{"Skrevet av":"admin3","Ansl. lesetid":"2 minutter"},"schema":{"@context":"https:\/\/schema.org","@graph":[{"@type":"Article","@id":"https:\/\/www.webforumet.no\/finans\/intervju-med-joseph-muscat\/#article","isPartOf":{"@id":"https:\/\/www.webforumet.no\/finans\/intervju-med-joseph-muscat\/"},"author":{"name":"admin3","@id":"https:\/\/www.webforumet.no\/finans\/#\/schema\/person\/772e8a24610a98ede823a0fdd3db11cf"},"headline":"Intervju med Joseph Muscat","datePublished":"2008-07-14T11:37:15+00:00","dateModified":"2018-09-09T21:09:29+00:00","mainEntityOfPage":{"@id":"https:\/\/www.webforumet.no\/finans\/intervju-med-joseph-muscat\/"},"wordCount":462,"articleSection":["EU"],"inLanguage":"nb-NO"},{"@type":"WebPage","@id":"https:\/\/www.webforumet.no\/finans\/intervju-med-joseph-muscat\/","url":"https:\/\/www.webforumet.no\/finans\/intervju-med-joseph-muscat\/","name":"Intervju med Joseph Muscat &#187; WF Finans","isPartOf":{"@id":"https:\/\/www.webforumet.no\/finans\/#website"},"datePublished":"2008-07-14T11:37:15+00:00","dateModified":"2018-09-09T21:09:29+00:00","author":{"@id":"https:\/\/www.webforumet.no\/finans\/#\/schema\/person\/772e8a24610a98ede823a0fdd3db11cf"},"breadcrumb":{"@id":"https:\/\/www.webforumet.no\/finans\/intervju-med-joseph-muscat\/#breadcrumb"},"inLanguage":"nb-NO","potentialAction":[{"@type":"ReadAction","target":["https:\/\/www.webforumet.no\/finans\/intervju-med-joseph-muscat\/"]}]},{"@type":"BreadcrumbList","@id":"https:\/\/www.webforumet.no\/finans\/intervju-med-joseph-muscat\/#breadcrumb","itemListElement":[{"@type":"ListItem","position":1,"name":"Hjem","item":"https:\/\/www.webforumet.no\/finans\/"},{"@type":"ListItem","position":2,"name":"Intervju med Joseph Muscat"}]},{"@type":"WebSite","@id":"https:\/\/www.webforumet.no\/finans\/#website","url":"https:\/\/www.webforumet.no\/finans\/","name":"WF Finans","description":"Finansnyheter","potentialAction":[{"@type":"SearchAction","target":{"@type":"EntryPoint","urlTemplate":"https:\/\/www.webforumet.no\/finans\/?s={search_term_string}"},"query-input":{"@type":"PropertyValueSpecification","valueRequired":true,"valueName":"search_term_string"}}],"inLanguage":"nb-NO"},{"@type":"Person","@id":"https:\/\/www.webforumet.no\/finans\/#\/schema\/person\/772e8a24610a98ede823a0fdd3db11cf","name":"admin3","url":"https:\/\/www.webforumet.no\/finans\/author\/admin3\/"}]}},"_links":{"self":[{"href":"https:\/\/www.webforumet.no\/finans\/wp-json\/wp\/v2\/posts\/525","targetHints":{"allow":["GET"]}}],"collection":[{"href":"https:\/\/www.webforumet.no\/finans\/wp-json\/wp\/v2\/posts"}],"about":[{"href":"https:\/\/www.webforumet.no\/finans\/wp-json\/wp\/v2\/types\/post"}],"author":[{"embeddable":true,"href":"https:\/\/www.webforumet.no\/finans\/wp-json\/wp\/v2\/users\/2"}],"replies":[{"embeddable":true,"href":"https:\/\/www.webforumet.no\/finans\/wp-json\/wp\/v2\/comments?post=525"}],"version-history":[{"count":1,"href":"https:\/\/www.webforumet.no\/finans\/wp-json\/wp\/v2\/posts\/525\/revisions"}],"predecessor-version":[{"id":12621,"href":"https:\/\/www.webforumet.no\/finans\/wp-json\/wp\/v2\/posts\/525\/revisions\/12621"}],"wp:attachment":[{"href":"https:\/\/www.webforumet.no\/finans\/wp-json\/wp\/v2\/media?parent=525"}],"wp:term":[{"taxonomy":"category","embeddable":true,"href":"https:\/\/www.webforumet.no\/finans\/wp-json\/wp\/v2\/categories?post=525"},{"taxonomy":"post_tag","embeddable":true,"href":"https:\/\/www.webforumet.no\/finans\/wp-json\/wp\/v2\/tags?post=525"}],"curies":[{"name":"wp","href":"https:\/\/api.w.org\/{rel}","templated":true}]}}