{"id":527,"date":"2008-07-15T11:38:00","date_gmt":"2008-07-15T11:38:00","guid":{"rendered":"http:\/\/xn--lne-ula.priv.no\/eu-utsendinger-reaksjoner-pa-trichets-bes%c3%b8k-i-europaparlamentet\/"},"modified":"2018-09-09T23:09:29","modified_gmt":"2018-09-09T21:09:29","slug":"eu-utsendinger-reaksjoner-pa-trichets-bes%c3%b8k-i-europaparlamentet","status":"publish","type":"post","link":"https:\/\/www.webforumet.no\/finans\/eu-utsendinger-reaksjoner-pa-trichets-bes%c3%b8k-i-europaparlamentet\/","title":{"rendered":"EU-utsendinger reaksjoner p\u00e5 Trichets bes\u00f8k i Europaparlamentet"},"content":{"rendered":"<p>13-09-2007<br \/>\nI forlengelse av Jean-Claude Trichets bes\u00f8k i Parlamentet siste tirsdag, har vi spurt rekke EU-utsendinger om hva de fikk ut av m\u00f8tet.<br \/>\nFinner du at ECB har handlet korrekt i forhold til den siste tidens tumult p\u00e5 finansmarkedene?<br \/>\nUdo Bullmann (PSE\/D):<br \/>\n&laquo;ECBs direkt\u00f8r er meget velinformert om situasjonen. Vi forventer at ECB i sine framtidige monet\u00e6re beslutninger, vil ta like meget hensyn til behovet for vekst og utvikling p\u00e5 arbeidsmarkedene, som i forbindelse med den siste tidens krise&raquo;.<br \/>\nGunnar H\u00f6kmark (EPP-ED\/SE):<br \/>\nJa, det mener jeg. ECBs uavhengighet og dens manifestert evne til \u00e5 handle samlet og med stor styrke, gir meg tillit til ECBs m\u00e5te \u00e5 h\u00e5ndtere situasjonen p\u00e5.&raquo;<br \/>\nKarsten Friedrich Hoppenstedt (Epp-Ed\/D):<br \/>\n&laquo;ECB har handlet p\u00e5 en god og fleksibel m\u00e5te. Det ville ha v\u00e6rt enda mer ustabilitet, hvis banken ikke hadde insistert p\u00e5 sin egen uavhengighet &#8230;<br \/>\nLapo Pistelli (ALDE\/IT):<br \/>\n&laquo;H\u00f8ringen i g\u00e5r understreker enda en gang behovet for bedre overv\u00e5king &#8230;&raquo;<br \/>\nWolf Klinz (ALDE, D):<br \/>\n&laquo;Den m\u00e5te som ECB valgte \u00e5 handle p\u00e5 var b\u00e5de passende og ansvarlig. Ved \u00e5 sikre den n\u00f8dvendige likviditeten viste ECB sin evne til \u00e5 handle rask. ECB var likevel ikke i stand til \u00e5 l\u00f8se det egentlige problemet: \u00c5 forbedre transparensen p\u00e5 markedene og i forhold til utl\u00e5nsinstitusjonene.<br \/>\nGuuntars Grats (UEN\/LV):<br \/>\n&laquo;ECB har handlet resolutt. For bare et par m\u00e5neder siden var Sentralbankens st\u00f8rste bekymring inflasjonspresset, men etter noe som n\u00e5 er skjedd, er Trichets st\u00f8rste utfordring \u00e5 komme ut av krisen med minst mulig skade for veksten i Eurozonen. Hans kommentarer, ga meg tillit til at ECB vil treffe de riktige valgene for \u00e5 unng\u00e5 en virkelig krise, og at den vil bevare sitt sterke grep om den monet\u00e6re politikken&raquo;<\/p>\n","protected":false},"excerpt":{"rendered":"<p>13-09-2007 I forlengelse av Jean-Claude Trichets bes\u00f8k i Parlamentet siste tirsdag, har vi spurt rekke EU-utsendinger om hva de fikk ut av m\u00f8tet. Finner du at ECB har handlet korrekt i forhold til den siste tidens tumult p\u00e5 finansmarkedene? Udo Bullmann (PSE\/D): &laquo;ECBs direkt\u00f8r er meget velinformert om situasjonen. Vi forventer at ECB i sine [&hellip;]<\/p>\n","protected":false},"author":2,"featured_media":0,"comment_status":"closed","ping_status":"open","sticky":false,"template":"","format":"standard","meta":{"_et_pb_use_builder":"","_et_pb_old_content":"","_et_gb_content_width":"","footnotes":""},"categories":[155],"tags":[],"class_list":["post-527","post","type-post","status-publish","format-standard","hentry","category-eu"],"yoast_head":"<!-- This site is optimized with the Yoast SEO plugin v27.5 - https:\/\/yoast.com\/product\/yoast-seo-wordpress\/ -->\n<title>EU-utsendinger reaksjoner p\u00e5 Trichets bes\u00f8k i Europaparlamentet &#187; WF Finans<\/title>\n<meta name=\"robots\" content=\"index, follow, max-snippet:-1, max-image-preview:large, max-video-preview:-1\" \/>\n<link rel=\"canonical\" href=\"https:\/\/www.webforumet.no\/finans\/eu-utsendinger-reaksjoner-pa-trichets-bes\u00f8k-i-europaparlamentet\/\" \/>\n<meta property=\"og:locale\" content=\"nb_NO\" \/>\n<meta property=\"og:type\" content=\"article\" \/>\n<meta property=\"og:title\" content=\"EU-utsendinger reaksjoner p\u00e5 Trichets bes\u00f8k i Europaparlamentet &#187; WF Finans\" \/>\n<meta property=\"og:description\" content=\"13-09-2007 I forlengelse av Jean-Claude Trichets bes\u00f8k i Parlamentet siste tirsdag, har vi spurt rekke EU-utsendinger om hva de fikk ut av m\u00f8tet. Finner du at ECB har handlet korrekt i forhold til den siste tidens tumult p\u00e5 finansmarkedene? Udo Bullmann (PSE\/D): &laquo;ECBs direkt\u00f8r er meget velinformert om situasjonen. Vi forventer at ECB i sine [&hellip;]\" \/>\n<meta property=\"og:url\" content=\"https:\/\/www.webforumet.no\/finans\/eu-utsendinger-reaksjoner-pa-trichets-bes\u00f8k-i-europaparlamentet\/\" \/>\n<meta property=\"og:site_name\" content=\"WF Finans\" \/>\n<meta property=\"article:published_time\" content=\"2008-07-15T11:38:00+00:00\" \/>\n<meta property=\"article:modified_time\" content=\"2018-09-09T21:09:29+00:00\" \/>\n<meta name=\"author\" content=\"admin3\" \/>\n<meta name=\"twitter:card\" content=\"summary_large_image\" \/>\n<meta name=\"twitter:label1\" content=\"Skrevet av\" \/>\n\t<meta name=\"twitter:data1\" content=\"admin3\" \/>\n\t<meta name=\"twitter:label2\" content=\"Ansl. lesetid\" \/>\n\t<meta name=\"twitter:data2\" content=\"1 minutt\" \/>\n<script type=\"application\/ld+json\" class=\"yoast-schema-graph\">{\"@context\":\"https:\\\/\\\/schema.org\",\"@graph\":[{\"@type\":\"Article\",\"@id\":\"https:\\\/\\\/www.webforumet.no\\\/finans\\\/eu-utsendinger-reaksjoner-pa-trichets-bes%c3%b8k-i-europaparlamentet\\\/#article\",\"isPartOf\":{\"@id\":\"https:\\\/\\\/www.webforumet.no\\\/finans\\\/eu-utsendinger-reaksjoner-pa-trichets-bes%c3%b8k-i-europaparlamentet\\\/\"},\"author\":{\"name\":\"admin3\",\"@id\":\"https:\\\/\\\/www.webforumet.no\\\/finans\\\/#\\\/schema\\\/person\\\/772e8a24610a98ede823a0fdd3db11cf\"},\"headline\":\"EU-utsendinger reaksjoner p\u00e5 Trichets bes\u00f8k i Europaparlamentet\",\"datePublished\":\"2008-07-15T11:38:00+00:00\",\"dateModified\":\"2018-09-09T21:09:29+00:00\",\"mainEntityOfPage\":{\"@id\":\"https:\\\/\\\/www.webforumet.no\\\/finans\\\/eu-utsendinger-reaksjoner-pa-trichets-bes%c3%b8k-i-europaparlamentet\\\/\"},\"wordCount\":305,\"articleSection\":[\"EU\"],\"inLanguage\":\"nb-NO\"},{\"@type\":\"WebPage\",\"@id\":\"https:\\\/\\\/www.webforumet.no\\\/finans\\\/eu-utsendinger-reaksjoner-pa-trichets-bes%c3%b8k-i-europaparlamentet\\\/\",\"url\":\"https:\\\/\\\/www.webforumet.no\\\/finans\\\/eu-utsendinger-reaksjoner-pa-trichets-bes%c3%b8k-i-europaparlamentet\\\/\",\"name\":\"EU-utsendinger reaksjoner p\u00e5 Trichets bes\u00f8k i Europaparlamentet &#187; WF Finans\",\"isPartOf\":{\"@id\":\"https:\\\/\\\/www.webforumet.no\\\/finans\\\/#website\"},\"datePublished\":\"2008-07-15T11:38:00+00:00\",\"dateModified\":\"2018-09-09T21:09:29+00:00\",\"author\":{\"@id\":\"https:\\\/\\\/www.webforumet.no\\\/finans\\\/#\\\/schema\\\/person\\\/772e8a24610a98ede823a0fdd3db11cf\"},\"breadcrumb\":{\"@id\":\"https:\\\/\\\/www.webforumet.no\\\/finans\\\/eu-utsendinger-reaksjoner-pa-trichets-bes%c3%b8k-i-europaparlamentet\\\/#breadcrumb\"},\"inLanguage\":\"nb-NO\",\"potentialAction\":[{\"@type\":\"ReadAction\",\"target\":[\"https:\\\/\\\/www.webforumet.no\\\/finans\\\/eu-utsendinger-reaksjoner-pa-trichets-bes%c3%b8k-i-europaparlamentet\\\/\"]}]},{\"@type\":\"BreadcrumbList\",\"@id\":\"https:\\\/\\\/www.webforumet.no\\\/finans\\\/eu-utsendinger-reaksjoner-pa-trichets-bes%c3%b8k-i-europaparlamentet\\\/#breadcrumb\",\"itemListElement\":[{\"@type\":\"ListItem\",\"position\":1,\"name\":\"Hjem\",\"item\":\"https:\\\/\\\/www.webforumet.no\\\/finans\\\/\"},{\"@type\":\"ListItem\",\"position\":2,\"name\":\"EU-utsendinger reaksjoner p\u00e5 Trichets bes\u00f8k i Europaparlamentet\"}]},{\"@type\":\"WebSite\",\"@id\":\"https:\\\/\\\/www.webforumet.no\\\/finans\\\/#website\",\"url\":\"https:\\\/\\\/www.webforumet.no\\\/finans\\\/\",\"name\":\"WF Finans\",\"description\":\"Finansnyheter\",\"potentialAction\":[{\"@type\":\"SearchAction\",\"target\":{\"@type\":\"EntryPoint\",\"urlTemplate\":\"https:\\\/\\\/www.webforumet.no\\\/finans\\\/?s={search_term_string}\"},\"query-input\":{\"@type\":\"PropertyValueSpecification\",\"valueRequired\":true,\"valueName\":\"search_term_string\"}}],\"inLanguage\":\"nb-NO\"},{\"@type\":\"Person\",\"@id\":\"https:\\\/\\\/www.webforumet.no\\\/finans\\\/#\\\/schema\\\/person\\\/772e8a24610a98ede823a0fdd3db11cf\",\"name\":\"admin3\",\"url\":\"https:\\\/\\\/www.webforumet.no\\\/finans\\\/author\\\/admin3\\\/\"}]}<\/script>\n<!-- \/ Yoast SEO plugin. -->","yoast_head_json":{"title":"EU-utsendinger reaksjoner p\u00e5 Trichets bes\u00f8k i Europaparlamentet &#187; WF Finans","robots":{"index":"index","follow":"follow","max-snippet":"max-snippet:-1","max-image-preview":"max-image-preview:large","max-video-preview":"max-video-preview:-1"},"canonical":"https:\/\/www.webforumet.no\/finans\/eu-utsendinger-reaksjoner-pa-trichets-bes\u00f8k-i-europaparlamentet\/","og_locale":"nb_NO","og_type":"article","og_title":"EU-utsendinger reaksjoner p\u00e5 Trichets bes\u00f8k i Europaparlamentet &#187; WF Finans","og_description":"13-09-2007 I forlengelse av Jean-Claude Trichets bes\u00f8k i Parlamentet siste tirsdag, har vi spurt rekke EU-utsendinger om hva de fikk ut av m\u00f8tet. Finner du at ECB har handlet korrekt i forhold til den siste tidens tumult p\u00e5 finansmarkedene? Udo Bullmann (PSE\/D): &laquo;ECBs direkt\u00f8r er meget velinformert om situasjonen. Vi forventer at ECB i sine [&hellip;]","og_url":"https:\/\/www.webforumet.no\/finans\/eu-utsendinger-reaksjoner-pa-trichets-bes\u00f8k-i-europaparlamentet\/","og_site_name":"WF Finans","article_published_time":"2008-07-15T11:38:00+00:00","article_modified_time":"2018-09-09T21:09:29+00:00","author":"admin3","twitter_card":"summary_large_image","twitter_misc":{"Skrevet av":"admin3","Ansl. lesetid":"1 minutt"},"schema":{"@context":"https:\/\/schema.org","@graph":[{"@type":"Article","@id":"https:\/\/www.webforumet.no\/finans\/eu-utsendinger-reaksjoner-pa-trichets-bes%c3%b8k-i-europaparlamentet\/#article","isPartOf":{"@id":"https:\/\/www.webforumet.no\/finans\/eu-utsendinger-reaksjoner-pa-trichets-bes%c3%b8k-i-europaparlamentet\/"},"author":{"name":"admin3","@id":"https:\/\/www.webforumet.no\/finans\/#\/schema\/person\/772e8a24610a98ede823a0fdd3db11cf"},"headline":"EU-utsendinger reaksjoner p\u00e5 Trichets bes\u00f8k i Europaparlamentet","datePublished":"2008-07-15T11:38:00+00:00","dateModified":"2018-09-09T21:09:29+00:00","mainEntityOfPage":{"@id":"https:\/\/www.webforumet.no\/finans\/eu-utsendinger-reaksjoner-pa-trichets-bes%c3%b8k-i-europaparlamentet\/"},"wordCount":305,"articleSection":["EU"],"inLanguage":"nb-NO"},{"@type":"WebPage","@id":"https:\/\/www.webforumet.no\/finans\/eu-utsendinger-reaksjoner-pa-trichets-bes%c3%b8k-i-europaparlamentet\/","url":"https:\/\/www.webforumet.no\/finans\/eu-utsendinger-reaksjoner-pa-trichets-bes%c3%b8k-i-europaparlamentet\/","name":"EU-utsendinger reaksjoner p\u00e5 Trichets bes\u00f8k i Europaparlamentet &#187; WF Finans","isPartOf":{"@id":"https:\/\/www.webforumet.no\/finans\/#website"},"datePublished":"2008-07-15T11:38:00+00:00","dateModified":"2018-09-09T21:09:29+00:00","author":{"@id":"https:\/\/www.webforumet.no\/finans\/#\/schema\/person\/772e8a24610a98ede823a0fdd3db11cf"},"breadcrumb":{"@id":"https:\/\/www.webforumet.no\/finans\/eu-utsendinger-reaksjoner-pa-trichets-bes%c3%b8k-i-europaparlamentet\/#breadcrumb"},"inLanguage":"nb-NO","potentialAction":[{"@type":"ReadAction","target":["https:\/\/www.webforumet.no\/finans\/eu-utsendinger-reaksjoner-pa-trichets-bes%c3%b8k-i-europaparlamentet\/"]}]},{"@type":"BreadcrumbList","@id":"https:\/\/www.webforumet.no\/finans\/eu-utsendinger-reaksjoner-pa-trichets-bes%c3%b8k-i-europaparlamentet\/#breadcrumb","itemListElement":[{"@type":"ListItem","position":1,"name":"Hjem","item":"https:\/\/www.webforumet.no\/finans\/"},{"@type":"ListItem","position":2,"name":"EU-utsendinger reaksjoner p\u00e5 Trichets bes\u00f8k i Europaparlamentet"}]},{"@type":"WebSite","@id":"https:\/\/www.webforumet.no\/finans\/#website","url":"https:\/\/www.webforumet.no\/finans\/","name":"WF Finans","description":"Finansnyheter","potentialAction":[{"@type":"SearchAction","target":{"@type":"EntryPoint","urlTemplate":"https:\/\/www.webforumet.no\/finans\/?s={search_term_string}"},"query-input":{"@type":"PropertyValueSpecification","valueRequired":true,"valueName":"search_term_string"}}],"inLanguage":"nb-NO"},{"@type":"Person","@id":"https:\/\/www.webforumet.no\/finans\/#\/schema\/person\/772e8a24610a98ede823a0fdd3db11cf","name":"admin3","url":"https:\/\/www.webforumet.no\/finans\/author\/admin3\/"}]}},"_links":{"self":[{"href":"https:\/\/www.webforumet.no\/finans\/wp-json\/wp\/v2\/posts\/527","targetHints":{"allow":["GET"]}}],"collection":[{"href":"https:\/\/www.webforumet.no\/finans\/wp-json\/wp\/v2\/posts"}],"about":[{"href":"https:\/\/www.webforumet.no\/finans\/wp-json\/wp\/v2\/types\/post"}],"author":[{"embeddable":true,"href":"https:\/\/www.webforumet.no\/finans\/wp-json\/wp\/v2\/users\/2"}],"replies":[{"embeddable":true,"href":"https:\/\/www.webforumet.no\/finans\/wp-json\/wp\/v2\/comments?post=527"}],"version-history":[{"count":1,"href":"https:\/\/www.webforumet.no\/finans\/wp-json\/wp\/v2\/posts\/527\/revisions"}],"predecessor-version":[{"id":12612,"href":"https:\/\/www.webforumet.no\/finans\/wp-json\/wp\/v2\/posts\/527\/revisions\/12612"}],"wp:attachment":[{"href":"https:\/\/www.webforumet.no\/finans\/wp-json\/wp\/v2\/media?parent=527"}],"wp:term":[{"taxonomy":"category","embeddable":true,"href":"https:\/\/www.webforumet.no\/finans\/wp-json\/wp\/v2\/categories?post=527"},{"taxonomy":"post_tag","embeddable":true,"href":"https:\/\/www.webforumet.no\/finans\/wp-json\/wp\/v2\/tags?post=527"}],"curies":[{"name":"wp","href":"https:\/\/api.w.org\/{rel}","templated":true}]}}