{"id":5284,"date":"2011-06-19T00:49:38","date_gmt":"2011-06-19T00:49:38","guid":{"rendered":"http:\/\/xn--lne-ula.priv.no\/?p=5284"},"modified":"2018-09-09T23:12:10","modified_gmt":"2018-09-09T21:12:10","slug":"merkel-og-sarkozy-vil-forlenge-greske-obligasjoner","status":"publish","type":"post","link":"https:\/\/www.webforumet.no\/finans\/merkel-og-sarkozy-vil-forlenge-greske-obligasjoner\/","title":{"rendered":"Merkel og Sarkozy vil forlenge greske obligasjoner"},"content":{"rendered":"<p>Offentliggjort 17.06.11 kl. 12:56<br \/>\nForbundskansler Angela Merkel og president Nicolas Sarkozy peker p\u00e5 ny hjelpemodell.<br \/>\nDen tyske forbundskansleren Angela Merkel og den franske presidenten Nicolas Sarkozy vurderer at det s\u00e5kalte Wienerinitiativet fra 2009 vil kunne v\u00e6re en modell til hjelp av kriserammede Hellas.<br \/>\nDet sier de to statssjefer p\u00e5 en pressekonferanse i Berlin, skriver Bloomberg News.<br \/>\nPopul\u00e6rt sagt betyr det at kreditorene som har greske obligasjoner, forlenger disse, n\u00e5r de l\u00f8per ut.<\/p>\n","protected":false},"excerpt":{"rendered":"<p>Offentliggjort 17.06.11 kl. 12:56 Forbundskansler Angela Merkel og president Nicolas Sarkozy peker p\u00e5 ny hjelpemodell. Den tyske forbundskansleren Angela Merkel og den franske presidenten Nicolas Sarkozy vurderer at det s\u00e5kalte Wienerinitiativet fra 2009 vil kunne v\u00e6re en modell til hjelp av kriserammede Hellas. Det sier de to statssjefer p\u00e5 en pressekonferanse i Berlin, skriver Bloomberg [&hellip;]<\/p>\n","protected":false},"author":2,"featured_media":0,"comment_status":"closed","ping_status":"open","sticky":false,"template":"","format":"standard","meta":{"_et_pb_use_builder":"","_et_pb_old_content":"","_et_gb_content_width":"","footnotes":""},"categories":[551],"tags":[],"class_list":["post-5284","post","type-post","status-publish","format-standard","hentry","category-okonominyheter"],"yoast_head":"<!-- This site is optimized with the Yoast SEO plugin v27.5 - https:\/\/yoast.com\/product\/yoast-seo-wordpress\/ -->\n<title>Merkel og Sarkozy vil forlenge greske obligasjoner &#187; WF Finans<\/title>\n<meta name=\"robots\" content=\"index, follow, max-snippet:-1, max-image-preview:large, max-video-preview:-1\" \/>\n<link rel=\"canonical\" href=\"https:\/\/www.webforumet.no\/finans\/merkel-og-sarkozy-vil-forlenge-greske-obligasjoner\/\" \/>\n<meta property=\"og:locale\" content=\"nb_NO\" \/>\n<meta property=\"og:type\" content=\"article\" \/>\n<meta property=\"og:title\" content=\"Merkel og Sarkozy vil forlenge greske obligasjoner &#187; WF Finans\" \/>\n<meta property=\"og:description\" content=\"Offentliggjort 17.06.11 kl. 12:56 Forbundskansler Angela Merkel og president Nicolas Sarkozy peker p\u00e5 ny hjelpemodell. Den tyske forbundskansleren Angela Merkel og den franske presidenten Nicolas Sarkozy vurderer at det s\u00e5kalte Wienerinitiativet fra 2009 vil kunne v\u00e6re en modell til hjelp av kriserammede Hellas. Det sier de to statssjefer p\u00e5 en pressekonferanse i Berlin, skriver Bloomberg [&hellip;]\" \/>\n<meta property=\"og:url\" content=\"https:\/\/www.webforumet.no\/finans\/merkel-og-sarkozy-vil-forlenge-greske-obligasjoner\/\" \/>\n<meta property=\"og:site_name\" content=\"WF Finans\" \/>\n<meta property=\"article:published_time\" content=\"2011-06-19T00:49:38+00:00\" \/>\n<meta property=\"article:modified_time\" content=\"2018-09-09T21:12:10+00:00\" \/>\n<meta name=\"author\" content=\"admin3\" \/>\n<meta name=\"twitter:card\" content=\"summary_large_image\" \/>\n<meta name=\"twitter:label1\" content=\"Skrevet av\" \/>\n\t<meta name=\"twitter:data1\" content=\"admin3\" \/>\n<script type=\"application\/ld+json\" class=\"yoast-schema-graph\">{\"@context\":\"https:\\\/\\\/schema.org\",\"@graph\":[{\"@type\":\"Article\",\"@id\":\"https:\\\/\\\/www.webforumet.no\\\/finans\\\/merkel-og-sarkozy-vil-forlenge-greske-obligasjoner\\\/#article\",\"isPartOf\":{\"@id\":\"https:\\\/\\\/www.webforumet.no\\\/finans\\\/merkel-og-sarkozy-vil-forlenge-greske-obligasjoner\\\/\"},\"author\":{\"name\":\"admin3\",\"@id\":\"https:\\\/\\\/www.webforumet.no\\\/finans\\\/#\\\/schema\\\/person\\\/772e8a24610a98ede823a0fdd3db11cf\"},\"headline\":\"Merkel og Sarkozy vil forlenge greske obligasjoner\",\"datePublished\":\"2011-06-19T00:49:38+00:00\",\"dateModified\":\"2018-09-09T21:12:10+00:00\",\"mainEntityOfPage\":{\"@id\":\"https:\\\/\\\/www.webforumet.no\\\/finans\\\/merkel-og-sarkozy-vil-forlenge-greske-obligasjoner\\\/\"},\"wordCount\":81,\"articleSection\":[\"\u00d8konominyheter\"],\"inLanguage\":\"nb-NO\"},{\"@type\":\"WebPage\",\"@id\":\"https:\\\/\\\/www.webforumet.no\\\/finans\\\/merkel-og-sarkozy-vil-forlenge-greske-obligasjoner\\\/\",\"url\":\"https:\\\/\\\/www.webforumet.no\\\/finans\\\/merkel-og-sarkozy-vil-forlenge-greske-obligasjoner\\\/\",\"name\":\"Merkel og Sarkozy vil forlenge greske obligasjoner &#187; WF Finans\",\"isPartOf\":{\"@id\":\"https:\\\/\\\/www.webforumet.no\\\/finans\\\/#website\"},\"datePublished\":\"2011-06-19T00:49:38+00:00\",\"dateModified\":\"2018-09-09T21:12:10+00:00\",\"author\":{\"@id\":\"https:\\\/\\\/www.webforumet.no\\\/finans\\\/#\\\/schema\\\/person\\\/772e8a24610a98ede823a0fdd3db11cf\"},\"breadcrumb\":{\"@id\":\"https:\\\/\\\/www.webforumet.no\\\/finans\\\/merkel-og-sarkozy-vil-forlenge-greske-obligasjoner\\\/#breadcrumb\"},\"inLanguage\":\"nb-NO\",\"potentialAction\":[{\"@type\":\"ReadAction\",\"target\":[\"https:\\\/\\\/www.webforumet.no\\\/finans\\\/merkel-og-sarkozy-vil-forlenge-greske-obligasjoner\\\/\"]}]},{\"@type\":\"BreadcrumbList\",\"@id\":\"https:\\\/\\\/www.webforumet.no\\\/finans\\\/merkel-og-sarkozy-vil-forlenge-greske-obligasjoner\\\/#breadcrumb\",\"itemListElement\":[{\"@type\":\"ListItem\",\"position\":1,\"name\":\"Hjem\",\"item\":\"https:\\\/\\\/www.webforumet.no\\\/finans\\\/\"},{\"@type\":\"ListItem\",\"position\":2,\"name\":\"Merkel og Sarkozy vil forlenge greske obligasjoner\"}]},{\"@type\":\"WebSite\",\"@id\":\"https:\\\/\\\/www.webforumet.no\\\/finans\\\/#website\",\"url\":\"https:\\\/\\\/www.webforumet.no\\\/finans\\\/\",\"name\":\"WF Finans\",\"description\":\"Finansnyheter\",\"potentialAction\":[{\"@type\":\"SearchAction\",\"target\":{\"@type\":\"EntryPoint\",\"urlTemplate\":\"https:\\\/\\\/www.webforumet.no\\\/finans\\\/?s={search_term_string}\"},\"query-input\":{\"@type\":\"PropertyValueSpecification\",\"valueRequired\":true,\"valueName\":\"search_term_string\"}}],\"inLanguage\":\"nb-NO\"},{\"@type\":\"Person\",\"@id\":\"https:\\\/\\\/www.webforumet.no\\\/finans\\\/#\\\/schema\\\/person\\\/772e8a24610a98ede823a0fdd3db11cf\",\"name\":\"admin3\",\"url\":\"https:\\\/\\\/www.webforumet.no\\\/finans\\\/author\\\/admin3\\\/\"}]}<\/script>\n<!-- \/ Yoast SEO plugin. -->","yoast_head_json":{"title":"Merkel og Sarkozy vil forlenge greske obligasjoner &#187; WF Finans","robots":{"index":"index","follow":"follow","max-snippet":"max-snippet:-1","max-image-preview":"max-image-preview:large","max-video-preview":"max-video-preview:-1"},"canonical":"https:\/\/www.webforumet.no\/finans\/merkel-og-sarkozy-vil-forlenge-greske-obligasjoner\/","og_locale":"nb_NO","og_type":"article","og_title":"Merkel og Sarkozy vil forlenge greske obligasjoner &#187; WF Finans","og_description":"Offentliggjort 17.06.11 kl. 12:56 Forbundskansler Angela Merkel og president Nicolas Sarkozy peker p\u00e5 ny hjelpemodell. Den tyske forbundskansleren Angela Merkel og den franske presidenten Nicolas Sarkozy vurderer at det s\u00e5kalte Wienerinitiativet fra 2009 vil kunne v\u00e6re en modell til hjelp av kriserammede Hellas. Det sier de to statssjefer p\u00e5 en pressekonferanse i Berlin, skriver Bloomberg [&hellip;]","og_url":"https:\/\/www.webforumet.no\/finans\/merkel-og-sarkozy-vil-forlenge-greske-obligasjoner\/","og_site_name":"WF Finans","article_published_time":"2011-06-19T00:49:38+00:00","article_modified_time":"2018-09-09T21:12:10+00:00","author":"admin3","twitter_card":"summary_large_image","twitter_misc":{"Skrevet av":"admin3"},"schema":{"@context":"https:\/\/schema.org","@graph":[{"@type":"Article","@id":"https:\/\/www.webforumet.no\/finans\/merkel-og-sarkozy-vil-forlenge-greske-obligasjoner\/#article","isPartOf":{"@id":"https:\/\/www.webforumet.no\/finans\/merkel-og-sarkozy-vil-forlenge-greske-obligasjoner\/"},"author":{"name":"admin3","@id":"https:\/\/www.webforumet.no\/finans\/#\/schema\/person\/772e8a24610a98ede823a0fdd3db11cf"},"headline":"Merkel og Sarkozy vil forlenge greske obligasjoner","datePublished":"2011-06-19T00:49:38+00:00","dateModified":"2018-09-09T21:12:10+00:00","mainEntityOfPage":{"@id":"https:\/\/www.webforumet.no\/finans\/merkel-og-sarkozy-vil-forlenge-greske-obligasjoner\/"},"wordCount":81,"articleSection":["\u00d8konominyheter"],"inLanguage":"nb-NO"},{"@type":"WebPage","@id":"https:\/\/www.webforumet.no\/finans\/merkel-og-sarkozy-vil-forlenge-greske-obligasjoner\/","url":"https:\/\/www.webforumet.no\/finans\/merkel-og-sarkozy-vil-forlenge-greske-obligasjoner\/","name":"Merkel og Sarkozy vil forlenge greske obligasjoner &#187; WF Finans","isPartOf":{"@id":"https:\/\/www.webforumet.no\/finans\/#website"},"datePublished":"2011-06-19T00:49:38+00:00","dateModified":"2018-09-09T21:12:10+00:00","author":{"@id":"https:\/\/www.webforumet.no\/finans\/#\/schema\/person\/772e8a24610a98ede823a0fdd3db11cf"},"breadcrumb":{"@id":"https:\/\/www.webforumet.no\/finans\/merkel-og-sarkozy-vil-forlenge-greske-obligasjoner\/#breadcrumb"},"inLanguage":"nb-NO","potentialAction":[{"@type":"ReadAction","target":["https:\/\/www.webforumet.no\/finans\/merkel-og-sarkozy-vil-forlenge-greske-obligasjoner\/"]}]},{"@type":"BreadcrumbList","@id":"https:\/\/www.webforumet.no\/finans\/merkel-og-sarkozy-vil-forlenge-greske-obligasjoner\/#breadcrumb","itemListElement":[{"@type":"ListItem","position":1,"name":"Hjem","item":"https:\/\/www.webforumet.no\/finans\/"},{"@type":"ListItem","position":2,"name":"Merkel og Sarkozy vil forlenge greske obligasjoner"}]},{"@type":"WebSite","@id":"https:\/\/www.webforumet.no\/finans\/#website","url":"https:\/\/www.webforumet.no\/finans\/","name":"WF Finans","description":"Finansnyheter","potentialAction":[{"@type":"SearchAction","target":{"@type":"EntryPoint","urlTemplate":"https:\/\/www.webforumet.no\/finans\/?s={search_term_string}"},"query-input":{"@type":"PropertyValueSpecification","valueRequired":true,"valueName":"search_term_string"}}],"inLanguage":"nb-NO"},{"@type":"Person","@id":"https:\/\/www.webforumet.no\/finans\/#\/schema\/person\/772e8a24610a98ede823a0fdd3db11cf","name":"admin3","url":"https:\/\/www.webforumet.no\/finans\/author\/admin3\/"}]}},"_links":{"self":[{"href":"https:\/\/www.webforumet.no\/finans\/wp-json\/wp\/v2\/posts\/5284","targetHints":{"allow":["GET"]}}],"collection":[{"href":"https:\/\/www.webforumet.no\/finans\/wp-json\/wp\/v2\/posts"}],"about":[{"href":"https:\/\/www.webforumet.no\/finans\/wp-json\/wp\/v2\/types\/post"}],"author":[{"embeddable":true,"href":"https:\/\/www.webforumet.no\/finans\/wp-json\/wp\/v2\/users\/2"}],"replies":[{"embeddable":true,"href":"https:\/\/www.webforumet.no\/finans\/wp-json\/wp\/v2\/comments?post=5284"}],"version-history":[{"count":1,"href":"https:\/\/www.webforumet.no\/finans\/wp-json\/wp\/v2\/posts\/5284\/revisions"}],"predecessor-version":[{"id":13570,"href":"https:\/\/www.webforumet.no\/finans\/wp-json\/wp\/v2\/posts\/5284\/revisions\/13570"}],"wp:attachment":[{"href":"https:\/\/www.webforumet.no\/finans\/wp-json\/wp\/v2\/media?parent=5284"}],"wp:term":[{"taxonomy":"category","embeddable":true,"href":"https:\/\/www.webforumet.no\/finans\/wp-json\/wp\/v2\/categories?post=5284"},{"taxonomy":"post_tag","embeddable":true,"href":"https:\/\/www.webforumet.no\/finans\/wp-json\/wp\/v2\/tags?post=5284"}],"curies":[{"name":"wp","href":"https:\/\/api.w.org\/{rel}","templated":true}]}}