{"id":5384,"date":"2011-06-19T15:19:36","date_gmt":"2011-06-19T15:19:36","guid":{"rendered":"http:\/\/xn--lne-ula.priv.no\/?p=5384"},"modified":"2018-09-09T23:12:10","modified_gmt":"2018-09-09T21:12:10","slug":"okonom-europas-framtid-avgjores-av-de-som-feiler","status":"publish","type":"post","link":"https:\/\/www.webforumet.no\/finans\/okonom-europas-framtid-avgjores-av-de-som-feiler\/","title":{"rendered":"\u00d8konom: Europas framtid avgj\u00f8res av de som feiler"},"content":{"rendered":"<p>Offentliggjort 08.06.11 kl. 11:53<br \/>\nDe fleste store landene i Europa skal til valg i 2012 og 2013.<br \/>\nDermed blir framtiden for Eurosonen avgjort av velgerne. Det er ikke det mest heldige, hvis man sp\u00f8r ING, for velgerne forst\u00e5r ikke makro\u00f8konomi og har ikke blikk for hva som egentlig foreg\u00e5r i Europa.<br \/>\nHvis Hellas knekker ukontrollert vil det v\u00e6re en \u00f8konomisk katastrofe som kan trekke med andre europeiske land ned i dypet samt knekke banker som har forsikret kunder mot obligasjonsgjeld som ikke blir innfridd, de s\u00e5kalte CDSeren.<br \/>\n&#8211; Det er dessverre ikke et scenarium som er skikkelig kommunisert til ut, eller forst\u00e5tt av de fleste velgerne i Eurosonen, skriver Senior Investment Specialist hos ING, Ad van Tiggelen, i et notat.<br \/>\nMotstridende tilganger<br \/>\nHan er bekymret over at de nordlige landenes befolkninger viser motstand med \u00e5 st\u00f8tte de s\u00f8rlige landene mens befolkningene i de s\u00f8rlige landene viser stor motstand mot \u00e5 gjennomf\u00f8re gjenopprettingsplaner.<br \/>\n&#8211; F\u00f8lelser overvinner rasjonalitet. De grekerne som n\u00e5 kjemper mot \u00f8konomiske oppstramninger, har ikke forst\u00e5tt at Hellas vil bli et u-land, hvis de skifter til Drachmer. Den harde sannheten er at vi alle sammen lever i foreldede samfunn som er blitt del av en globalisert verden. Iskald darwinisme kaster skyggen sin over v\u00e5rt hyggelige velferdssamfunn, skriver Ad van Tiggelen.<br \/>\nIkke s\u00e5 galt til og med<br \/>\nHva som imidlertid er enda mer deprimerende enn det er, hvis man sp\u00f8r nederlenderen at det faktisk slett ikke er s\u00e5 store problemer i Europa. Eurosonens budsjettunderskudd endte p\u00e5 6 prosent siste \u00e5r, langt under USA og Englands, mens forholdet mellom gjeld og BNP er p\u00e5 85 prosent, likeledes slett ikke s\u00e5 gal. Det skal forklares til folket.<br \/>\n&#8211; Hvis befolkningene ikke f\u00e5r den beskjeden, eller \u00f8nsker \u00e5 forst\u00e5 den, kan de ende med \u00e5 stemme p\u00e5 antieuropeiske og anti-oppstramnings politikere i de kommende \u00e5rene, skriver Ad van Tiggelen.<br \/>\nHan vurderer at denne situasjonen gj\u00f8r at krisen i Europa kan v\u00e6re en faktor for investorer i en god stund fremover. Det mener Ad van Tiggelen er synd, siden europeiske aksjer faktisk er temmelig billige for \u00f8yeblikket, spesielt sammenlignet med lave renter p\u00e5 obligasjoner.<\/p>\n","protected":false},"excerpt":{"rendered":"<p>Offentliggjort 08.06.11 kl. 11:53 De fleste store landene i Europa skal til valg i 2012 og 2013. Dermed blir framtiden for Eurosonen avgjort av velgerne. Det er ikke det mest heldige, hvis man sp\u00f8r ING, for velgerne forst\u00e5r ikke makro\u00f8konomi og har ikke blikk for hva som egentlig foreg\u00e5r i Europa. Hvis Hellas knekker ukontrollert [&hellip;]<\/p>\n","protected":false},"author":2,"featured_media":0,"comment_status":"closed","ping_status":"open","sticky":false,"template":"","format":"standard","meta":{"_et_pb_use_builder":"","_et_pb_old_content":"","_et_gb_content_width":"","footnotes":""},"categories":[551],"tags":[],"class_list":["post-5384","post","type-post","status-publish","format-standard","hentry","category-okonominyheter"],"yoast_head":"<!-- This site is optimized with the Yoast SEO plugin v27.5 - https:\/\/yoast.com\/product\/yoast-seo-wordpress\/ -->\n<title>\u00d8konom: Europas framtid avgj\u00f8res av de som feiler &#187; WF Finans<\/title>\n<meta name=\"robots\" content=\"index, follow, max-snippet:-1, max-image-preview:large, max-video-preview:-1\" \/>\n<link rel=\"canonical\" href=\"https:\/\/www.webforumet.no\/finans\/okonom-europas-framtid-avgjores-av-de-som-feiler\/\" \/>\n<meta property=\"og:locale\" content=\"nb_NO\" \/>\n<meta property=\"og:type\" content=\"article\" \/>\n<meta property=\"og:title\" content=\"\u00d8konom: Europas framtid avgj\u00f8res av de som feiler &#187; WF Finans\" \/>\n<meta property=\"og:description\" content=\"Offentliggjort 08.06.11 kl. 11:53 De fleste store landene i Europa skal til valg i 2012 og 2013. Dermed blir framtiden for Eurosonen avgjort av velgerne. Det er ikke det mest heldige, hvis man sp\u00f8r ING, for velgerne forst\u00e5r ikke makro\u00f8konomi og har ikke blikk for hva som egentlig foreg\u00e5r i Europa. Hvis Hellas knekker ukontrollert [&hellip;]\" \/>\n<meta property=\"og:url\" content=\"https:\/\/www.webforumet.no\/finans\/okonom-europas-framtid-avgjores-av-de-som-feiler\/\" \/>\n<meta property=\"og:site_name\" content=\"WF Finans\" \/>\n<meta property=\"article:published_time\" content=\"2011-06-19T15:19:36+00:00\" \/>\n<meta property=\"article:modified_time\" content=\"2018-09-09T21:12:10+00:00\" \/>\n<meta name=\"author\" content=\"admin3\" \/>\n<meta name=\"twitter:card\" content=\"summary_large_image\" \/>\n<meta name=\"twitter:label1\" content=\"Skrevet av\" \/>\n\t<meta name=\"twitter:data1\" content=\"admin3\" \/>\n\t<meta name=\"twitter:label2\" content=\"Ansl. lesetid\" \/>\n\t<meta name=\"twitter:data2\" content=\"2 minutter\" \/>\n<script type=\"application\/ld+json\" class=\"yoast-schema-graph\">{\"@context\":\"https:\\\/\\\/schema.org\",\"@graph\":[{\"@type\":\"Article\",\"@id\":\"https:\\\/\\\/www.webforumet.no\\\/finans\\\/okonom-europas-framtid-avgjores-av-de-som-feiler\\\/#article\",\"isPartOf\":{\"@id\":\"https:\\\/\\\/www.webforumet.no\\\/finans\\\/okonom-europas-framtid-avgjores-av-de-som-feiler\\\/\"},\"author\":{\"name\":\"admin3\",\"@id\":\"https:\\\/\\\/www.webforumet.no\\\/finans\\\/#\\\/schema\\\/person\\\/772e8a24610a98ede823a0fdd3db11cf\"},\"headline\":\"\u00d8konom: Europas framtid avgj\u00f8res av de som feiler\",\"datePublished\":\"2011-06-19T15:19:36+00:00\",\"dateModified\":\"2018-09-09T21:12:10+00:00\",\"mainEntityOfPage\":{\"@id\":\"https:\\\/\\\/www.webforumet.no\\\/finans\\\/okonom-europas-framtid-avgjores-av-de-som-feiler\\\/\"},\"wordCount\":367,\"articleSection\":[\"\u00d8konominyheter\"],\"inLanguage\":\"nb-NO\"},{\"@type\":\"WebPage\",\"@id\":\"https:\\\/\\\/www.webforumet.no\\\/finans\\\/okonom-europas-framtid-avgjores-av-de-som-feiler\\\/\",\"url\":\"https:\\\/\\\/www.webforumet.no\\\/finans\\\/okonom-europas-framtid-avgjores-av-de-som-feiler\\\/\",\"name\":\"\u00d8konom: Europas framtid avgj\u00f8res av de som feiler &#187; WF Finans\",\"isPartOf\":{\"@id\":\"https:\\\/\\\/www.webforumet.no\\\/finans\\\/#website\"},\"datePublished\":\"2011-06-19T15:19:36+00:00\",\"dateModified\":\"2018-09-09T21:12:10+00:00\",\"author\":{\"@id\":\"https:\\\/\\\/www.webforumet.no\\\/finans\\\/#\\\/schema\\\/person\\\/772e8a24610a98ede823a0fdd3db11cf\"},\"breadcrumb\":{\"@id\":\"https:\\\/\\\/www.webforumet.no\\\/finans\\\/okonom-europas-framtid-avgjores-av-de-som-feiler\\\/#breadcrumb\"},\"inLanguage\":\"nb-NO\",\"potentialAction\":[{\"@type\":\"ReadAction\",\"target\":[\"https:\\\/\\\/www.webforumet.no\\\/finans\\\/okonom-europas-framtid-avgjores-av-de-som-feiler\\\/\"]}]},{\"@type\":\"BreadcrumbList\",\"@id\":\"https:\\\/\\\/www.webforumet.no\\\/finans\\\/okonom-europas-framtid-avgjores-av-de-som-feiler\\\/#breadcrumb\",\"itemListElement\":[{\"@type\":\"ListItem\",\"position\":1,\"name\":\"Hjem\",\"item\":\"https:\\\/\\\/www.webforumet.no\\\/finans\\\/\"},{\"@type\":\"ListItem\",\"position\":2,\"name\":\"\u00d8konom: Europas framtid avgj\u00f8res av de som feiler\"}]},{\"@type\":\"WebSite\",\"@id\":\"https:\\\/\\\/www.webforumet.no\\\/finans\\\/#website\",\"url\":\"https:\\\/\\\/www.webforumet.no\\\/finans\\\/\",\"name\":\"WF Finans\",\"description\":\"Finansnyheter\",\"potentialAction\":[{\"@type\":\"SearchAction\",\"target\":{\"@type\":\"EntryPoint\",\"urlTemplate\":\"https:\\\/\\\/www.webforumet.no\\\/finans\\\/?s={search_term_string}\"},\"query-input\":{\"@type\":\"PropertyValueSpecification\",\"valueRequired\":true,\"valueName\":\"search_term_string\"}}],\"inLanguage\":\"nb-NO\"},{\"@type\":\"Person\",\"@id\":\"https:\\\/\\\/www.webforumet.no\\\/finans\\\/#\\\/schema\\\/person\\\/772e8a24610a98ede823a0fdd3db11cf\",\"name\":\"admin3\",\"url\":\"https:\\\/\\\/www.webforumet.no\\\/finans\\\/author\\\/admin3\\\/\"}]}<\/script>\n<!-- \/ Yoast SEO plugin. -->","yoast_head_json":{"title":"\u00d8konom: Europas framtid avgj\u00f8res av de som feiler &#187; WF Finans","robots":{"index":"index","follow":"follow","max-snippet":"max-snippet:-1","max-image-preview":"max-image-preview:large","max-video-preview":"max-video-preview:-1"},"canonical":"https:\/\/www.webforumet.no\/finans\/okonom-europas-framtid-avgjores-av-de-som-feiler\/","og_locale":"nb_NO","og_type":"article","og_title":"\u00d8konom: Europas framtid avgj\u00f8res av de som feiler &#187; WF Finans","og_description":"Offentliggjort 08.06.11 kl. 11:53 De fleste store landene i Europa skal til valg i 2012 og 2013. Dermed blir framtiden for Eurosonen avgjort av velgerne. Det er ikke det mest heldige, hvis man sp\u00f8r ING, for velgerne forst\u00e5r ikke makro\u00f8konomi og har ikke blikk for hva som egentlig foreg\u00e5r i Europa. Hvis Hellas knekker ukontrollert [&hellip;]","og_url":"https:\/\/www.webforumet.no\/finans\/okonom-europas-framtid-avgjores-av-de-som-feiler\/","og_site_name":"WF Finans","article_published_time":"2011-06-19T15:19:36+00:00","article_modified_time":"2018-09-09T21:12:10+00:00","author":"admin3","twitter_card":"summary_large_image","twitter_misc":{"Skrevet av":"admin3","Ansl. lesetid":"2 minutter"},"schema":{"@context":"https:\/\/schema.org","@graph":[{"@type":"Article","@id":"https:\/\/www.webforumet.no\/finans\/okonom-europas-framtid-avgjores-av-de-som-feiler\/#article","isPartOf":{"@id":"https:\/\/www.webforumet.no\/finans\/okonom-europas-framtid-avgjores-av-de-som-feiler\/"},"author":{"name":"admin3","@id":"https:\/\/www.webforumet.no\/finans\/#\/schema\/person\/772e8a24610a98ede823a0fdd3db11cf"},"headline":"\u00d8konom: Europas framtid avgj\u00f8res av de som feiler","datePublished":"2011-06-19T15:19:36+00:00","dateModified":"2018-09-09T21:12:10+00:00","mainEntityOfPage":{"@id":"https:\/\/www.webforumet.no\/finans\/okonom-europas-framtid-avgjores-av-de-som-feiler\/"},"wordCount":367,"articleSection":["\u00d8konominyheter"],"inLanguage":"nb-NO"},{"@type":"WebPage","@id":"https:\/\/www.webforumet.no\/finans\/okonom-europas-framtid-avgjores-av-de-som-feiler\/","url":"https:\/\/www.webforumet.no\/finans\/okonom-europas-framtid-avgjores-av-de-som-feiler\/","name":"\u00d8konom: Europas framtid avgj\u00f8res av de som feiler &#187; WF Finans","isPartOf":{"@id":"https:\/\/www.webforumet.no\/finans\/#website"},"datePublished":"2011-06-19T15:19:36+00:00","dateModified":"2018-09-09T21:12:10+00:00","author":{"@id":"https:\/\/www.webforumet.no\/finans\/#\/schema\/person\/772e8a24610a98ede823a0fdd3db11cf"},"breadcrumb":{"@id":"https:\/\/www.webforumet.no\/finans\/okonom-europas-framtid-avgjores-av-de-som-feiler\/#breadcrumb"},"inLanguage":"nb-NO","potentialAction":[{"@type":"ReadAction","target":["https:\/\/www.webforumet.no\/finans\/okonom-europas-framtid-avgjores-av-de-som-feiler\/"]}]},{"@type":"BreadcrumbList","@id":"https:\/\/www.webforumet.no\/finans\/okonom-europas-framtid-avgjores-av-de-som-feiler\/#breadcrumb","itemListElement":[{"@type":"ListItem","position":1,"name":"Hjem","item":"https:\/\/www.webforumet.no\/finans\/"},{"@type":"ListItem","position":2,"name":"\u00d8konom: Europas framtid avgj\u00f8res av de som feiler"}]},{"@type":"WebSite","@id":"https:\/\/www.webforumet.no\/finans\/#website","url":"https:\/\/www.webforumet.no\/finans\/","name":"WF Finans","description":"Finansnyheter","potentialAction":[{"@type":"SearchAction","target":{"@type":"EntryPoint","urlTemplate":"https:\/\/www.webforumet.no\/finans\/?s={search_term_string}"},"query-input":{"@type":"PropertyValueSpecification","valueRequired":true,"valueName":"search_term_string"}}],"inLanguage":"nb-NO"},{"@type":"Person","@id":"https:\/\/www.webforumet.no\/finans\/#\/schema\/person\/772e8a24610a98ede823a0fdd3db11cf","name":"admin3","url":"https:\/\/www.webforumet.no\/finans\/author\/admin3\/"}]}},"_links":{"self":[{"href":"https:\/\/www.webforumet.no\/finans\/wp-json\/wp\/v2\/posts\/5384","targetHints":{"allow":["GET"]}}],"collection":[{"href":"https:\/\/www.webforumet.no\/finans\/wp-json\/wp\/v2\/posts"}],"about":[{"href":"https:\/\/www.webforumet.no\/finans\/wp-json\/wp\/v2\/types\/post"}],"author":[{"embeddable":true,"href":"https:\/\/www.webforumet.no\/finans\/wp-json\/wp\/v2\/users\/2"}],"replies":[{"embeddable":true,"href":"https:\/\/www.webforumet.no\/finans\/wp-json\/wp\/v2\/comments?post=5384"}],"version-history":[{"count":1,"href":"https:\/\/www.webforumet.no\/finans\/wp-json\/wp\/v2\/posts\/5384\/revisions"}],"predecessor-version":[{"id":13553,"href":"https:\/\/www.webforumet.no\/finans\/wp-json\/wp\/v2\/posts\/5384\/revisions\/13553"}],"wp:attachment":[{"href":"https:\/\/www.webforumet.no\/finans\/wp-json\/wp\/v2\/media?parent=5384"}],"wp:term":[{"taxonomy":"category","embeddable":true,"href":"https:\/\/www.webforumet.no\/finans\/wp-json\/wp\/v2\/categories?post=5384"},{"taxonomy":"post_tag","embeddable":true,"href":"https:\/\/www.webforumet.no\/finans\/wp-json\/wp\/v2\/tags?post=5384"}],"curies":[{"name":"wp","href":"https:\/\/api.w.org\/{rel}","templated":true}]}}