{"id":5385,"date":"2011-06-19T15:18:05","date_gmt":"2011-06-19T15:18:05","guid":{"rendered":"http:\/\/xn--lne-ula.priv.no\/?p=5385"},"modified":"2018-09-09T23:12:10","modified_gmt":"2018-09-09T21:12:10","slug":"estlands-okonomi-buldrer-fremover","status":"publish","type":"post","link":"https:\/\/www.webforumet.no\/finans\/estlands-okonomi-buldrer-fremover\/","title":{"rendered":"Estlands \u00f8konomi buldrer fremover"},"content":{"rendered":"<p>Offentliggjort 09.06.11 kl. 10:51<br \/>\nVeksten i Estland i f\u00f8rste kvartal var enda sterkere enn f\u00f8rst antatt.<br \/>\nBruttonasjonalproduktet (BNP) steg 2,4 prosent i forhold til kvartalet f\u00f8r, hvor det var meldt om en stigning p\u00e5 2,1 prosent i det f\u00f8rste oppgj\u00f8ret.<br \/>\nDet betyr at det er snakk om en vekst p\u00e5 8,5 prosent p\u00e5 \u00e5rsbasis.<br \/>\n&#8211; Vi regner med at BNP vil fortsette med \u00e5 stige \u00e5ret ut, da utsiktene for eksporten ser ut gode og den innenlandske ettersp\u00f8rselen er begynt \u00e5 vokse, skriver \u00f8konom Annika Lindblad fra Nordea i en kommentar til tallene.<br \/>\nNordea har banker i alle de tre baltiske landene. Den positive \u00f8konomiske utviklingen i regionen innebar at banken kunne tilbakef\u00f8re for 5 mill. euro nedskrivninger p\u00e5 utl\u00e5n i f\u00f8rste kvartal &#8211; det vil si at penger, som banken hadde satt til side til tap p\u00e5 utl\u00e5n, likevel ikke ble tapt.<\/p>\n","protected":false},"excerpt":{"rendered":"<p>Offentliggjort 09.06.11 kl. 10:51 Veksten i Estland i f\u00f8rste kvartal var enda sterkere enn f\u00f8rst antatt. Bruttonasjonalproduktet (BNP) steg 2,4 prosent i forhold til kvartalet f\u00f8r, hvor det var meldt om en stigning p\u00e5 2,1 prosent i det f\u00f8rste oppgj\u00f8ret. Det betyr at det er snakk om en vekst p\u00e5 8,5 prosent p\u00e5 \u00e5rsbasis. &#8211; [&hellip;]<\/p>\n","protected":false},"author":2,"featured_media":0,"comment_status":"closed","ping_status":"open","sticky":false,"template":"","format":"standard","meta":{"_et_pb_use_builder":"","_et_pb_old_content":"","_et_gb_content_width":"","footnotes":""},"categories":[551],"tags":[],"class_list":["post-5385","post","type-post","status-publish","format-standard","hentry","category-okonominyheter"],"yoast_head":"<!-- This site is optimized with the Yoast SEO plugin v27.5 - https:\/\/yoast.com\/product\/yoast-seo-wordpress\/ -->\n<title>Estlands \u00f8konomi buldrer fremover &#187; WF Finans<\/title>\n<meta name=\"robots\" content=\"index, follow, max-snippet:-1, max-image-preview:large, max-video-preview:-1\" \/>\n<link rel=\"canonical\" href=\"https:\/\/www.webforumet.no\/finans\/estlands-okonomi-buldrer-fremover\/\" \/>\n<meta property=\"og:locale\" content=\"nb_NO\" \/>\n<meta property=\"og:type\" content=\"article\" \/>\n<meta property=\"og:title\" content=\"Estlands \u00f8konomi buldrer fremover &#187; WF Finans\" \/>\n<meta property=\"og:description\" content=\"Offentliggjort 09.06.11 kl. 10:51 Veksten i Estland i f\u00f8rste kvartal var enda sterkere enn f\u00f8rst antatt. Bruttonasjonalproduktet (BNP) steg 2,4 prosent i forhold til kvartalet f\u00f8r, hvor det var meldt om en stigning p\u00e5 2,1 prosent i det f\u00f8rste oppgj\u00f8ret. Det betyr at det er snakk om en vekst p\u00e5 8,5 prosent p\u00e5 \u00e5rsbasis. &#8211; [&hellip;]\" \/>\n<meta property=\"og:url\" content=\"https:\/\/www.webforumet.no\/finans\/estlands-okonomi-buldrer-fremover\/\" \/>\n<meta property=\"og:site_name\" content=\"WF Finans\" \/>\n<meta property=\"article:published_time\" content=\"2011-06-19T15:18:05+00:00\" \/>\n<meta property=\"article:modified_time\" content=\"2018-09-09T21:12:10+00:00\" \/>\n<meta name=\"author\" content=\"admin3\" \/>\n<meta name=\"twitter:card\" content=\"summary_large_image\" \/>\n<meta name=\"twitter:label1\" content=\"Skrevet av\" \/>\n\t<meta name=\"twitter:data1\" content=\"admin3\" \/>\n\t<meta name=\"twitter:label2\" content=\"Ansl. lesetid\" \/>\n\t<meta name=\"twitter:data2\" content=\"1 minutt\" \/>\n<script type=\"application\/ld+json\" class=\"yoast-schema-graph\">{\"@context\":\"https:\\\/\\\/schema.org\",\"@graph\":[{\"@type\":\"Article\",\"@id\":\"https:\\\/\\\/www.webforumet.no\\\/finans\\\/estlands-okonomi-buldrer-fremover\\\/#article\",\"isPartOf\":{\"@id\":\"https:\\\/\\\/www.webforumet.no\\\/finans\\\/estlands-okonomi-buldrer-fremover\\\/\"},\"author\":{\"name\":\"admin3\",\"@id\":\"https:\\\/\\\/www.webforumet.no\\\/finans\\\/#\\\/schema\\\/person\\\/772e8a24610a98ede823a0fdd3db11cf\"},\"headline\":\"Estlands \u00f8konomi buldrer fremover\",\"datePublished\":\"2011-06-19T15:18:05+00:00\",\"dateModified\":\"2018-09-09T21:12:10+00:00\",\"mainEntityOfPage\":{\"@id\":\"https:\\\/\\\/www.webforumet.no\\\/finans\\\/estlands-okonomi-buldrer-fremover\\\/\"},\"wordCount\":149,\"articleSection\":[\"\u00d8konominyheter\"],\"inLanguage\":\"nb-NO\"},{\"@type\":\"WebPage\",\"@id\":\"https:\\\/\\\/www.webforumet.no\\\/finans\\\/estlands-okonomi-buldrer-fremover\\\/\",\"url\":\"https:\\\/\\\/www.webforumet.no\\\/finans\\\/estlands-okonomi-buldrer-fremover\\\/\",\"name\":\"Estlands \u00f8konomi buldrer fremover &#187; WF Finans\",\"isPartOf\":{\"@id\":\"https:\\\/\\\/www.webforumet.no\\\/finans\\\/#website\"},\"datePublished\":\"2011-06-19T15:18:05+00:00\",\"dateModified\":\"2018-09-09T21:12:10+00:00\",\"author\":{\"@id\":\"https:\\\/\\\/www.webforumet.no\\\/finans\\\/#\\\/schema\\\/person\\\/772e8a24610a98ede823a0fdd3db11cf\"},\"breadcrumb\":{\"@id\":\"https:\\\/\\\/www.webforumet.no\\\/finans\\\/estlands-okonomi-buldrer-fremover\\\/#breadcrumb\"},\"inLanguage\":\"nb-NO\",\"potentialAction\":[{\"@type\":\"ReadAction\",\"target\":[\"https:\\\/\\\/www.webforumet.no\\\/finans\\\/estlands-okonomi-buldrer-fremover\\\/\"]}]},{\"@type\":\"BreadcrumbList\",\"@id\":\"https:\\\/\\\/www.webforumet.no\\\/finans\\\/estlands-okonomi-buldrer-fremover\\\/#breadcrumb\",\"itemListElement\":[{\"@type\":\"ListItem\",\"position\":1,\"name\":\"Hjem\",\"item\":\"https:\\\/\\\/www.webforumet.no\\\/finans\\\/\"},{\"@type\":\"ListItem\",\"position\":2,\"name\":\"Estlands \u00f8konomi buldrer fremover\"}]},{\"@type\":\"WebSite\",\"@id\":\"https:\\\/\\\/www.webforumet.no\\\/finans\\\/#website\",\"url\":\"https:\\\/\\\/www.webforumet.no\\\/finans\\\/\",\"name\":\"WF Finans\",\"description\":\"Finansnyheter\",\"potentialAction\":[{\"@type\":\"SearchAction\",\"target\":{\"@type\":\"EntryPoint\",\"urlTemplate\":\"https:\\\/\\\/www.webforumet.no\\\/finans\\\/?s={search_term_string}\"},\"query-input\":{\"@type\":\"PropertyValueSpecification\",\"valueRequired\":true,\"valueName\":\"search_term_string\"}}],\"inLanguage\":\"nb-NO\"},{\"@type\":\"Person\",\"@id\":\"https:\\\/\\\/www.webforumet.no\\\/finans\\\/#\\\/schema\\\/person\\\/772e8a24610a98ede823a0fdd3db11cf\",\"name\":\"admin3\",\"url\":\"https:\\\/\\\/www.webforumet.no\\\/finans\\\/author\\\/admin3\\\/\"}]}<\/script>\n<!-- \/ Yoast SEO plugin. -->","yoast_head_json":{"title":"Estlands \u00f8konomi buldrer fremover &#187; WF Finans","robots":{"index":"index","follow":"follow","max-snippet":"max-snippet:-1","max-image-preview":"max-image-preview:large","max-video-preview":"max-video-preview:-1"},"canonical":"https:\/\/www.webforumet.no\/finans\/estlands-okonomi-buldrer-fremover\/","og_locale":"nb_NO","og_type":"article","og_title":"Estlands \u00f8konomi buldrer fremover &#187; WF Finans","og_description":"Offentliggjort 09.06.11 kl. 10:51 Veksten i Estland i f\u00f8rste kvartal var enda sterkere enn f\u00f8rst antatt. Bruttonasjonalproduktet (BNP) steg 2,4 prosent i forhold til kvartalet f\u00f8r, hvor det var meldt om en stigning p\u00e5 2,1 prosent i det f\u00f8rste oppgj\u00f8ret. Det betyr at det er snakk om en vekst p\u00e5 8,5 prosent p\u00e5 \u00e5rsbasis. &#8211; [&hellip;]","og_url":"https:\/\/www.webforumet.no\/finans\/estlands-okonomi-buldrer-fremover\/","og_site_name":"WF Finans","article_published_time":"2011-06-19T15:18:05+00:00","article_modified_time":"2018-09-09T21:12:10+00:00","author":"admin3","twitter_card":"summary_large_image","twitter_misc":{"Skrevet av":"admin3","Ansl. lesetid":"1 minutt"},"schema":{"@context":"https:\/\/schema.org","@graph":[{"@type":"Article","@id":"https:\/\/www.webforumet.no\/finans\/estlands-okonomi-buldrer-fremover\/#article","isPartOf":{"@id":"https:\/\/www.webforumet.no\/finans\/estlands-okonomi-buldrer-fremover\/"},"author":{"name":"admin3","@id":"https:\/\/www.webforumet.no\/finans\/#\/schema\/person\/772e8a24610a98ede823a0fdd3db11cf"},"headline":"Estlands \u00f8konomi buldrer fremover","datePublished":"2011-06-19T15:18:05+00:00","dateModified":"2018-09-09T21:12:10+00:00","mainEntityOfPage":{"@id":"https:\/\/www.webforumet.no\/finans\/estlands-okonomi-buldrer-fremover\/"},"wordCount":149,"articleSection":["\u00d8konominyheter"],"inLanguage":"nb-NO"},{"@type":"WebPage","@id":"https:\/\/www.webforumet.no\/finans\/estlands-okonomi-buldrer-fremover\/","url":"https:\/\/www.webforumet.no\/finans\/estlands-okonomi-buldrer-fremover\/","name":"Estlands \u00f8konomi buldrer fremover &#187; WF Finans","isPartOf":{"@id":"https:\/\/www.webforumet.no\/finans\/#website"},"datePublished":"2011-06-19T15:18:05+00:00","dateModified":"2018-09-09T21:12:10+00:00","author":{"@id":"https:\/\/www.webforumet.no\/finans\/#\/schema\/person\/772e8a24610a98ede823a0fdd3db11cf"},"breadcrumb":{"@id":"https:\/\/www.webforumet.no\/finans\/estlands-okonomi-buldrer-fremover\/#breadcrumb"},"inLanguage":"nb-NO","potentialAction":[{"@type":"ReadAction","target":["https:\/\/www.webforumet.no\/finans\/estlands-okonomi-buldrer-fremover\/"]}]},{"@type":"BreadcrumbList","@id":"https:\/\/www.webforumet.no\/finans\/estlands-okonomi-buldrer-fremover\/#breadcrumb","itemListElement":[{"@type":"ListItem","position":1,"name":"Hjem","item":"https:\/\/www.webforumet.no\/finans\/"},{"@type":"ListItem","position":2,"name":"Estlands \u00f8konomi buldrer fremover"}]},{"@type":"WebSite","@id":"https:\/\/www.webforumet.no\/finans\/#website","url":"https:\/\/www.webforumet.no\/finans\/","name":"WF Finans","description":"Finansnyheter","potentialAction":[{"@type":"SearchAction","target":{"@type":"EntryPoint","urlTemplate":"https:\/\/www.webforumet.no\/finans\/?s={search_term_string}"},"query-input":{"@type":"PropertyValueSpecification","valueRequired":true,"valueName":"search_term_string"}}],"inLanguage":"nb-NO"},{"@type":"Person","@id":"https:\/\/www.webforumet.no\/finans\/#\/schema\/person\/772e8a24610a98ede823a0fdd3db11cf","name":"admin3","url":"https:\/\/www.webforumet.no\/finans\/author\/admin3\/"}]}},"_links":{"self":[{"href":"https:\/\/www.webforumet.no\/finans\/wp-json\/wp\/v2\/posts\/5385","targetHints":{"allow":["GET"]}}],"collection":[{"href":"https:\/\/www.webforumet.no\/finans\/wp-json\/wp\/v2\/posts"}],"about":[{"href":"https:\/\/www.webforumet.no\/finans\/wp-json\/wp\/v2\/types\/post"}],"author":[{"embeddable":true,"href":"https:\/\/www.webforumet.no\/finans\/wp-json\/wp\/v2\/users\/2"}],"replies":[{"embeddable":true,"href":"https:\/\/www.webforumet.no\/finans\/wp-json\/wp\/v2\/comments?post=5385"}],"version-history":[{"count":1,"href":"https:\/\/www.webforumet.no\/finans\/wp-json\/wp\/v2\/posts\/5385\/revisions"}],"predecessor-version":[{"id":13559,"href":"https:\/\/www.webforumet.no\/finans\/wp-json\/wp\/v2\/posts\/5385\/revisions\/13559"}],"wp:attachment":[{"href":"https:\/\/www.webforumet.no\/finans\/wp-json\/wp\/v2\/media?parent=5385"}],"wp:term":[{"taxonomy":"category","embeddable":true,"href":"https:\/\/www.webforumet.no\/finans\/wp-json\/wp\/v2\/categories?post=5385"},{"taxonomy":"post_tag","embeddable":true,"href":"https:\/\/www.webforumet.no\/finans\/wp-json\/wp\/v2\/tags?post=5385"}],"curies":[{"name":"wp","href":"https:\/\/api.w.org\/{rel}","templated":true}]}}