{"id":5388,"date":"2011-06-19T15:20:03","date_gmt":"2011-06-19T15:20:03","guid":{"rendered":"http:\/\/xn--lne-ula.priv.no\/?p=5388"},"modified":"2018-09-09T23:12:10","modified_gmt":"2018-09-09T21:12:10","slug":"tyskland-legger-opp-til-gjeldsstrid","status":"publish","type":"post","link":"https:\/\/www.webforumet.no\/finans\/tyskland-legger-opp-til-gjeldsstrid\/","title":{"rendered":"Tyskland legger opp til gjeldsstrid"},"content":{"rendered":"<p>Offentliggjort 08.06.11 kl. 17:42<br \/>\nTyskland legger opp til kamp i forbindelse med ytterligere hjelp til Hellas.<br \/>\nDen tyske finansministeren vil ha bankene til \u00e5 b\u00e6re en del av byrden ved ytterligere hjelp. Det er i motsetning til ECB som ikke mener bankene skal innkassere tap p\u00e5 den kontoen. Det skriver New York Times.<br \/>\nDe tyske kommentarene er kommet i et brev fra finansminister Wolfgang Sch\u00e4ube til sine europeiske kolleger mandag. Brevet er blitt offentliggjort onsdag.<br \/>\nByrden skal deles<br \/>\n&#8211; Enhver ytterligere finansiell st\u00f8tte til Hellas blir n\u00f8dt til \u00e5 inneholde en rettferdig deling av byrden mellom skatteytere og private banker, og den m\u00e5 hjelpe til \u00e5 skape stabilitet i den greske gjelden, skriver finansministeren if\u00f8lge New York Times.<br \/>\nForslaget hans er at innehavere av greske statsobligasjoner skal g\u00e5 med p\u00e5 \u00e5 forlenge disse med syv \u00e5r.<br \/>\nECB er imidlertid redd for at det kan tolkes som en s\u00e5kalt &laquo;credit event&raquo; som kan utl\u00f8se massive tap for bankene som har forsikret verdipapirene. Samtidig vil det gj\u00f8re at greske statspapirer ikke kan brukes som sikkerhet, n\u00e5r de greske bankene l\u00e5ner av ECB, noe som igjen kunne f\u00f8re til et totalt krakk i den greske banksektoren.<br \/>\nTidligere onsdag har den franske regjeringen meldt ut at man er imot enhver form for restrukturering av den greske gjelden, det samme hvordan det blir formulert.<\/p>\n","protected":false},"excerpt":{"rendered":"<p>Offentliggjort 08.06.11 kl. 17:42 Tyskland legger opp til kamp i forbindelse med ytterligere hjelp til Hellas. Den tyske finansministeren vil ha bankene til \u00e5 b\u00e6re en del av byrden ved ytterligere hjelp. Det er i motsetning til ECB som ikke mener bankene skal innkassere tap p\u00e5 den kontoen. Det skriver New York Times. De tyske [&hellip;]<\/p>\n","protected":false},"author":2,"featured_media":0,"comment_status":"closed","ping_status":"open","sticky":false,"template":"","format":"standard","meta":{"_et_pb_use_builder":"","_et_pb_old_content":"","_et_gb_content_width":"","footnotes":""},"categories":[551],"tags":[],"class_list":["post-5388","post","type-post","status-publish","format-standard","hentry","category-okonominyheter"],"yoast_head":"<!-- This site is optimized with the Yoast SEO plugin v27.4 - https:\/\/yoast.com\/product\/yoast-seo-wordpress\/ -->\n<title>Tyskland legger opp til gjeldsstrid &#187; WF Finans<\/title>\n<meta name=\"robots\" content=\"index, follow, max-snippet:-1, max-image-preview:large, max-video-preview:-1\" \/>\n<link rel=\"canonical\" href=\"https:\/\/www.webforumet.no\/finans\/tyskland-legger-opp-til-gjeldsstrid\/\" \/>\n<meta property=\"og:locale\" content=\"nb_NO\" \/>\n<meta property=\"og:type\" content=\"article\" \/>\n<meta property=\"og:title\" content=\"Tyskland legger opp til gjeldsstrid &#187; WF Finans\" \/>\n<meta property=\"og:description\" content=\"Offentliggjort 08.06.11 kl. 17:42 Tyskland legger opp til kamp i forbindelse med ytterligere hjelp til Hellas. Den tyske finansministeren vil ha bankene til \u00e5 b\u00e6re en del av byrden ved ytterligere hjelp. Det er i motsetning til ECB som ikke mener bankene skal innkassere tap p\u00e5 den kontoen. Det skriver New York Times. De tyske [&hellip;]\" \/>\n<meta property=\"og:url\" content=\"https:\/\/www.webforumet.no\/finans\/tyskland-legger-opp-til-gjeldsstrid\/\" \/>\n<meta property=\"og:site_name\" content=\"WF Finans\" \/>\n<meta property=\"article:published_time\" content=\"2011-06-19T15:20:03+00:00\" \/>\n<meta property=\"article:modified_time\" content=\"2018-09-09T21:12:10+00:00\" \/>\n<meta name=\"author\" content=\"admin3\" \/>\n<meta name=\"twitter:card\" content=\"summary_large_image\" \/>\n<meta name=\"twitter:label1\" content=\"Skrevet av\" \/>\n\t<meta name=\"twitter:data1\" content=\"admin3\" \/>\n\t<meta name=\"twitter:label2\" content=\"Ansl. lesetid\" \/>\n\t<meta name=\"twitter:data2\" content=\"1 minutt\" \/>\n<script type=\"application\/ld+json\" class=\"yoast-schema-graph\">{\"@context\":\"https:\\\/\\\/schema.org\",\"@graph\":[{\"@type\":\"Article\",\"@id\":\"https:\\\/\\\/www.webforumet.no\\\/finans\\\/tyskland-legger-opp-til-gjeldsstrid\\\/#article\",\"isPartOf\":{\"@id\":\"https:\\\/\\\/www.webforumet.no\\\/finans\\\/tyskland-legger-opp-til-gjeldsstrid\\\/\"},\"author\":{\"name\":\"admin3\",\"@id\":\"https:\\\/\\\/www.webforumet.no\\\/finans\\\/#\\\/schema\\\/person\\\/772e8a24610a98ede823a0fdd3db11cf\"},\"headline\":\"Tyskland legger opp til gjeldsstrid\",\"datePublished\":\"2011-06-19T15:20:03+00:00\",\"dateModified\":\"2018-09-09T21:12:10+00:00\",\"mainEntityOfPage\":{\"@id\":\"https:\\\/\\\/www.webforumet.no\\\/finans\\\/tyskland-legger-opp-til-gjeldsstrid\\\/\"},\"wordCount\":229,\"articleSection\":[\"\u00d8konominyheter\"],\"inLanguage\":\"nb-NO\"},{\"@type\":\"WebPage\",\"@id\":\"https:\\\/\\\/www.webforumet.no\\\/finans\\\/tyskland-legger-opp-til-gjeldsstrid\\\/\",\"url\":\"https:\\\/\\\/www.webforumet.no\\\/finans\\\/tyskland-legger-opp-til-gjeldsstrid\\\/\",\"name\":\"Tyskland legger opp til gjeldsstrid &#187; WF Finans\",\"isPartOf\":{\"@id\":\"https:\\\/\\\/www.webforumet.no\\\/finans\\\/#website\"},\"datePublished\":\"2011-06-19T15:20:03+00:00\",\"dateModified\":\"2018-09-09T21:12:10+00:00\",\"author\":{\"@id\":\"https:\\\/\\\/www.webforumet.no\\\/finans\\\/#\\\/schema\\\/person\\\/772e8a24610a98ede823a0fdd3db11cf\"},\"breadcrumb\":{\"@id\":\"https:\\\/\\\/www.webforumet.no\\\/finans\\\/tyskland-legger-opp-til-gjeldsstrid\\\/#breadcrumb\"},\"inLanguage\":\"nb-NO\",\"potentialAction\":[{\"@type\":\"ReadAction\",\"target\":[\"https:\\\/\\\/www.webforumet.no\\\/finans\\\/tyskland-legger-opp-til-gjeldsstrid\\\/\"]}]},{\"@type\":\"BreadcrumbList\",\"@id\":\"https:\\\/\\\/www.webforumet.no\\\/finans\\\/tyskland-legger-opp-til-gjeldsstrid\\\/#breadcrumb\",\"itemListElement\":[{\"@type\":\"ListItem\",\"position\":1,\"name\":\"Hjem\",\"item\":\"https:\\\/\\\/www.webforumet.no\\\/finans\\\/\"},{\"@type\":\"ListItem\",\"position\":2,\"name\":\"Tyskland legger opp til gjeldsstrid\"}]},{\"@type\":\"WebSite\",\"@id\":\"https:\\\/\\\/www.webforumet.no\\\/finans\\\/#website\",\"url\":\"https:\\\/\\\/www.webforumet.no\\\/finans\\\/\",\"name\":\"WF Finans\",\"description\":\"Finansnyheter\",\"potentialAction\":[{\"@type\":\"SearchAction\",\"target\":{\"@type\":\"EntryPoint\",\"urlTemplate\":\"https:\\\/\\\/www.webforumet.no\\\/finans\\\/?s={search_term_string}\"},\"query-input\":{\"@type\":\"PropertyValueSpecification\",\"valueRequired\":true,\"valueName\":\"search_term_string\"}}],\"inLanguage\":\"nb-NO\"},{\"@type\":\"Person\",\"@id\":\"https:\\\/\\\/www.webforumet.no\\\/finans\\\/#\\\/schema\\\/person\\\/772e8a24610a98ede823a0fdd3db11cf\",\"name\":\"admin3\",\"url\":\"https:\\\/\\\/www.webforumet.no\\\/finans\\\/author\\\/admin3\\\/\"}]}<\/script>\n<!-- \/ Yoast SEO plugin. -->","yoast_head_json":{"title":"Tyskland legger opp til gjeldsstrid &#187; WF Finans","robots":{"index":"index","follow":"follow","max-snippet":"max-snippet:-1","max-image-preview":"max-image-preview:large","max-video-preview":"max-video-preview:-1"},"canonical":"https:\/\/www.webforumet.no\/finans\/tyskland-legger-opp-til-gjeldsstrid\/","og_locale":"nb_NO","og_type":"article","og_title":"Tyskland legger opp til gjeldsstrid &#187; WF Finans","og_description":"Offentliggjort 08.06.11 kl. 17:42 Tyskland legger opp til kamp i forbindelse med ytterligere hjelp til Hellas. Den tyske finansministeren vil ha bankene til \u00e5 b\u00e6re en del av byrden ved ytterligere hjelp. Det er i motsetning til ECB som ikke mener bankene skal innkassere tap p\u00e5 den kontoen. Det skriver New York Times. De tyske [&hellip;]","og_url":"https:\/\/www.webforumet.no\/finans\/tyskland-legger-opp-til-gjeldsstrid\/","og_site_name":"WF Finans","article_published_time":"2011-06-19T15:20:03+00:00","article_modified_time":"2018-09-09T21:12:10+00:00","author":"admin3","twitter_card":"summary_large_image","twitter_misc":{"Skrevet av":"admin3","Ansl. lesetid":"1 minutt"},"schema":{"@context":"https:\/\/schema.org","@graph":[{"@type":"Article","@id":"https:\/\/www.webforumet.no\/finans\/tyskland-legger-opp-til-gjeldsstrid\/#article","isPartOf":{"@id":"https:\/\/www.webforumet.no\/finans\/tyskland-legger-opp-til-gjeldsstrid\/"},"author":{"name":"admin3","@id":"https:\/\/www.webforumet.no\/finans\/#\/schema\/person\/772e8a24610a98ede823a0fdd3db11cf"},"headline":"Tyskland legger opp til gjeldsstrid","datePublished":"2011-06-19T15:20:03+00:00","dateModified":"2018-09-09T21:12:10+00:00","mainEntityOfPage":{"@id":"https:\/\/www.webforumet.no\/finans\/tyskland-legger-opp-til-gjeldsstrid\/"},"wordCount":229,"articleSection":["\u00d8konominyheter"],"inLanguage":"nb-NO"},{"@type":"WebPage","@id":"https:\/\/www.webforumet.no\/finans\/tyskland-legger-opp-til-gjeldsstrid\/","url":"https:\/\/www.webforumet.no\/finans\/tyskland-legger-opp-til-gjeldsstrid\/","name":"Tyskland legger opp til gjeldsstrid &#187; WF Finans","isPartOf":{"@id":"https:\/\/www.webforumet.no\/finans\/#website"},"datePublished":"2011-06-19T15:20:03+00:00","dateModified":"2018-09-09T21:12:10+00:00","author":{"@id":"https:\/\/www.webforumet.no\/finans\/#\/schema\/person\/772e8a24610a98ede823a0fdd3db11cf"},"breadcrumb":{"@id":"https:\/\/www.webforumet.no\/finans\/tyskland-legger-opp-til-gjeldsstrid\/#breadcrumb"},"inLanguage":"nb-NO","potentialAction":[{"@type":"ReadAction","target":["https:\/\/www.webforumet.no\/finans\/tyskland-legger-opp-til-gjeldsstrid\/"]}]},{"@type":"BreadcrumbList","@id":"https:\/\/www.webforumet.no\/finans\/tyskland-legger-opp-til-gjeldsstrid\/#breadcrumb","itemListElement":[{"@type":"ListItem","position":1,"name":"Hjem","item":"https:\/\/www.webforumet.no\/finans\/"},{"@type":"ListItem","position":2,"name":"Tyskland legger opp til gjeldsstrid"}]},{"@type":"WebSite","@id":"https:\/\/www.webforumet.no\/finans\/#website","url":"https:\/\/www.webforumet.no\/finans\/","name":"WF Finans","description":"Finansnyheter","potentialAction":[{"@type":"SearchAction","target":{"@type":"EntryPoint","urlTemplate":"https:\/\/www.webforumet.no\/finans\/?s={search_term_string}"},"query-input":{"@type":"PropertyValueSpecification","valueRequired":true,"valueName":"search_term_string"}}],"inLanguage":"nb-NO"},{"@type":"Person","@id":"https:\/\/www.webforumet.no\/finans\/#\/schema\/person\/772e8a24610a98ede823a0fdd3db11cf","name":"admin3","url":"https:\/\/www.webforumet.no\/finans\/author\/admin3\/"}]}},"_links":{"self":[{"href":"https:\/\/www.webforumet.no\/finans\/wp-json\/wp\/v2\/posts\/5388","targetHints":{"allow":["GET"]}}],"collection":[{"href":"https:\/\/www.webforumet.no\/finans\/wp-json\/wp\/v2\/posts"}],"about":[{"href":"https:\/\/www.webforumet.no\/finans\/wp-json\/wp\/v2\/types\/post"}],"author":[{"embeddable":true,"href":"https:\/\/www.webforumet.no\/finans\/wp-json\/wp\/v2\/users\/2"}],"replies":[{"embeddable":true,"href":"https:\/\/www.webforumet.no\/finans\/wp-json\/wp\/v2\/comments?post=5388"}],"version-history":[{"count":1,"href":"https:\/\/www.webforumet.no\/finans\/wp-json\/wp\/v2\/posts\/5388\/revisions"}],"predecessor-version":[{"id":13551,"href":"https:\/\/www.webforumet.no\/finans\/wp-json\/wp\/v2\/posts\/5388\/revisions\/13551"}],"wp:attachment":[{"href":"https:\/\/www.webforumet.no\/finans\/wp-json\/wp\/v2\/media?parent=5388"}],"wp:term":[{"taxonomy":"category","embeddable":true,"href":"https:\/\/www.webforumet.no\/finans\/wp-json\/wp\/v2\/categories?post=5388"},{"taxonomy":"post_tag","embeddable":true,"href":"https:\/\/www.webforumet.no\/finans\/wp-json\/wp\/v2\/tags?post=5388"}],"curies":[{"name":"wp","href":"https:\/\/api.w.org\/{rel}","templated":true}]}}