{"id":5473,"date":"2011-07-14T10:12:54","date_gmt":"2011-07-14T10:12:54","guid":{"rendered":"http:\/\/xn--lne-ula.priv.no\/?p=5473"},"modified":"2018-09-09T23:12:08","modified_gmt":"2018-09-09T21:12:08","slug":"frykt-for-gjeldskrise-i-italia","status":"publish","type":"post","link":"https:\/\/www.webforumet.no\/finans\/frykt-for-gjeldskrise-i-italia\/","title":{"rendered":"Frykt for gjeldskrise i Italia"},"content":{"rendered":"<p>Offentliggjort 11.07.11 kl. 09:01 &#8211; oppdatert kl. 09:35<br \/>\nEU-president Van Rompuy har kalt til inn krisem\u00f8te etter fredags finanspanikk i Italia.<br \/>\nGjeldskrisen i eurosonen kan sv\u00e6rt vel v\u00e6re p\u00e5 vei inn i en ny og potensielt langt alvorligere fase.<br \/>\nFredag var det oppl\u00f8p til panikk i de finansielle markedene, da det ble stilt sp\u00f8rsm\u00e5lstegn ved Italias evne til \u00e5 gi service statsgjelden sin p\u00e5 lengre sikt.<br \/>\nDet medf\u00f8rte kraftige stigninger i de italienske statsrentene, og det var store kursbanker til flere bankaksjer, herunder Italias st\u00f8rste banker, Unicredit, hvem sin aksje falt med knapt 8 prosent i l\u00f8pet av fredags handel.<br \/>\nKrisem\u00f8te mandag<br \/>\nSituasjonen ansporet i helgen EUs president, Herman Van Rompuy, til \u00e5 hasteinnkalle til et krisem\u00f8te med deltakelse av en lang rekke av EUs absolutte toppfolk, skriver nyhetsbyr\u00e5et Reuters .<br \/>\nVed m\u00f8tet deltar blant annet formann for Den europeiske Sentralbank Jean-Claude Trichet, eurogruppeformann Jean-Claude Juncker, formann for EU-kommisjonen Jose Manuel Barroso og EUs \u00f8konomiske kommiss\u00e6r Olli Rehn.<br \/>\n&laquo;Vi er sv\u00e6rt bekymret for Italia&raquo;<br \/>\nDet er ikke utsendt en offisiell dagsorden for krisem\u00f8tet, men Reuters siterer flere anonyme kilder i EU-systemet for at markedsfrykten omkring Italia vil v\u00e6re et emne p\u00e5 m\u00f8tet.<br \/>\nAlvoret i situasjonen legges av ut en kilde fra ECB til Reuters:<br \/>\n&laquo;Vi kan ikke holde til temmelig mange flere dager som p\u00e5 fredag. Vi er sv\u00e6rt bekymret for Italia&raquo;, sier den likeledes anonyme kilden til Reuters.<br \/>\nEUs st\u00f8rste statsgjeld<br \/>\nItalias \u00f8konomi er den tredje st\u00f8rste i eurosonen &#8211; etter Tyskland og Frankrike &#8211; og med en statsgjeld p\u00e5 omkring 120 prosent av bruttonasjonalproduktet (BNP) er landet dermed ett av de absolutt mest forgjeldede.<br \/>\nTil sammenligning ligger b\u00e5de Portugals og Spanias statsgjeld et stykke under 100 prosent av de to landenes respektive BNP.<br \/>\nSamtidig st\u00e5r Italia overfor \u00e5 skulle refinansiere en stor del av statsgjelden innen de neste 12 m\u00e5nedene.<br \/>\nN\u00e6rmer seg usynlig grense<br \/>\nSett i det lyset er de siste b\u00f8rsdagers kraftige stigninger i de italienske statsrentene sv\u00e6rt foruroligende. Og de fortsetter opp igjen mandag morgen.<br \/>\nDermed ligger den effektive renten p\u00e5 Italias 10-\u00e5rige statsobligasjoner mandag morgen ved 9-tiden 16 basispoeng h\u00f8yere enn fredag i 5,41 prosent.<br \/>\nFlere analytikere har overfor Reuters sagt at en 10-\u00e5rig rente omkring 5,5-5,7 prosent markerer en usynlig grense, hvor Italias statsfinanser for alvor kommer under press.<br \/>\nPolitisk usikkerhet<br \/>\nUroen omkring Italia blir forsterket av politisk usikkerhet.<br \/>\nDen italienske regjeringen er i ferd med \u00e5 utforme en finanspolitisk spareplan som skal fors\u00f8ke at adresse problemstillinger med h\u00f8y statlig gjeldssetning og svake utsikter for den \u00f8konomiske veksten.<br \/>\nMen i siste uke oppsto det bekymring for at regjeringens sparepakke kan bli nedstemt i parlamentet. Samtidig er Italias finansminister, Giulio Tremonti, under anklage for korrupsjon og kan bli tvunget til \u00e5 tre tilbake.<br \/>\nFinan-sjef: Hold skarpt \u00f8ye med Italia<br \/>\nI en kronikk publisert p\u00e5 finansmediet CNBC.coms nettavis skriver en av finansverdenens helt tunge gutter, Mohamed El-Erian at investorene b\u00f8r holde skarpt \u00f8ye med situasjonen i Italia, som kan v\u00e6re &laquo;betydelig videreutvikling av den gjeldskrisen som Europa igjen og igjen har feilet i \u00e5 komme p\u00e5 niv\u00e5 med&raquo;.<br \/>\nMohamed El-Erian er toppsjef for investeringsvirksomheten Pacific Investment Management Company (Pimco) som blant annet driver verdens st\u00f8rste obligasjonsfond med over 1000 mrd. dollar i investerte midler.<br \/>\nHvis fredags finansielle utvikling i Italia fortsetter &#8211; stigende statsrenter og synkende aksjekurser &#8211; vil det if\u00f8lge Mohamed El-Erian ogs\u00e5 p\u00e5virke markedets tillit til Spania i negativ retning og uunng\u00e5elig reise sp\u00f8rsm\u00e5l om sammenhengskraften i eurosamarbeidet.<br \/>\n&laquo;Vedholdende markedsfrykt i Italien vil i s\u00e5 fall markere en markant endring i den europeiske gjeldskrisen. Og det er ikke fordi at de europeiske politikerne er bare i n\u00e6rheten av \u00e5 ha situasjonen under kontroll i Hellas. Faktisk er den utilstrekkelige politiske tilgangen en av \u00e5rsakene til at skadene fortsetter med \u00e5 spre seg gjennom Europa.<\/p>\n","protected":false},"excerpt":{"rendered":"<p>Offentliggjort 11.07.11 kl. 09:01 &#8211; oppdatert kl. 09:35 EU-president Van Rompuy har kalt til inn krisem\u00f8te etter fredags finanspanikk i Italia. Gjeldskrisen i eurosonen kan sv\u00e6rt vel v\u00e6re p\u00e5 vei inn i en ny og potensielt langt alvorligere fase. Fredag var det oppl\u00f8p til panikk i de finansielle markedene, da det ble stilt sp\u00f8rsm\u00e5lstegn ved [&hellip;]<\/p>\n","protected":false},"author":2,"featured_media":0,"comment_status":"closed","ping_status":"open","sticky":false,"template":"","format":"standard","meta":{"_et_pb_use_builder":"","_et_pb_old_content":"","_et_gb_content_width":"","footnotes":""},"categories":[551],"tags":[],"class_list":["post-5473","post","type-post","status-publish","format-standard","hentry","category-okonominyheter"],"yoast_head":"<!-- This site is optimized with the Yoast SEO plugin v27.4 - https:\/\/yoast.com\/product\/yoast-seo-wordpress\/ -->\n<title>Frykt for gjeldskrise i Italia &#187; WF Finans<\/title>\n<meta name=\"robots\" content=\"index, follow, max-snippet:-1, max-image-preview:large, max-video-preview:-1\" \/>\n<link rel=\"canonical\" href=\"https:\/\/www.webforumet.no\/finans\/frykt-for-gjeldskrise-i-italia\/\" \/>\n<meta property=\"og:locale\" content=\"nb_NO\" \/>\n<meta property=\"og:type\" content=\"article\" \/>\n<meta property=\"og:title\" content=\"Frykt for gjeldskrise i Italia &#187; WF Finans\" \/>\n<meta property=\"og:description\" content=\"Offentliggjort 11.07.11 kl. 09:01 &#8211; oppdatert kl. 09:35 EU-president Van Rompuy har kalt til inn krisem\u00f8te etter fredags finanspanikk i Italia. Gjeldskrisen i eurosonen kan sv\u00e6rt vel v\u00e6re p\u00e5 vei inn i en ny og potensielt langt alvorligere fase. Fredag var det oppl\u00f8p til panikk i de finansielle markedene, da det ble stilt sp\u00f8rsm\u00e5lstegn ved [&hellip;]\" \/>\n<meta property=\"og:url\" content=\"https:\/\/www.webforumet.no\/finans\/frykt-for-gjeldskrise-i-italia\/\" \/>\n<meta property=\"og:site_name\" content=\"WF Finans\" \/>\n<meta property=\"article:published_time\" content=\"2011-07-14T10:12:54+00:00\" \/>\n<meta property=\"article:modified_time\" content=\"2018-09-09T21:12:08+00:00\" \/>\n<meta name=\"author\" content=\"admin3\" \/>\n<meta name=\"twitter:card\" content=\"summary_large_image\" \/>\n<meta name=\"twitter:label1\" content=\"Skrevet av\" \/>\n\t<meta name=\"twitter:data1\" content=\"admin3\" \/>\n\t<meta name=\"twitter:label2\" content=\"Ansl. lesetid\" \/>\n\t<meta name=\"twitter:data2\" content=\"3 minutter\" \/>\n<script type=\"application\/ld+json\" class=\"yoast-schema-graph\">{\"@context\":\"https:\\\/\\\/schema.org\",\"@graph\":[{\"@type\":\"Article\",\"@id\":\"https:\\\/\\\/www.webforumet.no\\\/finans\\\/frykt-for-gjeldskrise-i-italia\\\/#article\",\"isPartOf\":{\"@id\":\"https:\\\/\\\/www.webforumet.no\\\/finans\\\/frykt-for-gjeldskrise-i-italia\\\/\"},\"author\":{\"name\":\"admin3\",\"@id\":\"https:\\\/\\\/www.webforumet.no\\\/finans\\\/#\\\/schema\\\/person\\\/772e8a24610a98ede823a0fdd3db11cf\"},\"headline\":\"Frykt for gjeldskrise i Italia\",\"datePublished\":\"2011-07-14T10:12:54+00:00\",\"dateModified\":\"2018-09-09T21:12:08+00:00\",\"mainEntityOfPage\":{\"@id\":\"https:\\\/\\\/www.webforumet.no\\\/finans\\\/frykt-for-gjeldskrise-i-italia\\\/\"},\"wordCount\":648,\"articleSection\":[\"\u00d8konominyheter\"],\"inLanguage\":\"nb-NO\"},{\"@type\":\"WebPage\",\"@id\":\"https:\\\/\\\/www.webforumet.no\\\/finans\\\/frykt-for-gjeldskrise-i-italia\\\/\",\"url\":\"https:\\\/\\\/www.webforumet.no\\\/finans\\\/frykt-for-gjeldskrise-i-italia\\\/\",\"name\":\"Frykt for gjeldskrise i Italia &#187; WF Finans\",\"isPartOf\":{\"@id\":\"https:\\\/\\\/www.webforumet.no\\\/finans\\\/#website\"},\"datePublished\":\"2011-07-14T10:12:54+00:00\",\"dateModified\":\"2018-09-09T21:12:08+00:00\",\"author\":{\"@id\":\"https:\\\/\\\/www.webforumet.no\\\/finans\\\/#\\\/schema\\\/person\\\/772e8a24610a98ede823a0fdd3db11cf\"},\"breadcrumb\":{\"@id\":\"https:\\\/\\\/www.webforumet.no\\\/finans\\\/frykt-for-gjeldskrise-i-italia\\\/#breadcrumb\"},\"inLanguage\":\"nb-NO\",\"potentialAction\":[{\"@type\":\"ReadAction\",\"target\":[\"https:\\\/\\\/www.webforumet.no\\\/finans\\\/frykt-for-gjeldskrise-i-italia\\\/\"]}]},{\"@type\":\"BreadcrumbList\",\"@id\":\"https:\\\/\\\/www.webforumet.no\\\/finans\\\/frykt-for-gjeldskrise-i-italia\\\/#breadcrumb\",\"itemListElement\":[{\"@type\":\"ListItem\",\"position\":1,\"name\":\"Hjem\",\"item\":\"https:\\\/\\\/www.webforumet.no\\\/finans\\\/\"},{\"@type\":\"ListItem\",\"position\":2,\"name\":\"Frykt for gjeldskrise i Italia\"}]},{\"@type\":\"WebSite\",\"@id\":\"https:\\\/\\\/www.webforumet.no\\\/finans\\\/#website\",\"url\":\"https:\\\/\\\/www.webforumet.no\\\/finans\\\/\",\"name\":\"WF Finans\",\"description\":\"Finansnyheter\",\"potentialAction\":[{\"@type\":\"SearchAction\",\"target\":{\"@type\":\"EntryPoint\",\"urlTemplate\":\"https:\\\/\\\/www.webforumet.no\\\/finans\\\/?s={search_term_string}\"},\"query-input\":{\"@type\":\"PropertyValueSpecification\",\"valueRequired\":true,\"valueName\":\"search_term_string\"}}],\"inLanguage\":\"nb-NO\"},{\"@type\":\"Person\",\"@id\":\"https:\\\/\\\/www.webforumet.no\\\/finans\\\/#\\\/schema\\\/person\\\/772e8a24610a98ede823a0fdd3db11cf\",\"name\":\"admin3\",\"url\":\"https:\\\/\\\/www.webforumet.no\\\/finans\\\/author\\\/admin3\\\/\"}]}<\/script>\n<!-- \/ Yoast SEO plugin. -->","yoast_head_json":{"title":"Frykt for gjeldskrise i Italia &#187; WF Finans","robots":{"index":"index","follow":"follow","max-snippet":"max-snippet:-1","max-image-preview":"max-image-preview:large","max-video-preview":"max-video-preview:-1"},"canonical":"https:\/\/www.webforumet.no\/finans\/frykt-for-gjeldskrise-i-italia\/","og_locale":"nb_NO","og_type":"article","og_title":"Frykt for gjeldskrise i Italia &#187; WF Finans","og_description":"Offentliggjort 11.07.11 kl. 09:01 &#8211; oppdatert kl. 09:35 EU-president Van Rompuy har kalt til inn krisem\u00f8te etter fredags finanspanikk i Italia. Gjeldskrisen i eurosonen kan sv\u00e6rt vel v\u00e6re p\u00e5 vei inn i en ny og potensielt langt alvorligere fase. Fredag var det oppl\u00f8p til panikk i de finansielle markedene, da det ble stilt sp\u00f8rsm\u00e5lstegn ved [&hellip;]","og_url":"https:\/\/www.webforumet.no\/finans\/frykt-for-gjeldskrise-i-italia\/","og_site_name":"WF Finans","article_published_time":"2011-07-14T10:12:54+00:00","article_modified_time":"2018-09-09T21:12:08+00:00","author":"admin3","twitter_card":"summary_large_image","twitter_misc":{"Skrevet av":"admin3","Ansl. lesetid":"3 minutter"},"schema":{"@context":"https:\/\/schema.org","@graph":[{"@type":"Article","@id":"https:\/\/www.webforumet.no\/finans\/frykt-for-gjeldskrise-i-italia\/#article","isPartOf":{"@id":"https:\/\/www.webforumet.no\/finans\/frykt-for-gjeldskrise-i-italia\/"},"author":{"name":"admin3","@id":"https:\/\/www.webforumet.no\/finans\/#\/schema\/person\/772e8a24610a98ede823a0fdd3db11cf"},"headline":"Frykt for gjeldskrise i Italia","datePublished":"2011-07-14T10:12:54+00:00","dateModified":"2018-09-09T21:12:08+00:00","mainEntityOfPage":{"@id":"https:\/\/www.webforumet.no\/finans\/frykt-for-gjeldskrise-i-italia\/"},"wordCount":648,"articleSection":["\u00d8konominyheter"],"inLanguage":"nb-NO"},{"@type":"WebPage","@id":"https:\/\/www.webforumet.no\/finans\/frykt-for-gjeldskrise-i-italia\/","url":"https:\/\/www.webforumet.no\/finans\/frykt-for-gjeldskrise-i-italia\/","name":"Frykt for gjeldskrise i Italia &#187; WF Finans","isPartOf":{"@id":"https:\/\/www.webforumet.no\/finans\/#website"},"datePublished":"2011-07-14T10:12:54+00:00","dateModified":"2018-09-09T21:12:08+00:00","author":{"@id":"https:\/\/www.webforumet.no\/finans\/#\/schema\/person\/772e8a24610a98ede823a0fdd3db11cf"},"breadcrumb":{"@id":"https:\/\/www.webforumet.no\/finans\/frykt-for-gjeldskrise-i-italia\/#breadcrumb"},"inLanguage":"nb-NO","potentialAction":[{"@type":"ReadAction","target":["https:\/\/www.webforumet.no\/finans\/frykt-for-gjeldskrise-i-italia\/"]}]},{"@type":"BreadcrumbList","@id":"https:\/\/www.webforumet.no\/finans\/frykt-for-gjeldskrise-i-italia\/#breadcrumb","itemListElement":[{"@type":"ListItem","position":1,"name":"Hjem","item":"https:\/\/www.webforumet.no\/finans\/"},{"@type":"ListItem","position":2,"name":"Frykt for gjeldskrise i Italia"}]},{"@type":"WebSite","@id":"https:\/\/www.webforumet.no\/finans\/#website","url":"https:\/\/www.webforumet.no\/finans\/","name":"WF Finans","description":"Finansnyheter","potentialAction":[{"@type":"SearchAction","target":{"@type":"EntryPoint","urlTemplate":"https:\/\/www.webforumet.no\/finans\/?s={search_term_string}"},"query-input":{"@type":"PropertyValueSpecification","valueRequired":true,"valueName":"search_term_string"}}],"inLanguage":"nb-NO"},{"@type":"Person","@id":"https:\/\/www.webforumet.no\/finans\/#\/schema\/person\/772e8a24610a98ede823a0fdd3db11cf","name":"admin3","url":"https:\/\/www.webforumet.no\/finans\/author\/admin3\/"}]}},"_links":{"self":[{"href":"https:\/\/www.webforumet.no\/finans\/wp-json\/wp\/v2\/posts\/5473","targetHints":{"allow":["GET"]}}],"collection":[{"href":"https:\/\/www.webforumet.no\/finans\/wp-json\/wp\/v2\/posts"}],"about":[{"href":"https:\/\/www.webforumet.no\/finans\/wp-json\/wp\/v2\/types\/post"}],"author":[{"embeddable":true,"href":"https:\/\/www.webforumet.no\/finans\/wp-json\/wp\/v2\/users\/2"}],"replies":[{"embeddable":true,"href":"https:\/\/www.webforumet.no\/finans\/wp-json\/wp\/v2\/comments?post=5473"}],"version-history":[{"count":1,"href":"https:\/\/www.webforumet.no\/finans\/wp-json\/wp\/v2\/posts\/5473\/revisions"}],"predecessor-version":[{"id":13490,"href":"https:\/\/www.webforumet.no\/finans\/wp-json\/wp\/v2\/posts\/5473\/revisions\/13490"}],"wp:attachment":[{"href":"https:\/\/www.webforumet.no\/finans\/wp-json\/wp\/v2\/media?parent=5473"}],"wp:term":[{"taxonomy":"category","embeddable":true,"href":"https:\/\/www.webforumet.no\/finans\/wp-json\/wp\/v2\/categories?post=5473"},{"taxonomy":"post_tag","embeddable":true,"href":"https:\/\/www.webforumet.no\/finans\/wp-json\/wp\/v2\/tags?post=5473"}],"curies":[{"name":"wp","href":"https:\/\/api.w.org\/{rel}","templated":true}]}}