{"id":5477,"date":"2011-07-17T15:13:00","date_gmt":"2011-07-17T15:13:00","guid":{"rendered":"http:\/\/xn--lne-ula.priv.no\/?p=5477"},"modified":"2018-09-09T23:12:08","modified_gmt":"2018-09-09T21:12:08","slug":"hellas-peker-ut-leder-for-privatisering","status":"publish","type":"post","link":"https:\/\/www.webforumet.no\/finans\/hellas-peker-ut-leder-for-privatisering\/","title":{"rendered":"Hellas peker ut leder for privatisering"},"content":{"rendered":"<p>Offentliggjort 11.07.11 kl. 13:24<br \/>\nHellas gj\u00f8r klar til \u00e5 skaffe milliarder gjennom privatisering.<br \/>\nDen greske regjeringen har pekt ut direkt\u00f8r Kostas Mitropoulos fra Eurobank som sjef for det statlige styret som skal skaffe inntekter p\u00e5 milliarder av euro ved \u00e5 selge statlige aktiva.<br \/>\nKostas Mitropoulos er direkt\u00f8r i Eurobank, som er Hellas&#8217; nest st\u00f8rste l\u00e5ngiver.<br \/>\nFinansminister Evangelos Venizelos peker dessuten ut jusprofessor Yannis Koukiadis til styreformann for styret. Han er tidligere sosialistisk parlamentariker.<br \/>\nEU-kommisjonen og Det Internasjonale Valutafond (IMF) har krevd at den greske regjeringen innen 2015 selger aktiva for 50 milliarder euro (375 milliarder kroner). Salget skal slanke det velvoksne greske gjeldsfjellet.<br \/>\nSom ved Murens fall<br \/>\nKravet er en betingelse for \u00e5 f\u00e5 l\u00e5nepakken fra EU og IMF, som siste \u00e5r sendte 110 milliarder euro (825 milliarder kroner) til Hellas.<br \/>\nEU-kommisjonen har oppfordret den greske regjeringen til \u00e5 framskynde privatiseringen og la en institusjon overv\u00e5ke prosessen. Det samme skjedde, da \u00f8sttyske virksomheter ble privatisert etter Berlinmurens fall.<br \/>\nHellas har allerede solgt 10 prosent av aksjene i det statlige teleselskapet OTE Telecoms til det tyske selskapet Deutsche Telekom. Regjeringen vil ogs\u00e5 selge andeler av gasselskapet, den greske postbanken, Athens vannselskap og Pir\u00e6us&#8217; havn.<\/p>\n","protected":false},"excerpt":{"rendered":"<p>Offentliggjort 11.07.11 kl. 13:24 Hellas gj\u00f8r klar til \u00e5 skaffe milliarder gjennom privatisering. Den greske regjeringen har pekt ut direkt\u00f8r Kostas Mitropoulos fra Eurobank som sjef for det statlige styret som skal skaffe inntekter p\u00e5 milliarder av euro ved \u00e5 selge statlige aktiva. Kostas Mitropoulos er direkt\u00f8r i Eurobank, som er Hellas&#8217; nest st\u00f8rste l\u00e5ngiver. [&hellip;]<\/p>\n","protected":false},"author":2,"featured_media":0,"comment_status":"closed","ping_status":"open","sticky":false,"template":"","format":"standard","meta":{"_et_pb_use_builder":"","_et_pb_old_content":"","_et_gb_content_width":"","footnotes":""},"categories":[551],"tags":[],"class_list":["post-5477","post","type-post","status-publish","format-standard","hentry","category-okonominyheter"],"yoast_head":"<!-- This site is optimized with the Yoast SEO plugin v27.4 - https:\/\/yoast.com\/product\/yoast-seo-wordpress\/ -->\n<title>Hellas peker ut leder for privatisering &#187; WF Finans<\/title>\n<meta name=\"robots\" content=\"index, follow, max-snippet:-1, max-image-preview:large, max-video-preview:-1\" \/>\n<link rel=\"canonical\" href=\"https:\/\/www.webforumet.no\/finans\/hellas-peker-ut-leder-for-privatisering\/\" \/>\n<meta property=\"og:locale\" content=\"nb_NO\" \/>\n<meta property=\"og:type\" content=\"article\" \/>\n<meta property=\"og:title\" content=\"Hellas peker ut leder for privatisering &#187; WF Finans\" \/>\n<meta property=\"og:description\" content=\"Offentliggjort 11.07.11 kl. 13:24 Hellas gj\u00f8r klar til \u00e5 skaffe milliarder gjennom privatisering. Den greske regjeringen har pekt ut direkt\u00f8r Kostas Mitropoulos fra Eurobank som sjef for det statlige styret som skal skaffe inntekter p\u00e5 milliarder av euro ved \u00e5 selge statlige aktiva. Kostas Mitropoulos er direkt\u00f8r i Eurobank, som er Hellas&#8217; nest st\u00f8rste l\u00e5ngiver. [&hellip;]\" \/>\n<meta property=\"og:url\" content=\"https:\/\/www.webforumet.no\/finans\/hellas-peker-ut-leder-for-privatisering\/\" \/>\n<meta property=\"og:site_name\" content=\"WF Finans\" \/>\n<meta property=\"article:published_time\" content=\"2011-07-17T15:13:00+00:00\" \/>\n<meta property=\"article:modified_time\" content=\"2018-09-09T21:12:08+00:00\" \/>\n<meta name=\"author\" content=\"admin3\" \/>\n<meta name=\"twitter:card\" content=\"summary_large_image\" \/>\n<meta name=\"twitter:label1\" content=\"Skrevet av\" \/>\n\t<meta name=\"twitter:data1\" content=\"admin3\" \/>\n\t<meta name=\"twitter:label2\" content=\"Ansl. lesetid\" \/>\n\t<meta name=\"twitter:data2\" content=\"1 minutt\" \/>\n<script type=\"application\/ld+json\" class=\"yoast-schema-graph\">{\"@context\":\"https:\\\/\\\/schema.org\",\"@graph\":[{\"@type\":\"Article\",\"@id\":\"https:\\\/\\\/www.webforumet.no\\\/finans\\\/hellas-peker-ut-leder-for-privatisering\\\/#article\",\"isPartOf\":{\"@id\":\"https:\\\/\\\/www.webforumet.no\\\/finans\\\/hellas-peker-ut-leder-for-privatisering\\\/\"},\"author\":{\"name\":\"admin3\",\"@id\":\"https:\\\/\\\/www.webforumet.no\\\/finans\\\/#\\\/schema\\\/person\\\/772e8a24610a98ede823a0fdd3db11cf\"},\"headline\":\"Hellas peker ut leder for privatisering\",\"datePublished\":\"2011-07-17T15:13:00+00:00\",\"dateModified\":\"2018-09-09T21:12:08+00:00\",\"mainEntityOfPage\":{\"@id\":\"https:\\\/\\\/www.webforumet.no\\\/finans\\\/hellas-peker-ut-leder-for-privatisering\\\/\"},\"wordCount\":195,\"articleSection\":[\"\u00d8konominyheter\"],\"inLanguage\":\"nb-NO\"},{\"@type\":\"WebPage\",\"@id\":\"https:\\\/\\\/www.webforumet.no\\\/finans\\\/hellas-peker-ut-leder-for-privatisering\\\/\",\"url\":\"https:\\\/\\\/www.webforumet.no\\\/finans\\\/hellas-peker-ut-leder-for-privatisering\\\/\",\"name\":\"Hellas peker ut leder for privatisering &#187; WF Finans\",\"isPartOf\":{\"@id\":\"https:\\\/\\\/www.webforumet.no\\\/finans\\\/#website\"},\"datePublished\":\"2011-07-17T15:13:00+00:00\",\"dateModified\":\"2018-09-09T21:12:08+00:00\",\"author\":{\"@id\":\"https:\\\/\\\/www.webforumet.no\\\/finans\\\/#\\\/schema\\\/person\\\/772e8a24610a98ede823a0fdd3db11cf\"},\"breadcrumb\":{\"@id\":\"https:\\\/\\\/www.webforumet.no\\\/finans\\\/hellas-peker-ut-leder-for-privatisering\\\/#breadcrumb\"},\"inLanguage\":\"nb-NO\",\"potentialAction\":[{\"@type\":\"ReadAction\",\"target\":[\"https:\\\/\\\/www.webforumet.no\\\/finans\\\/hellas-peker-ut-leder-for-privatisering\\\/\"]}]},{\"@type\":\"BreadcrumbList\",\"@id\":\"https:\\\/\\\/www.webforumet.no\\\/finans\\\/hellas-peker-ut-leder-for-privatisering\\\/#breadcrumb\",\"itemListElement\":[{\"@type\":\"ListItem\",\"position\":1,\"name\":\"Hjem\",\"item\":\"https:\\\/\\\/www.webforumet.no\\\/finans\\\/\"},{\"@type\":\"ListItem\",\"position\":2,\"name\":\"Hellas peker ut leder for privatisering\"}]},{\"@type\":\"WebSite\",\"@id\":\"https:\\\/\\\/www.webforumet.no\\\/finans\\\/#website\",\"url\":\"https:\\\/\\\/www.webforumet.no\\\/finans\\\/\",\"name\":\"WF Finans\",\"description\":\"Finansnyheter\",\"potentialAction\":[{\"@type\":\"SearchAction\",\"target\":{\"@type\":\"EntryPoint\",\"urlTemplate\":\"https:\\\/\\\/www.webforumet.no\\\/finans\\\/?s={search_term_string}\"},\"query-input\":{\"@type\":\"PropertyValueSpecification\",\"valueRequired\":true,\"valueName\":\"search_term_string\"}}],\"inLanguage\":\"nb-NO\"},{\"@type\":\"Person\",\"@id\":\"https:\\\/\\\/www.webforumet.no\\\/finans\\\/#\\\/schema\\\/person\\\/772e8a24610a98ede823a0fdd3db11cf\",\"name\":\"admin3\",\"url\":\"https:\\\/\\\/www.webforumet.no\\\/finans\\\/author\\\/admin3\\\/\"}]}<\/script>\n<!-- \/ Yoast SEO plugin. -->","yoast_head_json":{"title":"Hellas peker ut leder for privatisering &#187; WF Finans","robots":{"index":"index","follow":"follow","max-snippet":"max-snippet:-1","max-image-preview":"max-image-preview:large","max-video-preview":"max-video-preview:-1"},"canonical":"https:\/\/www.webforumet.no\/finans\/hellas-peker-ut-leder-for-privatisering\/","og_locale":"nb_NO","og_type":"article","og_title":"Hellas peker ut leder for privatisering &#187; WF Finans","og_description":"Offentliggjort 11.07.11 kl. 13:24 Hellas gj\u00f8r klar til \u00e5 skaffe milliarder gjennom privatisering. Den greske regjeringen har pekt ut direkt\u00f8r Kostas Mitropoulos fra Eurobank som sjef for det statlige styret som skal skaffe inntekter p\u00e5 milliarder av euro ved \u00e5 selge statlige aktiva. Kostas Mitropoulos er direkt\u00f8r i Eurobank, som er Hellas&#8217; nest st\u00f8rste l\u00e5ngiver. [&hellip;]","og_url":"https:\/\/www.webforumet.no\/finans\/hellas-peker-ut-leder-for-privatisering\/","og_site_name":"WF Finans","article_published_time":"2011-07-17T15:13:00+00:00","article_modified_time":"2018-09-09T21:12:08+00:00","author":"admin3","twitter_card":"summary_large_image","twitter_misc":{"Skrevet av":"admin3","Ansl. lesetid":"1 minutt"},"schema":{"@context":"https:\/\/schema.org","@graph":[{"@type":"Article","@id":"https:\/\/www.webforumet.no\/finans\/hellas-peker-ut-leder-for-privatisering\/#article","isPartOf":{"@id":"https:\/\/www.webforumet.no\/finans\/hellas-peker-ut-leder-for-privatisering\/"},"author":{"name":"admin3","@id":"https:\/\/www.webforumet.no\/finans\/#\/schema\/person\/772e8a24610a98ede823a0fdd3db11cf"},"headline":"Hellas peker ut leder for privatisering","datePublished":"2011-07-17T15:13:00+00:00","dateModified":"2018-09-09T21:12:08+00:00","mainEntityOfPage":{"@id":"https:\/\/www.webforumet.no\/finans\/hellas-peker-ut-leder-for-privatisering\/"},"wordCount":195,"articleSection":["\u00d8konominyheter"],"inLanguage":"nb-NO"},{"@type":"WebPage","@id":"https:\/\/www.webforumet.no\/finans\/hellas-peker-ut-leder-for-privatisering\/","url":"https:\/\/www.webforumet.no\/finans\/hellas-peker-ut-leder-for-privatisering\/","name":"Hellas peker ut leder for privatisering &#187; WF Finans","isPartOf":{"@id":"https:\/\/www.webforumet.no\/finans\/#website"},"datePublished":"2011-07-17T15:13:00+00:00","dateModified":"2018-09-09T21:12:08+00:00","author":{"@id":"https:\/\/www.webforumet.no\/finans\/#\/schema\/person\/772e8a24610a98ede823a0fdd3db11cf"},"breadcrumb":{"@id":"https:\/\/www.webforumet.no\/finans\/hellas-peker-ut-leder-for-privatisering\/#breadcrumb"},"inLanguage":"nb-NO","potentialAction":[{"@type":"ReadAction","target":["https:\/\/www.webforumet.no\/finans\/hellas-peker-ut-leder-for-privatisering\/"]}]},{"@type":"BreadcrumbList","@id":"https:\/\/www.webforumet.no\/finans\/hellas-peker-ut-leder-for-privatisering\/#breadcrumb","itemListElement":[{"@type":"ListItem","position":1,"name":"Hjem","item":"https:\/\/www.webforumet.no\/finans\/"},{"@type":"ListItem","position":2,"name":"Hellas peker ut leder for privatisering"}]},{"@type":"WebSite","@id":"https:\/\/www.webforumet.no\/finans\/#website","url":"https:\/\/www.webforumet.no\/finans\/","name":"WF Finans","description":"Finansnyheter","potentialAction":[{"@type":"SearchAction","target":{"@type":"EntryPoint","urlTemplate":"https:\/\/www.webforumet.no\/finans\/?s={search_term_string}"},"query-input":{"@type":"PropertyValueSpecification","valueRequired":true,"valueName":"search_term_string"}}],"inLanguage":"nb-NO"},{"@type":"Person","@id":"https:\/\/www.webforumet.no\/finans\/#\/schema\/person\/772e8a24610a98ede823a0fdd3db11cf","name":"admin3","url":"https:\/\/www.webforumet.no\/finans\/author\/admin3\/"}]}},"_links":{"self":[{"href":"https:\/\/www.webforumet.no\/finans\/wp-json\/wp\/v2\/posts\/5477","targetHints":{"allow":["GET"]}}],"collection":[{"href":"https:\/\/www.webforumet.no\/finans\/wp-json\/wp\/v2\/posts"}],"about":[{"href":"https:\/\/www.webforumet.no\/finans\/wp-json\/wp\/v2\/types\/post"}],"author":[{"embeddable":true,"href":"https:\/\/www.webforumet.no\/finans\/wp-json\/wp\/v2\/users\/2"}],"replies":[{"embeddable":true,"href":"https:\/\/www.webforumet.no\/finans\/wp-json\/wp\/v2\/comments?post=5477"}],"version-history":[{"count":1,"href":"https:\/\/www.webforumet.no\/finans\/wp-json\/wp\/v2\/posts\/5477\/revisions"}],"predecessor-version":[{"id":13485,"href":"https:\/\/www.webforumet.no\/finans\/wp-json\/wp\/v2\/posts\/5477\/revisions\/13485"}],"wp:attachment":[{"href":"https:\/\/www.webforumet.no\/finans\/wp-json\/wp\/v2\/media?parent=5477"}],"wp:term":[{"taxonomy":"category","embeddable":true,"href":"https:\/\/www.webforumet.no\/finans\/wp-json\/wp\/v2\/categories?post=5477"},{"taxonomy":"post_tag","embeddable":true,"href":"https:\/\/www.webforumet.no\/finans\/wp-json\/wp\/v2\/tags?post=5477"}],"curies":[{"name":"wp","href":"https:\/\/api.w.org\/{rel}","templated":true}]}}