{"id":5890,"date":"2011-09-16T13:59:22","date_gmt":"2011-09-16T11:59:22","guid":{"rendered":"http:\/\/xn--lne-ula.priv.no\/?p=5890"},"modified":"2018-09-09T23:12:39","modified_gmt":"2018-09-09T21:12:39","slug":"sporsmal-om-lonn-og-egenmelding","status":"publish","type":"post","link":"https:\/\/www.webforumet.no\/finans\/sporsmal-om-lonn-og-egenmelding\/","title":{"rendered":"Sp\u00f8rsm\u00e5l om l\u00f8nn og egenmelding"},"content":{"rendered":"<p><strong>Sp\u00f8rsm\u00e5l<\/strong>:<\/p>\n<p>Ved egenmelding; skal man uansett f\u00e5 l\u00f8nn om man jobber fast og er satt opp<\/p>\n<p>p\u00e5 \u00e5 jobbe de dagene?<\/p>\n<p>Hvordan er det med l\u00f8nn p\u00e5 helligdager og bevegelige helligdager?<\/p>\n<p>Skal man ogs\u00e5 ha l\u00f8nn disse dagene uavhengig av hvor man jobber n\u00e5r annet ikke er<\/p>\n<p>skrevet i kontrakten, og ikke har tariff p\u00e5 arbeidsplassen?<\/p>\n<p>H\u00e5per noen kunne forklart meg litt om dette.<\/p>\n<p>Har pr\u00f8vd \u00e5 lest litt p\u00e5 nettet, men virker som det samme st\u00e5r overalt.<\/p>\n<p>Helst ikke svar hvis du tror du vet svare.<\/p>\n<p><strong>Svar<\/strong>:<\/p>\n<p>Ved egenmelding har du krav p\u00e5 l\u00f8nn fra arbeidsgiver. Husk at du bare kan ha 4 egenmeldinger a 3 dager de siste 12 mnd. Utover dette m\u00e5 du til lege og f\u00e5 sykemelding, men du har ogs\u00e5 da krav p\u00e5 l\u00f8nn.<\/p>\n<p>Hvis du har fast arbeidstid, eks hver mandag og fredag, har du krav p\u00e5 l\u00f8nn n\u00e5r disse dagene faller p\u00e5 en helligdag eller offentlig fridag. Eks, hvis du jobber hver fredag, har du krav p\u00e5 l\u00f8nn neste fredag, 1. mai,\u00a0 selv om du har fri.<\/p>\n","protected":false},"excerpt":{"rendered":"<p>Sp\u00f8rsm\u00e5l: Ved egenmelding; skal man uansett f\u00e5 l\u00f8nn om man jobber fast og er satt opp p\u00e5 \u00e5 jobbe de dagene? Hvordan er det med l\u00f8nn p\u00e5 helligdager og bevegelige helligdager? Skal man ogs\u00e5 ha l\u00f8nn disse dagene uavhengig av hvor man jobber n\u00e5r annet ikke er skrevet i kontrakten, og ikke har tariff p\u00e5 [&hellip;]<\/p>\n","protected":false},"author":2,"featured_media":0,"comment_status":"closed","ping_status":"closed","sticky":false,"template":"","format":"standard","meta":{"_et_pb_use_builder":"","_et_pb_old_content":"","_et_gb_content_width":"","footnotes":""},"categories":[297,17],"tags":[],"class_list":["post-5890","post","type-post","status-publish","format-standard","hentry","category-jobb-arbeid","category-personlig-okonomi"],"yoast_head":"<!-- This site is optimized with the Yoast SEO plugin v27.4 - https:\/\/yoast.com\/product\/yoast-seo-wordpress\/ -->\n<title>Sp\u00f8rsm\u00e5l om l\u00f8nn og egenmelding &#187; WF Finans<\/title>\n<meta name=\"robots\" content=\"index, follow, max-snippet:-1, max-image-preview:large, max-video-preview:-1\" \/>\n<link rel=\"canonical\" href=\"https:\/\/www.webforumet.no\/finans\/sporsmal-om-lonn-og-egenmelding\/\" \/>\n<meta property=\"og:locale\" content=\"nb_NO\" \/>\n<meta property=\"og:type\" content=\"article\" \/>\n<meta property=\"og:title\" content=\"Sp\u00f8rsm\u00e5l om l\u00f8nn og egenmelding &#187; WF Finans\" \/>\n<meta property=\"og:description\" content=\"Sp\u00f8rsm\u00e5l: Ved egenmelding; skal man uansett f\u00e5 l\u00f8nn om man jobber fast og er satt opp p\u00e5 \u00e5 jobbe de dagene? Hvordan er det med l\u00f8nn p\u00e5 helligdager og bevegelige helligdager? Skal man ogs\u00e5 ha l\u00f8nn disse dagene uavhengig av hvor man jobber n\u00e5r annet ikke er skrevet i kontrakten, og ikke har tariff p\u00e5 [&hellip;]\" \/>\n<meta property=\"og:url\" content=\"https:\/\/www.webforumet.no\/finans\/sporsmal-om-lonn-og-egenmelding\/\" \/>\n<meta property=\"og:site_name\" content=\"WF Finans\" \/>\n<meta property=\"article:published_time\" content=\"2011-09-16T11:59:22+00:00\" \/>\n<meta property=\"article:modified_time\" content=\"2018-09-09T21:12:39+00:00\" \/>\n<meta name=\"author\" content=\"admin3\" \/>\n<meta name=\"twitter:card\" content=\"summary_large_image\" \/>\n<meta name=\"twitter:label1\" content=\"Skrevet av\" \/>\n\t<meta name=\"twitter:data1\" content=\"admin3\" \/>\n\t<meta name=\"twitter:label2\" content=\"Ansl. lesetid\" \/>\n\t<meta name=\"twitter:data2\" content=\"1 minutt\" \/>\n<script type=\"application\/ld+json\" class=\"yoast-schema-graph\">{\"@context\":\"https:\\\/\\\/schema.org\",\"@graph\":[{\"@type\":\"Article\",\"@id\":\"https:\\\/\\\/www.webforumet.no\\\/finans\\\/sporsmal-om-lonn-og-egenmelding\\\/#article\",\"isPartOf\":{\"@id\":\"https:\\\/\\\/www.webforumet.no\\\/finans\\\/sporsmal-om-lonn-og-egenmelding\\\/\"},\"author\":{\"name\":\"admin3\",\"@id\":\"https:\\\/\\\/www.webforumet.no\\\/finans\\\/#\\\/schema\\\/person\\\/772e8a24610a98ede823a0fdd3db11cf\"},\"headline\":\"Sp\u00f8rsm\u00e5l om l\u00f8nn og egenmelding\",\"datePublished\":\"2011-09-16T11:59:22+00:00\",\"dateModified\":\"2018-09-09T21:12:39+00:00\",\"mainEntityOfPage\":{\"@id\":\"https:\\\/\\\/www.webforumet.no\\\/finans\\\/sporsmal-om-lonn-og-egenmelding\\\/\"},\"wordCount\":190,\"articleSection\":[\"Jobb \\\/ Arbeid\",\"Personlig \u00f8konomi\"],\"inLanguage\":\"nb-NO\"},{\"@type\":\"WebPage\",\"@id\":\"https:\\\/\\\/www.webforumet.no\\\/finans\\\/sporsmal-om-lonn-og-egenmelding\\\/\",\"url\":\"https:\\\/\\\/www.webforumet.no\\\/finans\\\/sporsmal-om-lonn-og-egenmelding\\\/\",\"name\":\"Sp\u00f8rsm\u00e5l om l\u00f8nn og egenmelding &#187; WF Finans\",\"isPartOf\":{\"@id\":\"https:\\\/\\\/www.webforumet.no\\\/finans\\\/#website\"},\"datePublished\":\"2011-09-16T11:59:22+00:00\",\"dateModified\":\"2018-09-09T21:12:39+00:00\",\"author\":{\"@id\":\"https:\\\/\\\/www.webforumet.no\\\/finans\\\/#\\\/schema\\\/person\\\/772e8a24610a98ede823a0fdd3db11cf\"},\"breadcrumb\":{\"@id\":\"https:\\\/\\\/www.webforumet.no\\\/finans\\\/sporsmal-om-lonn-og-egenmelding\\\/#breadcrumb\"},\"inLanguage\":\"nb-NO\",\"potentialAction\":[{\"@type\":\"ReadAction\",\"target\":[\"https:\\\/\\\/www.webforumet.no\\\/finans\\\/sporsmal-om-lonn-og-egenmelding\\\/\"]}]},{\"@type\":\"BreadcrumbList\",\"@id\":\"https:\\\/\\\/www.webforumet.no\\\/finans\\\/sporsmal-om-lonn-og-egenmelding\\\/#breadcrumb\",\"itemListElement\":[{\"@type\":\"ListItem\",\"position\":1,\"name\":\"Hjem\",\"item\":\"https:\\\/\\\/www.webforumet.no\\\/finans\\\/\"},{\"@type\":\"ListItem\",\"position\":2,\"name\":\"Sp\u00f8rsm\u00e5l om l\u00f8nn og egenmelding\"}]},{\"@type\":\"WebSite\",\"@id\":\"https:\\\/\\\/www.webforumet.no\\\/finans\\\/#website\",\"url\":\"https:\\\/\\\/www.webforumet.no\\\/finans\\\/\",\"name\":\"WF Finans\",\"description\":\"Finansnyheter\",\"potentialAction\":[{\"@type\":\"SearchAction\",\"target\":{\"@type\":\"EntryPoint\",\"urlTemplate\":\"https:\\\/\\\/www.webforumet.no\\\/finans\\\/?s={search_term_string}\"},\"query-input\":{\"@type\":\"PropertyValueSpecification\",\"valueRequired\":true,\"valueName\":\"search_term_string\"}}],\"inLanguage\":\"nb-NO\"},{\"@type\":\"Person\",\"@id\":\"https:\\\/\\\/www.webforumet.no\\\/finans\\\/#\\\/schema\\\/person\\\/772e8a24610a98ede823a0fdd3db11cf\",\"name\":\"admin3\",\"url\":\"https:\\\/\\\/www.webforumet.no\\\/finans\\\/author\\\/admin3\\\/\"}]}<\/script>\n<!-- \/ Yoast SEO plugin. -->","yoast_head_json":{"title":"Sp\u00f8rsm\u00e5l om l\u00f8nn og egenmelding &#187; WF Finans","robots":{"index":"index","follow":"follow","max-snippet":"max-snippet:-1","max-image-preview":"max-image-preview:large","max-video-preview":"max-video-preview:-1"},"canonical":"https:\/\/www.webforumet.no\/finans\/sporsmal-om-lonn-og-egenmelding\/","og_locale":"nb_NO","og_type":"article","og_title":"Sp\u00f8rsm\u00e5l om l\u00f8nn og egenmelding &#187; WF Finans","og_description":"Sp\u00f8rsm\u00e5l: Ved egenmelding; skal man uansett f\u00e5 l\u00f8nn om man jobber fast og er satt opp p\u00e5 \u00e5 jobbe de dagene? Hvordan er det med l\u00f8nn p\u00e5 helligdager og bevegelige helligdager? Skal man ogs\u00e5 ha l\u00f8nn disse dagene uavhengig av hvor man jobber n\u00e5r annet ikke er skrevet i kontrakten, og ikke har tariff p\u00e5 [&hellip;]","og_url":"https:\/\/www.webforumet.no\/finans\/sporsmal-om-lonn-og-egenmelding\/","og_site_name":"WF Finans","article_published_time":"2011-09-16T11:59:22+00:00","article_modified_time":"2018-09-09T21:12:39+00:00","author":"admin3","twitter_card":"summary_large_image","twitter_misc":{"Skrevet av":"admin3","Ansl. lesetid":"1 minutt"},"schema":{"@context":"https:\/\/schema.org","@graph":[{"@type":"Article","@id":"https:\/\/www.webforumet.no\/finans\/sporsmal-om-lonn-og-egenmelding\/#article","isPartOf":{"@id":"https:\/\/www.webforumet.no\/finans\/sporsmal-om-lonn-og-egenmelding\/"},"author":{"name":"admin3","@id":"https:\/\/www.webforumet.no\/finans\/#\/schema\/person\/772e8a24610a98ede823a0fdd3db11cf"},"headline":"Sp\u00f8rsm\u00e5l om l\u00f8nn og egenmelding","datePublished":"2011-09-16T11:59:22+00:00","dateModified":"2018-09-09T21:12:39+00:00","mainEntityOfPage":{"@id":"https:\/\/www.webforumet.no\/finans\/sporsmal-om-lonn-og-egenmelding\/"},"wordCount":190,"articleSection":["Jobb \/ Arbeid","Personlig \u00f8konomi"],"inLanguage":"nb-NO"},{"@type":"WebPage","@id":"https:\/\/www.webforumet.no\/finans\/sporsmal-om-lonn-og-egenmelding\/","url":"https:\/\/www.webforumet.no\/finans\/sporsmal-om-lonn-og-egenmelding\/","name":"Sp\u00f8rsm\u00e5l om l\u00f8nn og egenmelding &#187; WF Finans","isPartOf":{"@id":"https:\/\/www.webforumet.no\/finans\/#website"},"datePublished":"2011-09-16T11:59:22+00:00","dateModified":"2018-09-09T21:12:39+00:00","author":{"@id":"https:\/\/www.webforumet.no\/finans\/#\/schema\/person\/772e8a24610a98ede823a0fdd3db11cf"},"breadcrumb":{"@id":"https:\/\/www.webforumet.no\/finans\/sporsmal-om-lonn-og-egenmelding\/#breadcrumb"},"inLanguage":"nb-NO","potentialAction":[{"@type":"ReadAction","target":["https:\/\/www.webforumet.no\/finans\/sporsmal-om-lonn-og-egenmelding\/"]}]},{"@type":"BreadcrumbList","@id":"https:\/\/www.webforumet.no\/finans\/sporsmal-om-lonn-og-egenmelding\/#breadcrumb","itemListElement":[{"@type":"ListItem","position":1,"name":"Hjem","item":"https:\/\/www.webforumet.no\/finans\/"},{"@type":"ListItem","position":2,"name":"Sp\u00f8rsm\u00e5l om l\u00f8nn og egenmelding"}]},{"@type":"WebSite","@id":"https:\/\/www.webforumet.no\/finans\/#website","url":"https:\/\/www.webforumet.no\/finans\/","name":"WF Finans","description":"Finansnyheter","potentialAction":[{"@type":"SearchAction","target":{"@type":"EntryPoint","urlTemplate":"https:\/\/www.webforumet.no\/finans\/?s={search_term_string}"},"query-input":{"@type":"PropertyValueSpecification","valueRequired":true,"valueName":"search_term_string"}}],"inLanguage":"nb-NO"},{"@type":"Person","@id":"https:\/\/www.webforumet.no\/finans\/#\/schema\/person\/772e8a24610a98ede823a0fdd3db11cf","name":"admin3","url":"https:\/\/www.webforumet.no\/finans\/author\/admin3\/"}]}},"_links":{"self":[{"href":"https:\/\/www.webforumet.no\/finans\/wp-json\/wp\/v2\/posts\/5890","targetHints":{"allow":["GET"]}}],"collection":[{"href":"https:\/\/www.webforumet.no\/finans\/wp-json\/wp\/v2\/posts"}],"about":[{"href":"https:\/\/www.webforumet.no\/finans\/wp-json\/wp\/v2\/types\/post"}],"author":[{"embeddable":true,"href":"https:\/\/www.webforumet.no\/finans\/wp-json\/wp\/v2\/users\/2"}],"replies":[{"embeddable":true,"href":"https:\/\/www.webforumet.no\/finans\/wp-json\/wp\/v2\/comments?post=5890"}],"version-history":[{"count":1,"href":"https:\/\/www.webforumet.no\/finans\/wp-json\/wp\/v2\/posts\/5890\/revisions"}],"predecessor-version":[{"id":13793,"href":"https:\/\/www.webforumet.no\/finans\/wp-json\/wp\/v2\/posts\/5890\/revisions\/13793"}],"wp:attachment":[{"href":"https:\/\/www.webforumet.no\/finans\/wp-json\/wp\/v2\/media?parent=5890"}],"wp:term":[{"taxonomy":"category","embeddable":true,"href":"https:\/\/www.webforumet.no\/finans\/wp-json\/wp\/v2\/categories?post=5890"},{"taxonomy":"post_tag","embeddable":true,"href":"https:\/\/www.webforumet.no\/finans\/wp-json\/wp\/v2\/tags?post=5890"}],"curies":[{"name":"wp","href":"https:\/\/api.w.org\/{rel}","templated":true}]}}