{"id":4567,"date":"2014-05-27T13:43:10","date_gmt":"2014-05-27T11:43:10","guid":{"rendered":"http:\/\/www.webforumet.no\/nytte\/?p=4567"},"modified":"2023-10-03T13:58:28","modified_gmt":"2023-10-03T11:58:28","slug":"4-ulemper-med-elsykler","status":"publish","type":"post","link":"https:\/\/www.webforumet.no\/nytte\/4-ulemper-med-elsykler\/","title":{"rendered":"4 ulemper med elsykler"},"content":{"rendered":"<p>Hva er de forskjellige ulempene ved <a href=\"https:\/\/elsykkelforum.com\">elsykler<\/a>? Elsykler er kanskje hot for tida og det er nesten ikke grenser p\u00e5 fordeler med dem. Men som ved alt annet er det visse ulemper,som er viktige \u00e5 bli med i betraktningen. Hvis du sitter har\u00a0 ubesvarte sp\u00f8rsm\u00e5l i forhold til ulempene som kan v\u00e6re ved en elsykkel s\u00e5 les mer her hvor vi vil sette fokus p\u00e5 fire\u00a0 av ulempene.<\/p>\n<p>Vi har valgt ut f\u00f8lgende ulemper:<\/p>\n<ol>\n<li><strong>H\u00f8yere vekt<\/strong><\/li>\n<li><strong>Behov for str\u00f8m<\/strong><\/li>\n<li><strong>Prisen \u2013 hvor mye koster en elsykkel?<\/strong><\/li>\n<li><strong>Kort holdbarhet<\/strong><\/li>\n<\/ol>\n<h2>H\u00f8yere vekt<\/h2>\n<p>Du kan ikke regne med \u00e5 f\u00e5 tak i en elsykkel som er lettere enn din n\u00e5v\u00e6rende vanlige sykkel. Dette gj\u00f8r naturligvis at den er langt tyngre \u00e5 kj\u00f8re n\u00e5r motoren ikke er p\u00e5. Dette er ett av de mest avgj\u00f8rende punktene n\u00e5r folk skal ut og investere i en elsykkel.<\/p>\n<p>Den h\u00f8yere vekten skyldes selvf\u00f8lgelig at du m\u00e5 sykle rundt med en p\u00e5montert motor. Men husk p\u00e5 at n\u00e5r motoren brukes s\u00e5 merker du ikke den ekstra vekten. Du vil derimot komme lettere opp tunge bakker.<\/p>\n<p>Les ogs\u00e5: <a href=\"https:\/\/www.webforumet.no\/nytte\/elsykkel-noe-deg\/\">Elsykkel \u2013 noe for deg?<\/a><\/p>\n<h2>Behov for str\u00f8m<\/h2>\n<p>Behovet for str\u00f8m er et annet viktig punkt for mange av dere lesere. Det kan v\u00e6re upraktisk \u00e5 skulle lade opp sykkelen sin hver dag. Kan den settes i en vanlig stikkontakt? Kan jeg komme fram og tilbake til jobben?<\/p>\n<p>Ja, en elsykkel kan lades opp i et normalt stikk. Du kan ogs\u00e5 rekke b\u00e5de til og fra jobben hvis du bor under 30 km fra jobben. Du m\u00e5 naturligvis huske \u00e5 sjekke, f\u00f8r du kj\u00f8per den, om elsyklen overholder kravene dine, men i\u00a0 utgangspunktet er dette her alts\u00e5 ikke s\u00e5 viktig.<\/p>\n<h2>Prisen &#8211; hvor mye koster en elsykkel?<\/h2>\n<p>En tredje ting som kan avskrekke n\u00e5r man begynner \u00e5 se p\u00e5 elsykler er prisen. Elsykler er nemlig dyrere enn vanlige sykler &#8211; og slik vil det ogs\u00e5 forholde seg i fremtiden. Dette betyr imidlertid ikke at du n\u00f8dvendigvis skal betale 15-20.000 kr. Det finnes nemlig mange gode elsykler til under 10.000 kr. og selv hvis det ogs\u00e5 virker som en stor utgift kan du jo velge \u00e5 se p\u00e5 en brukt elsykkel.<\/p>\n<p>For \u00f8vrig blir det ogs\u00e5 helt feil \u00e5 gj\u00f8re en direkte sammenligning med en vanlig sykkel og en elektrisk sykkel. Mens den vanlige sykkelen er et utmerket alternativt transportmiddel, kan en elsykkel i praksis ofte g\u00e5 inn og erstatte bil nummer to. Det kan gj\u00f8re den 10-15 km turen du m\u00e5tte ha p\u00e5 arbeid overkommelig og mulig uten \u00e5 m\u00e5tte dusje etter turen. P\u00e5 den m\u00e5ten kan man alts\u00e5 si at elsyklen er et billig alternativ til bilen.<\/p>\n<h2>Holdbarhet<\/h2>\n<p>Den siste av ulempene ved elsykler er holdbarheten. Holder en elsykkel i mer enn noen f\u00e5 \u00e5r? Hvordan er det med batteriene? M\u00e5 de byttes ut? Som med de andre ulempene, er dette ikke et veldig stort problem. Du kan sannsynligvis ikke finne en elsykkel du kan ha hele livet, men det vil v\u00e6re mulig \u00e5 finne en som kan holde i mange \u00e5r. V\u00e6r imidlertid oppmerksom p\u00e5 at du skal kj\u00f8pe en elsykkel hvor det er mulig \u00e5 skifte batteriet, da det vil m\u00e5tte skiftes i l\u00f8pet av noen \u00e5r.<\/p>\n","protected":false},"excerpt":{"rendered":"<p>Hva er de forskjellige ulempene ved elsykler? Elsykler er kanskje hot for tida og det er nesten ikke grenser p\u00e5 fordeler med dem. Men som ved alt annet er det visse ulemper,som er viktige \u00e5 bli med i betraktningen. Hvis du sitter har\u00a0 ubesvarte sp\u00f8rsm\u00e5l i forhold til ulempene som kan v\u00e6re ved en elsykkel [&hellip;]<\/p>\n","protected":false},"author":1,"featured_media":4568,"comment_status":"open","ping_status":"closed","sticky":false,"template":"","format":"standard","meta":{"footnotes":""},"categories":[27],"tags":[],"class_list":["post-4567","post","type-post","status-publish","format-standard","has-post-thumbnail","hentry","category-motor"],"yoast_head":"<!-- This site is optimized with the Yoast SEO plugin v28.4 - https:\/\/yoast.com\/product\/yoast-seo-wordpress\/ -->\n<title>&gt;&gt; 4 ulemper med elsykler &lt;&lt;<\/title>\n<meta name=\"robots\" content=\"index, follow, max-snippet:-1, max-image-preview:large, max-video-preview:-1\" \/>\n<link rel=\"canonical\" href=\"https:\/\/www.webforumet.no\/nytte\/4-ulemper-med-elsykler\/\" \/>\n<meta property=\"og:locale\" content=\"nb_NO\" \/>\n<meta property=\"og:type\" content=\"article\" \/>\n<meta property=\"og:title\" content=\"&gt;&gt; 4 ulemper med elsykler &lt;&lt;\" \/>\n<meta property=\"og:description\" content=\"Hva er de forskjellige ulempene ved elsykler? Elsykler er kanskje hot for tida og det er nesten ikke grenser p\u00e5 fordeler med dem. Men som ved alt annet er det visse ulemper,som er viktige \u00e5 bli med i betraktningen. Hvis du sitter har\u00a0 ubesvarte sp\u00f8rsm\u00e5l i forhold til ulempene som kan v\u00e6re ved en elsykkel [&hellip;]\" \/>\n<meta property=\"og:url\" content=\"https:\/\/www.webforumet.no\/nytte\/4-ulemper-med-elsykler\/\" \/>\n<meta property=\"og:site_name\" content=\"Webforumet.no\/nytte\" \/>\n<meta property=\"article:published_time\" content=\"2014-05-27T11:43:10+00:00\" \/>\n<meta property=\"article:modified_time\" content=\"2023-10-03T11:58:28+00:00\" \/>\n<meta property=\"og:image\" content=\"https:\/\/www.webforumet.no\/nytte\/wp-content\/uploads\/2014\/05\/el-sykkel-elektrisk-2.jpg\" \/>\n\t<meta property=\"og:image:width\" content=\"3034\" \/>\n\t<meta property=\"og:image:height\" content=\"2050\" \/>\n\t<meta property=\"og:image:type\" content=\"image\/jpeg\" \/>\n<meta name=\"author\" content=\"Terje E.\" \/>\n<meta name=\"twitter:label1\" content=\"Skrevet av\" \/>\n\t<meta name=\"twitter:data1\" content=\"Terje E.\" \/>\n\t<meta name=\"twitter:label2\" content=\"Ansl. lesetid\" \/>\n\t<meta name=\"twitter:data2\" content=\"3 minutter\" \/>\n<script type=\"application\/ld+json\" class=\"yoast-schema-graph\">{\"@context\":\"https:\\\/\\\/schema.org\",\"@graph\":[{\"@type\":\"Article\",\"@id\":\"https:\\\/\\\/www.webforumet.no\\\/nytte\\\/4-ulemper-med-elsykler\\\/#article\",\"isPartOf\":{\"@id\":\"https:\\\/\\\/www.webforumet.no\\\/nytte\\\/4-ulemper-med-elsykler\\\/\"},\"author\":{\"name\":\"Terje E.\",\"@id\":\"https:\\\/\\\/www.webforumet.no\\\/nytte\\\/#\\\/schema\\\/person\\\/86570d3ef3b26eb66ac9b751ebad9d3a\"},\"headline\":\"4 ulemper med elsykler\",\"datePublished\":\"2014-05-27T11:43:10+00:00\",\"dateModified\":\"2023-10-03T11:58:28+00:00\",\"mainEntityOfPage\":{\"@id\":\"https:\\\/\\\/www.webforumet.no\\\/nytte\\\/4-ulemper-med-elsykler\\\/\"},\"wordCount\":554,\"commentCount\":0,\"image\":{\"@id\":\"https:\\\/\\\/www.webforumet.no\\\/nytte\\\/4-ulemper-med-elsykler\\\/#primaryimage\"},\"thumbnailUrl\":\"https:\\\/\\\/www.webforumet.no\\\/nytte\\\/wp-content\\\/uploads\\\/2014\\\/05\\\/el-sykkel-elektrisk-2.jpg\",\"articleSection\":[\"Motor\"],\"inLanguage\":\"nb-NO\",\"potentialAction\":[{\"@type\":\"CommentAction\",\"name\":\"Comment\",\"target\":[\"https:\\\/\\\/www.webforumet.no\\\/nytte\\\/4-ulemper-med-elsykler\\\/#respond\"]}]},{\"@type\":\"WebPage\",\"@id\":\"https:\\\/\\\/www.webforumet.no\\\/nytte\\\/4-ulemper-med-elsykler\\\/\",\"url\":\"https:\\\/\\\/www.webforumet.no\\\/nytte\\\/4-ulemper-med-elsykler\\\/\",\"name\":\">> 4 ulemper med elsykler &lt;&lt;\",\"isPartOf\":{\"@id\":\"https:\\\/\\\/www.webforumet.no\\\/nytte\\\/#website\"},\"primaryImageOfPage\":{\"@id\":\"https:\\\/\\\/www.webforumet.no\\\/nytte\\\/4-ulemper-med-elsykler\\\/#primaryimage\"},\"image\":{\"@id\":\"https:\\\/\\\/www.webforumet.no\\\/nytte\\\/4-ulemper-med-elsykler\\\/#primaryimage\"},\"thumbnailUrl\":\"https:\\\/\\\/www.webforumet.no\\\/nytte\\\/wp-content\\\/uploads\\\/2014\\\/05\\\/el-sykkel-elektrisk-2.jpg\",\"datePublished\":\"2014-05-27T11:43:10+00:00\",\"dateModified\":\"2023-10-03T11:58:28+00:00\",\"author\":{\"@id\":\"https:\\\/\\\/www.webforumet.no\\\/nytte\\\/#\\\/schema\\\/person\\\/86570d3ef3b26eb66ac9b751ebad9d3a\"},\"breadcrumb\":{\"@id\":\"https:\\\/\\\/www.webforumet.no\\\/nytte\\\/4-ulemper-med-elsykler\\\/#breadcrumb\"},\"inLanguage\":\"nb-NO\",\"potentialAction\":[{\"@type\":\"ReadAction\",\"target\":[\"https:\\\/\\\/www.webforumet.no\\\/nytte\\\/4-ulemper-med-elsykler\\\/\"]}]},{\"@type\":\"ImageObject\",\"inLanguage\":\"nb-NO\",\"@id\":\"https:\\\/\\\/www.webforumet.no\\\/nytte\\\/4-ulemper-med-elsykler\\\/#primaryimage\",\"url\":\"https:\\\/\\\/www.webforumet.no\\\/nytte\\\/wp-content\\\/uploads\\\/2014\\\/05\\\/el-sykkel-elektrisk-2.jpg\",\"contentUrl\":\"https:\\\/\\\/www.webforumet.no\\\/nytte\\\/wp-content\\\/uploads\\\/2014\\\/05\\\/el-sykkel-elektrisk-2.jpg\",\"width\":3034,\"height\":2050,\"caption\":\"el sykkel\"},{\"@type\":\"BreadcrumbList\",\"@id\":\"https:\\\/\\\/www.webforumet.no\\\/nytte\\\/4-ulemper-med-elsykler\\\/#breadcrumb\",\"itemListElement\":[{\"@type\":\"ListItem\",\"position\":1,\"name\":\"Hjem\",\"item\":\"https:\\\/\\\/www.webforumet.no\\\/nytte\\\/\"},{\"@type\":\"ListItem\",\"position\":2,\"name\":\"4 ulemper med elsykler\"}]},{\"@type\":\"WebSite\",\"@id\":\"https:\\\/\\\/www.webforumet.no\\\/nytte\\\/#website\",\"url\":\"https:\\\/\\\/www.webforumet.no\\\/nytte\\\/\",\"name\":\"Webforumet.no\\\/nytte\",\"description\":\"Nyttige artikler\",\"potentialAction\":[{\"@type\":\"SearchAction\",\"target\":{\"@type\":\"EntryPoint\",\"urlTemplate\":\"https:\\\/\\\/www.webforumet.no\\\/nytte\\\/?s={search_term_string}\"},\"query-input\":{\"@type\":\"PropertyValueSpecification\",\"valueRequired\":true,\"valueName\":\"search_term_string\"}}],\"inLanguage\":\"nb-NO\"},{\"@type\":\"Person\",\"@id\":\"https:\\\/\\\/www.webforumet.no\\\/nytte\\\/#\\\/schema\\\/person\\\/86570d3ef3b26eb66ac9b751ebad9d3a\",\"name\":\"Terje E.\"}]}<\/script>\n<!-- \/ Yoast SEO plugin. -->","yoast_head_json":{"title":">> 4 ulemper med elsykler &lt;&lt;","robots":{"index":"index","follow":"follow","max-snippet":"max-snippet:-1","max-image-preview":"max-image-preview:large","max-video-preview":"max-video-preview:-1"},"canonical":"https:\/\/www.webforumet.no\/nytte\/4-ulemper-med-elsykler\/","og_locale":"nb_NO","og_type":"article","og_title":">> 4 ulemper med elsykler &lt;&lt;","og_description":"Hva er de forskjellige ulempene ved elsykler? Elsykler er kanskje hot for tida og det er nesten ikke grenser p\u00e5 fordeler med dem. Men som ved alt annet er det visse ulemper,som er viktige \u00e5 bli med i betraktningen. Hvis du sitter har\u00a0 ubesvarte sp\u00f8rsm\u00e5l i forhold til ulempene som kan v\u00e6re ved en elsykkel [&hellip;]","og_url":"https:\/\/www.webforumet.no\/nytte\/4-ulemper-med-elsykler\/","og_site_name":"Webforumet.no\/nytte","article_published_time":"2014-05-27T11:43:10+00:00","article_modified_time":"2023-10-03T11:58:28+00:00","og_image":[{"width":3034,"height":2050,"url":"https:\/\/www.webforumet.no\/nytte\/wp-content\/uploads\/2014\/05\/el-sykkel-elektrisk-2.jpg","type":"image\/jpeg"}],"author":"Terje E.","twitter_misc":{"Skrevet av":"Terje E.","Ansl. lesetid":"3 minutter"},"schema":{"@context":"https:\/\/schema.org","@graph":[{"@type":"Article","@id":"https:\/\/www.webforumet.no\/nytte\/4-ulemper-med-elsykler\/#article","isPartOf":{"@id":"https:\/\/www.webforumet.no\/nytte\/4-ulemper-med-elsykler\/"},"author":{"name":"Terje E.","@id":"https:\/\/www.webforumet.no\/nytte\/#\/schema\/person\/86570d3ef3b26eb66ac9b751ebad9d3a"},"headline":"4 ulemper med elsykler","datePublished":"2014-05-27T11:43:10+00:00","dateModified":"2023-10-03T11:58:28+00:00","mainEntityOfPage":{"@id":"https:\/\/www.webforumet.no\/nytte\/4-ulemper-med-elsykler\/"},"wordCount":554,"commentCount":0,"image":{"@id":"https:\/\/www.webforumet.no\/nytte\/4-ulemper-med-elsykler\/#primaryimage"},"thumbnailUrl":"https:\/\/www.webforumet.no\/nytte\/wp-content\/uploads\/2014\/05\/el-sykkel-elektrisk-2.jpg","articleSection":["Motor"],"inLanguage":"nb-NO","potentialAction":[{"@type":"CommentAction","name":"Comment","target":["https:\/\/www.webforumet.no\/nytte\/4-ulemper-med-elsykler\/#respond"]}]},{"@type":"WebPage","@id":"https:\/\/www.webforumet.no\/nytte\/4-ulemper-med-elsykler\/","url":"https:\/\/www.webforumet.no\/nytte\/4-ulemper-med-elsykler\/","name":">> 4 ulemper med elsykler &lt;&lt;","isPartOf":{"@id":"https:\/\/www.webforumet.no\/nytte\/#website"},"primaryImageOfPage":{"@id":"https:\/\/www.webforumet.no\/nytte\/4-ulemper-med-elsykler\/#primaryimage"},"image":{"@id":"https:\/\/www.webforumet.no\/nytte\/4-ulemper-med-elsykler\/#primaryimage"},"thumbnailUrl":"https:\/\/www.webforumet.no\/nytte\/wp-content\/uploads\/2014\/05\/el-sykkel-elektrisk-2.jpg","datePublished":"2014-05-27T11:43:10+00:00","dateModified":"2023-10-03T11:58:28+00:00","author":{"@id":"https:\/\/www.webforumet.no\/nytte\/#\/schema\/person\/86570d3ef3b26eb66ac9b751ebad9d3a"},"breadcrumb":{"@id":"https:\/\/www.webforumet.no\/nytte\/4-ulemper-med-elsykler\/#breadcrumb"},"inLanguage":"nb-NO","potentialAction":[{"@type":"ReadAction","target":["https:\/\/www.webforumet.no\/nytte\/4-ulemper-med-elsykler\/"]}]},{"@type":"ImageObject","inLanguage":"nb-NO","@id":"https:\/\/www.webforumet.no\/nytte\/4-ulemper-med-elsykler\/#primaryimage","url":"https:\/\/www.webforumet.no\/nytte\/wp-content\/uploads\/2014\/05\/el-sykkel-elektrisk-2.jpg","contentUrl":"https:\/\/www.webforumet.no\/nytte\/wp-content\/uploads\/2014\/05\/el-sykkel-elektrisk-2.jpg","width":3034,"height":2050,"caption":"el sykkel"},{"@type":"BreadcrumbList","@id":"https:\/\/www.webforumet.no\/nytte\/4-ulemper-med-elsykler\/#breadcrumb","itemListElement":[{"@type":"ListItem","position":1,"name":"Hjem","item":"https:\/\/www.webforumet.no\/nytte\/"},{"@type":"ListItem","position":2,"name":"4 ulemper med elsykler"}]},{"@type":"WebSite","@id":"https:\/\/www.webforumet.no\/nytte\/#website","url":"https:\/\/www.webforumet.no\/nytte\/","name":"Webforumet.no\/nytte","description":"Nyttige artikler","potentialAction":[{"@type":"SearchAction","target":{"@type":"EntryPoint","urlTemplate":"https:\/\/www.webforumet.no\/nytte\/?s={search_term_string}"},"query-input":{"@type":"PropertyValueSpecification","valueRequired":true,"valueName":"search_term_string"}}],"inLanguage":"nb-NO"},{"@type":"Person","@id":"https:\/\/www.webforumet.no\/nytte\/#\/schema\/person\/86570d3ef3b26eb66ac9b751ebad9d3a","name":"Terje E."}]}},"_links":{"self":[{"href":"https:\/\/www.webforumet.no\/nytte\/wp-json\/wp\/v2\/posts\/4567","targetHints":{"allow":["GET"]}}],"collection":[{"href":"https:\/\/www.webforumet.no\/nytte\/wp-json\/wp\/v2\/posts"}],"about":[{"href":"https:\/\/www.webforumet.no\/nytte\/wp-json\/wp\/v2\/types\/post"}],"author":[{"embeddable":true,"href":"https:\/\/www.webforumet.no\/nytte\/wp-json\/wp\/v2\/users\/1"}],"replies":[{"embeddable":true,"href":"https:\/\/www.webforumet.no\/nytte\/wp-json\/wp\/v2\/comments?post=4567"}],"version-history":[{"count":4,"href":"https:\/\/www.webforumet.no\/nytte\/wp-json\/wp\/v2\/posts\/4567\/revisions"}],"predecessor-version":[{"id":7325,"href":"https:\/\/www.webforumet.no\/nytte\/wp-json\/wp\/v2\/posts\/4567\/revisions\/7325"}],"wp:featuredmedia":[{"embeddable":true,"href":"https:\/\/www.webforumet.no\/nytte\/wp-json\/wp\/v2\/media\/4568"}],"wp:attachment":[{"href":"https:\/\/www.webforumet.no\/nytte\/wp-json\/wp\/v2\/media?parent=4567"}],"wp:term":[{"taxonomy":"category","embeddable":true,"href":"https:\/\/www.webforumet.no\/nytte\/wp-json\/wp\/v2\/categories?post=4567"},{"taxonomy":"post_tag","embeddable":true,"href":"https:\/\/www.webforumet.no\/nytte\/wp-json\/wp\/v2\/tags?post=4567"}],"curies":[{"name":"wp","href":"https:\/\/api.w.org\/{rel}","templated":true}]}}