{"id":5404,"date":"2015-05-19T00:22:29","date_gmt":"2015-05-18T22:22:29","guid":{"rendered":"http:\/\/www.webforumet.no\/nytte\/?p=5404"},"modified":"2023-10-04T00:32:36","modified_gmt":"2023-10-03T22:32:36","slug":"er-e-coli-egentlig-sa-farlig","status":"publish","type":"post","link":"https:\/\/www.webforumet.no\/nytte\/er-e-coli-egentlig-sa-farlig\/","title":{"rendered":"Er E. coli egentlig s\u00e5 farlig?"},"content":{"rendered":"<p>Enhver som har v\u00e6rt i kontakt med E. coli tenker nok tilbake p\u00e5 det med gru, men faktum er at det kun er et f\u00e5tall bakterier med betegnelsen E. coli som er direkte farlige for mennesker, og mange av dem b\u00e6rer vi alle sammen rundt p\u00e5. Hele tiden, og de skal faktisk v\u00e6re der for at tarmsystemene v\u00e5re skal holde seg i balanse.<\/p>\n<p>Blant de mange tusen variantene av E. coli bakterier som finnes er det bare et f\u00e5tall som er direkte sykdomsfremkallende, og de inndeles i hovedsak i to grupper, de som virker utenfor tarmsystemet, og de som virker i tarmsystemene.<\/p>\n<p>Begge disse inndeles s\u00e5 i en rekke undergrupper, hvor enkelte smitter fra dyr, andre fra mennesker, og andre igjen via andre veier. For eksempel via mat eller drikke. Felles for disse E. coli gruppene er at de p\u00e5f\u00f8rer mennesker sykdom i forskjellig grad, og alt fra lettere kvalme og mageonde kan forekomme, til direkte livstruende sykdommer som blant annet hjernehinnebetennelse. Heldigvis er det stadig sjeldnere at sistnevnte forekommer, og med hurtig og korrekt behandling kan et eventuelt skadeomfang betydelig begrenses.<\/p>\n<p>Den hyppigste smittekilden i Norge i dag er som oftest mat, og selv om det er sjelden det forekommer, er det likevel et par tilfeller i \u00e5ret hvor mennesker blir innlagt p\u00e5 sykehus som en f\u00f8lge av at de p\u00e5 en eller annen m\u00e5te er smittet av E. coli bakterier.<\/p>\n<p>For \u00e5 unng\u00e5 \u00e5 bli syk av mat smittet med E. coli er det mye man kan gj\u00f8re selv rent hygienemessig. I de fleste tilfellene hvor folk er blitt syke, har de spist infisert mat som ikke er blitt tilberedt p\u00e5 en korrekt m\u00e5te. Et godt eksempel p\u00e5 dette er kj\u00f8tt som ikke er varmebehandlet godt nok, eller for eksempel salat som ikke er skylt ordentlig. Eller en kombinasjon der kanskje kj\u00f8ttet er infisert, men likevel tilberedt p\u00e5 en forsvarlig m\u00e5te, men s\u00e5 blir kanskje ikke skj\u00e6rebrettet, kj\u00f8kkenbenken eller kj\u00f8kkenredskapene gjort grundig nok rene, slik at det smitter over p\u00e5 annen mat senere.<\/p>\n<p>De fleste bakterier d\u00f8r hvis de varmebehandles i temperaturer over 60 grader celsius, s\u00e5 hovedregelen m\u00e5 v\u00e6re \u00e5 tilberede mat ordentlig, gjennomstek alt kj\u00f8tt og s\u00f8rg for at alle redskaper man bruker rengj\u00f8res i temperaturer over dette. Skal man tilberede salat er det lite praktisk \u00e5 koke denne, men en liten tur i mikrob\u00f8lgeovnen kan gj\u00f8re underverker. Her b\u00f8r man imidlertid eksperimentere litt s\u00e5 ikke salaten blir vassen og udelikat. Man b\u00f8r uansett skylle salat godt i kaldt vann f\u00f8r servering, og bruk gjerne en helt ren mikrofiberklut \u00e5 t\u00f8rke den ren og t\u00f8rr med etterp\u00e5.<\/p>\n<p>E. coli i andre produkter som for eksempel p\u00e5legg er det vanskelig \u00e5 gardere seg mot, og en gang i blant ser man dessverre tilfeller der folk er blitt syke av \u00e5 spise eksempelvis salami eller skinke p\u00e5 boks. Dette skjer fordi p\u00e5legget er utsatt for smitte under eller etter den n\u00f8dvendige varmebehandlingen under produksjonen. Det er derimot viktig \u00e5 merke seg at sannsynligheten for \u00e5 bli smittet via p\u00e5legg er forsvinnende liten, s\u00e5 det er ingen grunn til hysteri eller annen oppmerksomhet rundt dette.<\/p>\n","protected":false},"excerpt":{"rendered":"<p>Enhver som har v\u00e6rt i kontakt med E. coli tenker nok tilbake p\u00e5 det med gru, men faktum er at det kun er et f\u00e5tall bakterier med betegnelsen E. coli som er direkte farlige for mennesker, og mange av dem b\u00e6rer vi alle sammen rundt p\u00e5. Hele tiden, og de skal faktisk v\u00e6re der for [&hellip;]<\/p>\n","protected":false},"author":1,"featured_media":5405,"comment_status":"open","ping_status":"closed","sticky":false,"template":"","format":"standard","meta":{"footnotes":""},"categories":[24],"tags":[],"class_list":["post-5404","post","type-post","status-publish","format-standard","has-post-thumbnail","hentry","category-helse"],"yoast_head":"<!-- This site is optimized with the Yoast SEO plugin v27.5 - https:\/\/yoast.com\/product\/yoast-seo-wordpress\/ -->\n<title>&gt;&gt; Er E. coli egentlig s\u00e5 farlig? &lt;&lt;<\/title>\n<meta name=\"robots\" content=\"index, follow, max-snippet:-1, max-image-preview:large, max-video-preview:-1\" \/>\n<link rel=\"canonical\" href=\"https:\/\/www.webforumet.no\/nytte\/er-e-coli-egentlig-sa-farlig\/\" \/>\n<meta property=\"og:locale\" content=\"nb_NO\" \/>\n<meta property=\"og:type\" content=\"article\" \/>\n<meta property=\"og:title\" content=\"&gt;&gt; Er E. coli egentlig s\u00e5 farlig? &lt;&lt;\" \/>\n<meta property=\"og:description\" content=\"Enhver som har v\u00e6rt i kontakt med E. coli tenker nok tilbake p\u00e5 det med gru, men faktum er at det kun er et f\u00e5tall bakterier med betegnelsen E. coli som er direkte farlige for mennesker, og mange av dem b\u00e6rer vi alle sammen rundt p\u00e5. Hele tiden, og de skal faktisk v\u00e6re der for [&hellip;]\" \/>\n<meta property=\"og:url\" content=\"https:\/\/www.webforumet.no\/nytte\/er-e-coli-egentlig-sa-farlig\/\" \/>\n<meta property=\"og:site_name\" content=\"Webforumet.no\/nytte\" \/>\n<meta property=\"article:published_time\" content=\"2015-05-18T22:22:29+00:00\" \/>\n<meta property=\"article:modified_time\" content=\"2023-10-03T22:32:36+00:00\" \/>\n<meta property=\"og:image\" content=\"https:\/\/www.webforumet.no\/nytte\/wp-content\/uploads\/2015\/05\/e-coli.jpg\" \/>\n\t<meta property=\"og:image:width\" content=\"620\" \/>\n\t<meta property=\"og:image:height\" content=\"413\" \/>\n\t<meta property=\"og:image:type\" content=\"image\/jpeg\" \/>\n<meta name=\"author\" content=\"Terje E.\" \/>\n<meta name=\"twitter:label1\" content=\"Skrevet av\" \/>\n\t<meta name=\"twitter:data1\" content=\"Terje E.\" \/>\n\t<meta name=\"twitter:label2\" content=\"Ansl. lesetid\" \/>\n\t<meta name=\"twitter:data2\" content=\"3 minutter\" \/>\n<script type=\"application\/ld+json\" class=\"yoast-schema-graph\">{\"@context\":\"https:\\\/\\\/schema.org\",\"@graph\":[{\"@type\":\"Article\",\"@id\":\"https:\\\/\\\/www.webforumet.no\\\/nytte\\\/er-e-coli-egentlig-sa-farlig\\\/#article\",\"isPartOf\":{\"@id\":\"https:\\\/\\\/www.webforumet.no\\\/nytte\\\/er-e-coli-egentlig-sa-farlig\\\/\"},\"author\":{\"name\":\"Terje E.\",\"@id\":\"https:\\\/\\\/www.webforumet.no\\\/nytte\\\/#\\\/schema\\\/person\\\/86570d3ef3b26eb66ac9b751ebad9d3a\"},\"headline\":\"Er E. coli egentlig s\u00e5 farlig?\",\"datePublished\":\"2015-05-18T22:22:29+00:00\",\"dateModified\":\"2023-10-03T22:32:36+00:00\",\"mainEntityOfPage\":{\"@id\":\"https:\\\/\\\/www.webforumet.no\\\/nytte\\\/er-e-coli-egentlig-sa-farlig\\\/\"},\"wordCount\":546,\"commentCount\":0,\"image\":{\"@id\":\"https:\\\/\\\/www.webforumet.no\\\/nytte\\\/er-e-coli-egentlig-sa-farlig\\\/#primaryimage\"},\"thumbnailUrl\":\"https:\\\/\\\/www.webforumet.no\\\/nytte\\\/wp-content\\\/uploads\\\/2015\\\/05\\\/e-coli.jpg\",\"articleSection\":[\"Helse og kropp\"],\"inLanguage\":\"nb-NO\",\"potentialAction\":[{\"@type\":\"CommentAction\",\"name\":\"Comment\",\"target\":[\"https:\\\/\\\/www.webforumet.no\\\/nytte\\\/er-e-coli-egentlig-sa-farlig\\\/#respond\"]}]},{\"@type\":\"WebPage\",\"@id\":\"https:\\\/\\\/www.webforumet.no\\\/nytte\\\/er-e-coli-egentlig-sa-farlig\\\/\",\"url\":\"https:\\\/\\\/www.webforumet.no\\\/nytte\\\/er-e-coli-egentlig-sa-farlig\\\/\",\"name\":\">> Er E. coli egentlig s\u00e5 farlig? &lt;&lt;\",\"isPartOf\":{\"@id\":\"https:\\\/\\\/www.webforumet.no\\\/nytte\\\/#website\"},\"primaryImageOfPage\":{\"@id\":\"https:\\\/\\\/www.webforumet.no\\\/nytte\\\/er-e-coli-egentlig-sa-farlig\\\/#primaryimage\"},\"image\":{\"@id\":\"https:\\\/\\\/www.webforumet.no\\\/nytte\\\/er-e-coli-egentlig-sa-farlig\\\/#primaryimage\"},\"thumbnailUrl\":\"https:\\\/\\\/www.webforumet.no\\\/nytte\\\/wp-content\\\/uploads\\\/2015\\\/05\\\/e-coli.jpg\",\"datePublished\":\"2015-05-18T22:22:29+00:00\",\"dateModified\":\"2023-10-03T22:32:36+00:00\",\"author\":{\"@id\":\"https:\\\/\\\/www.webforumet.no\\\/nytte\\\/#\\\/schema\\\/person\\\/86570d3ef3b26eb66ac9b751ebad9d3a\"},\"breadcrumb\":{\"@id\":\"https:\\\/\\\/www.webforumet.no\\\/nytte\\\/er-e-coli-egentlig-sa-farlig\\\/#breadcrumb\"},\"inLanguage\":\"nb-NO\",\"potentialAction\":[{\"@type\":\"ReadAction\",\"target\":[\"https:\\\/\\\/www.webforumet.no\\\/nytte\\\/er-e-coli-egentlig-sa-farlig\\\/\"]}]},{\"@type\":\"ImageObject\",\"inLanguage\":\"nb-NO\",\"@id\":\"https:\\\/\\\/www.webforumet.no\\\/nytte\\\/er-e-coli-egentlig-sa-farlig\\\/#primaryimage\",\"url\":\"https:\\\/\\\/www.webforumet.no\\\/nytte\\\/wp-content\\\/uploads\\\/2015\\\/05\\\/e-coli.jpg\",\"contentUrl\":\"https:\\\/\\\/www.webforumet.no\\\/nytte\\\/wp-content\\\/uploads\\\/2015\\\/05\\\/e-coli.jpg\",\"width\":620,\"height\":413},{\"@type\":\"BreadcrumbList\",\"@id\":\"https:\\\/\\\/www.webforumet.no\\\/nytte\\\/er-e-coli-egentlig-sa-farlig\\\/#breadcrumb\",\"itemListElement\":[{\"@type\":\"ListItem\",\"position\":1,\"name\":\"Hjem\",\"item\":\"https:\\\/\\\/www.webforumet.no\\\/nytte\\\/\"},{\"@type\":\"ListItem\",\"position\":2,\"name\":\"Er E. coli egentlig s\u00e5 farlig?\"}]},{\"@type\":\"WebSite\",\"@id\":\"https:\\\/\\\/www.webforumet.no\\\/nytte\\\/#website\",\"url\":\"https:\\\/\\\/www.webforumet.no\\\/nytte\\\/\",\"name\":\"Webforumet.no\\\/nytte\",\"description\":\"Nyttige artikler\",\"potentialAction\":[{\"@type\":\"SearchAction\",\"target\":{\"@type\":\"EntryPoint\",\"urlTemplate\":\"https:\\\/\\\/www.webforumet.no\\\/nytte\\\/?s={search_term_string}\"},\"query-input\":{\"@type\":\"PropertyValueSpecification\",\"valueRequired\":true,\"valueName\":\"search_term_string\"}}],\"inLanguage\":\"nb-NO\"},{\"@type\":\"Person\",\"@id\":\"https:\\\/\\\/www.webforumet.no\\\/nytte\\\/#\\\/schema\\\/person\\\/86570d3ef3b26eb66ac9b751ebad9d3a\",\"name\":\"Terje E.\"}]}<\/script>\n<!-- \/ Yoast SEO plugin. -->","yoast_head_json":{"title":">> Er E. coli egentlig s\u00e5 farlig? &lt;&lt;","robots":{"index":"index","follow":"follow","max-snippet":"max-snippet:-1","max-image-preview":"max-image-preview:large","max-video-preview":"max-video-preview:-1"},"canonical":"https:\/\/www.webforumet.no\/nytte\/er-e-coli-egentlig-sa-farlig\/","og_locale":"nb_NO","og_type":"article","og_title":">> Er E. coli egentlig s\u00e5 farlig? &lt;&lt;","og_description":"Enhver som har v\u00e6rt i kontakt med E. coli tenker nok tilbake p\u00e5 det med gru, men faktum er at det kun er et f\u00e5tall bakterier med betegnelsen E. coli som er direkte farlige for mennesker, og mange av dem b\u00e6rer vi alle sammen rundt p\u00e5. Hele tiden, og de skal faktisk v\u00e6re der for [&hellip;]","og_url":"https:\/\/www.webforumet.no\/nytte\/er-e-coli-egentlig-sa-farlig\/","og_site_name":"Webforumet.no\/nytte","article_published_time":"2015-05-18T22:22:29+00:00","article_modified_time":"2023-10-03T22:32:36+00:00","og_image":[{"width":620,"height":413,"url":"https:\/\/www.webforumet.no\/nytte\/wp-content\/uploads\/2015\/05\/e-coli.jpg","type":"image\/jpeg"}],"author":"Terje E.","twitter_misc":{"Skrevet av":"Terje E.","Ansl. lesetid":"3 minutter"},"schema":{"@context":"https:\/\/schema.org","@graph":[{"@type":"Article","@id":"https:\/\/www.webforumet.no\/nytte\/er-e-coli-egentlig-sa-farlig\/#article","isPartOf":{"@id":"https:\/\/www.webforumet.no\/nytte\/er-e-coli-egentlig-sa-farlig\/"},"author":{"name":"Terje E.","@id":"https:\/\/www.webforumet.no\/nytte\/#\/schema\/person\/86570d3ef3b26eb66ac9b751ebad9d3a"},"headline":"Er E. coli egentlig s\u00e5 farlig?","datePublished":"2015-05-18T22:22:29+00:00","dateModified":"2023-10-03T22:32:36+00:00","mainEntityOfPage":{"@id":"https:\/\/www.webforumet.no\/nytte\/er-e-coli-egentlig-sa-farlig\/"},"wordCount":546,"commentCount":0,"image":{"@id":"https:\/\/www.webforumet.no\/nytte\/er-e-coli-egentlig-sa-farlig\/#primaryimage"},"thumbnailUrl":"https:\/\/www.webforumet.no\/nytte\/wp-content\/uploads\/2015\/05\/e-coli.jpg","articleSection":["Helse og kropp"],"inLanguage":"nb-NO","potentialAction":[{"@type":"CommentAction","name":"Comment","target":["https:\/\/www.webforumet.no\/nytte\/er-e-coli-egentlig-sa-farlig\/#respond"]}]},{"@type":"WebPage","@id":"https:\/\/www.webforumet.no\/nytte\/er-e-coli-egentlig-sa-farlig\/","url":"https:\/\/www.webforumet.no\/nytte\/er-e-coli-egentlig-sa-farlig\/","name":">> Er E. coli egentlig s\u00e5 farlig? &lt;&lt;","isPartOf":{"@id":"https:\/\/www.webforumet.no\/nytte\/#website"},"primaryImageOfPage":{"@id":"https:\/\/www.webforumet.no\/nytte\/er-e-coli-egentlig-sa-farlig\/#primaryimage"},"image":{"@id":"https:\/\/www.webforumet.no\/nytte\/er-e-coli-egentlig-sa-farlig\/#primaryimage"},"thumbnailUrl":"https:\/\/www.webforumet.no\/nytte\/wp-content\/uploads\/2015\/05\/e-coli.jpg","datePublished":"2015-05-18T22:22:29+00:00","dateModified":"2023-10-03T22:32:36+00:00","author":{"@id":"https:\/\/www.webforumet.no\/nytte\/#\/schema\/person\/86570d3ef3b26eb66ac9b751ebad9d3a"},"breadcrumb":{"@id":"https:\/\/www.webforumet.no\/nytte\/er-e-coli-egentlig-sa-farlig\/#breadcrumb"},"inLanguage":"nb-NO","potentialAction":[{"@type":"ReadAction","target":["https:\/\/www.webforumet.no\/nytte\/er-e-coli-egentlig-sa-farlig\/"]}]},{"@type":"ImageObject","inLanguage":"nb-NO","@id":"https:\/\/www.webforumet.no\/nytte\/er-e-coli-egentlig-sa-farlig\/#primaryimage","url":"https:\/\/www.webforumet.no\/nytte\/wp-content\/uploads\/2015\/05\/e-coli.jpg","contentUrl":"https:\/\/www.webforumet.no\/nytte\/wp-content\/uploads\/2015\/05\/e-coli.jpg","width":620,"height":413},{"@type":"BreadcrumbList","@id":"https:\/\/www.webforumet.no\/nytte\/er-e-coli-egentlig-sa-farlig\/#breadcrumb","itemListElement":[{"@type":"ListItem","position":1,"name":"Hjem","item":"https:\/\/www.webforumet.no\/nytte\/"},{"@type":"ListItem","position":2,"name":"Er E. coli egentlig s\u00e5 farlig?"}]},{"@type":"WebSite","@id":"https:\/\/www.webforumet.no\/nytte\/#website","url":"https:\/\/www.webforumet.no\/nytte\/","name":"Webforumet.no\/nytte","description":"Nyttige artikler","potentialAction":[{"@type":"SearchAction","target":{"@type":"EntryPoint","urlTemplate":"https:\/\/www.webforumet.no\/nytte\/?s={search_term_string}"},"query-input":{"@type":"PropertyValueSpecification","valueRequired":true,"valueName":"search_term_string"}}],"inLanguage":"nb-NO"},{"@type":"Person","@id":"https:\/\/www.webforumet.no\/nytte\/#\/schema\/person\/86570d3ef3b26eb66ac9b751ebad9d3a","name":"Terje E."}]}},"_links":{"self":[{"href":"https:\/\/www.webforumet.no\/nytte\/wp-json\/wp\/v2\/posts\/5404","targetHints":{"allow":["GET"]}}],"collection":[{"href":"https:\/\/www.webforumet.no\/nytte\/wp-json\/wp\/v2\/posts"}],"about":[{"href":"https:\/\/www.webforumet.no\/nytte\/wp-json\/wp\/v2\/types\/post"}],"author":[{"embeddable":true,"href":"https:\/\/www.webforumet.no\/nytte\/wp-json\/wp\/v2\/users\/1"}],"replies":[{"embeddable":true,"href":"https:\/\/www.webforumet.no\/nytte\/wp-json\/wp\/v2\/comments?post=5404"}],"version-history":[{"count":2,"href":"https:\/\/www.webforumet.no\/nytte\/wp-json\/wp\/v2\/posts\/5404\/revisions"}],"predecessor-version":[{"id":7355,"href":"https:\/\/www.webforumet.no\/nytte\/wp-json\/wp\/v2\/posts\/5404\/revisions\/7355"}],"wp:featuredmedia":[{"embeddable":true,"href":"https:\/\/www.webforumet.no\/nytte\/wp-json\/wp\/v2\/media\/5405"}],"wp:attachment":[{"href":"https:\/\/www.webforumet.no\/nytte\/wp-json\/wp\/v2\/media?parent=5404"}],"wp:term":[{"taxonomy":"category","embeddable":true,"href":"https:\/\/www.webforumet.no\/nytte\/wp-json\/wp\/v2\/categories?post=5404"},{"taxonomy":"post_tag","embeddable":true,"href":"https:\/\/www.webforumet.no\/nytte\/wp-json\/wp\/v2\/tags?post=5404"}],"curies":[{"name":"wp","href":"https:\/\/api.w.org\/{rel}","templated":true}]}}